{"id":2733,"date":"2019-10-01T09:10:06","date_gmt":"2019-10-01T12:10:06","guid":{"rendered":"https:\/\/justicapotiguar.com.br\/?p=2733"},"modified":"2019-10-01T08:34:27","modified_gmt":"2019-10-01T11:34:27","slug":"policial-preso-com-arma-de-uso-restrito-tem-pena-reduzida-pelo-tjrn","status":"publish","type":"post","link":"https:\/\/justicapotiguar.com.br\/index.php\/2019\/10\/01\/policial-preso-com-arma-de-uso-restrito-tem-pena-reduzida-pelo-tjrn\/","title":{"rendered":"Policial preso com arma de uso restrito tem pena reduzida pelo TJRN"},"content":{"rendered":"\n<figure class=\"wp-block-image\"><img loading=\"lazy\" width=\"760\" height=\"506\" src=\"https:\/\/justicapotiguar.com.br\/wp-content\/uploads\/2019\/09\/tiro.jpg\" alt=\"\" class=\"wp-image-2390\" srcset=\"https:\/\/justicapotiguar.com.br\/wp-content\/uploads\/2019\/09\/tiro.jpg 760w, https:\/\/justicapotiguar.com.br\/wp-content\/uploads\/2019\/09\/tiro-300x200.jpg 300w\" sizes=\"(max-width: 760px) 100vw, 760px\" \/><figcaption>Foto: Ilustrativa<\/figcaption><\/figure>\n\n\n\n<p>A C\u00e2mara Criminal do Tribunal de Justi\u00e7a do RN voltou a julgar o caso de um policial preso em flagrante durante abordagem da Pol\u00edcia Militar, pr\u00f3ximo \u00e0 entrada de Patu, com tr\u00eas armas de fogo, sendo uma de uso restrito. Segundo os autos, o acusado tamb\u00e9m disparou em via p\u00fablica, em estado aparente de embriaguez.<\/p>\n\n\n\n<p>\u201cEm que pese o recorrente afirmar que \u00e9 policial e que por isso estava com a arma de fogo regular, tal vers\u00e3o n\u00e3o se sustenta. Isso porque a arma n\u00e3o era a sua funcional ou tampouco se encontrava registrada. O agente, na condi\u00e7\u00e3o de Policial Militar, n\u00e3o pode se furtar de n\u00e3o conhecer a lei ou alegar que possu\u00eda uma concep\u00e7\u00e3o err\u00f4nea da realidade, justificado pelo fato de ser um agente que possui a fun\u00e7\u00e3o de impedir e reprimir condutas criminosas\u201d, enfatiza o voto na C\u00e2mara.<\/p>\n\n\n\n<p>O flagrante resultou em uma condena\u00e7\u00e3o na primeira inst\u00e2ncia de tr\u00eas anos e seis meses de reclus\u00e3o, al\u00e9m de 68 dias-multa, substitu\u00edda por duas penas restritivas de direito.<\/p><div class=\"cynhw69ef125e3eed6\" ><!--<a href=\"https:\/\/bit.ly\/3QdrqTZ\" target=\"_blank\">\n<img src=\"https:\/\/justicapotiguar.com.br\/wp-content\/uploads\/2023\/09\/mobile-geral.gif\"\/><a\/>--><\/div><style type=\"text\/css\">\r\n.cynhw69ef125e3eed6 {\r\ntext-align: center;\r\n}\r\n@media screen and (min-width: 1201px) {\r\n.cynhw69ef125e3eed6 {\r\ndisplay: none;\r\n}\r\n}\r\n@media screen and (min-width: 993px) and (max-width: 1200px) {\r\n.cynhw69ef125e3eed6 {\r\ndisplay: none;\r\n}\r\n}\r\n@media screen and (min-width: 769px) and (max-width: 992px) {\r\n.cynhw69ef125e3eed6 {\r\ndisplay: none;\r\n}\r\n}\r\n@media screen and (min-width: 768px) and (max-width: 768px) {\r\n.cynhw69ef125e3eed6 {\r\ndisplay: block;\r\n}\r\n}\r\n@media screen and (max-width: 767px) {\r\n.cynhw69ef125e3eed6 {\r\ndisplay: block;\r\n}\r\n}\r\n<\/style>\r\n<div class=\"igxmw69ef125e3eeba\" ><!--<a href=\"https:\/\/bit.ly\/3QdrqTZ\" target=\"_blank\">\n<img src=\"https:\/\/justicapotiguar.com.br\/wp-content\/uploads\/2023\/09\/desktop-geral.gif\"\/><a\/>--><\/div><style type=\"text\/css\">\r\n.igxmw69ef125e3eeba {\r\ntext-align: center;\nmargin-bottom: 1em;\r\n}\r\n@media screen and (min-width: 1201px) {\r\n.igxmw69ef125e3eeba {\r\ndisplay: block;\r\n}\r\n}\r\n@media screen and (min-width: 993px) and (max-width: 1200px) {\r\n.igxmw69ef125e3eeba {\r\ndisplay: block;\r\n}\r\n}\r\n@media screen and (min-width: 769px) and (max-width: 992px) {\r\n.igxmw69ef125e3eeba {\r\ndisplay: block;\r\n}\r\n}\r\n@media screen and (min-width: 768px) and (max-width: 768px) {\r\n.igxmw69ef125e3eeba {\r\ndisplay: none;\r\n}\r\n}\r\n@media screen and (max-width: 767px) {\r\n.igxmw69ef125e3eeba {\r\ndisplay: none;\r\n}\r\n}\r\n<\/style>\r\n\n\n\n\n<p>Ao analisarem as condi\u00e7\u00f5es t\u00e9cnicas previstas no Decreto 9.847\/19, que deu nova regulamenta\u00e7\u00e3o ao Estatuto do Desarmamento, os desembargadores destacaram que a arma identificada inicialmente como de uso restrito inicialmente, n\u00e3o poderia ser classificada de tal modo, diante das especificidades exigidas no dispositivo legal, o que resulta na desclassifica\u00e7\u00e3o da conduta para o artigo 14 da Lei 10.826\/03 (porte ilegal de arma de fogo de uso permitido).<\/p>\n\n\n\n<p>Assim, o colegiado decidiu reduzir a pena de pris\u00e3o do agente de seguran\u00e7a p\u00fablica para dois anos e quatro meses de reclus\u00e3o e 68 dias-multa, substituindo-a por duas restritivas de direito (artigo 44, do C\u00f3digo Penal), a serem definidas pelo Ju\u00edzo execut\u00f3rio.<\/p>\n","protected":false},"excerpt":{"rendered":"<p>O flagrante resultou em uma condena\u00e7\u00e3o na primeira inst\u00e2ncia de tr\u00eas anos e seis meses de reclus\u00e3o<br \/><a class=\"more-link\" href=\"https:\/\/justicapotiguar.com.br\/index.php\/2019\/10\/01\/policial-preso-com-arma-de-uso-restrito-tem-pena-reduzida-pelo-tjrn\/\">Mais&#8230;<\/a><\/p>\n","protected":false},"author":5,"featured_media":2390,"comment_status":"open","ping_status":"open","sticky":false,"template":"","format":"standard","meta":[],"categories":[3],"tags":[692,694,693],"_links":{"self":[{"href":"https:\/\/justicapotiguar.com.br\/index.php\/wp-json\/wp\/v2\/posts\/2733"}],"collection":[{"href":"https:\/\/justicapotiguar.com.br\/index.php\/wp-json\/wp\/v2\/posts"}],"about":[{"href":"https:\/\/justicapotiguar.com.br\/index.php\/wp-json\/wp\/v2\/types\/post"}],"author":[{"embeddable":true,"href":"https:\/\/justicapotiguar.com.br\/index.php\/wp-json\/wp\/v2\/users\/5"}],"replies":[{"embeddable":true,"href":"https:\/\/justicapotiguar.com.br\/index.php\/wp-json\/wp\/v2\/comments?post=2733"}],"version-history":[{"count":1,"href":"https:\/\/justicapotiguar.com.br\/index.php\/wp-json\/wp\/v2\/posts\/2733\/revisions"}],"predecessor-version":[{"id":2734,"href":"https:\/\/justicapotiguar.com.br\/index.php\/wp-json\/wp\/v2\/posts\/2733\/revisions\/2734"}],"wp:featuredmedia":[{"embeddable":true,"href":"https:\/\/justicapotiguar.com.br\/index.php\/wp-json\/wp\/v2\/media\/2390"}],"wp:attachment":[{"href":"https:\/\/justicapotiguar.com.br\/index.php\/wp-json\/wp\/v2\/media?parent=2733"}],"wp:term":[{"taxonomy":"category","embeddable":true,"href":"https:\/\/justicapotiguar.com.br\/index.php\/wp-json\/wp\/v2\/categories?post=2733"},{"taxonomy":"post_tag","embeddable":true,"href":"https:\/\/justicapotiguar.com.br\/index.php\/wp-json\/wp\/v2\/tags?post=2733"}],"curies":[{"name":"wp","href":"https:\/\/api.w.org\/{rel}","templated":true}]}}