{"id":2730,"date":"2019-10-01T08:20:54","date_gmt":"2019-10-01T11:20:54","guid":{"rendered":"https:\/\/justicapotiguar.com.br\/?p=2730"},"modified":"2019-10-02T14:43:50","modified_gmt":"2019-10-02T17:43:50","slug":"caso-queiroz-gilmar-mendes-suspende-investigacao-do-mp-rj-contra-flavio-bolsonaro","status":"publish","type":"post","link":"https:\/\/justicapotiguar.com.br\/index.php\/2019\/10\/01\/caso-queiroz-gilmar-mendes-suspende-investigacao-do-mp-rj-contra-flavio-bolsonaro\/","title":{"rendered":"CASO QUEIROZ: Gilmar Mendes suspende investiga\u00e7\u00e3o do MP-RJ contra Fl\u00e1vio Bolsonaro"},"content":{"rendered":"\n<figure class=\"wp-block-image\"><img loading=\"lazy\" width=\"652\" height=\"408\" src=\"https:\/\/justicapotiguar.com.br\/wp-content\/uploads\/2019\/10\/425loczmh0wxcfa2vv2fr4rl4.jpg\" alt=\"\" class=\"wp-image-2731\" srcset=\"https:\/\/justicapotiguar.com.br\/wp-content\/uploads\/2019\/10\/425loczmh0wxcfa2vv2fr4rl4.jpg 652w, https:\/\/justicapotiguar.com.br\/wp-content\/uploads\/2019\/10\/425loczmh0wxcfa2vv2fr4rl4-300x188.jpg 300w\" sizes=\"(max-width: 652px) 100vw, 652px\" \/><figcaption>Foto: Reprodu\u00e7\u00e3o<\/figcaption><\/figure>\n\n\n\n<p>O ministro Gilmar Mendes, do Supremo Tribunal Federal, determinou a suspens\u00e3o de todos os processos que envolvem&nbsp;a quebra do sigilo do senador Fl\u00e1vio Bolsonaro (PSL-RJ) no caso Queiroz. A decis\u00e3o \u00e9 do \u00faltimo dia 27.&nbsp;<\/p>\n\n\n\n<p>A determina\u00e7\u00e3o do ministro vale somente&nbsp;em rela\u00e7\u00e3o ao primog\u00eanito do presidente Jair Bolsonaro&nbsp;at\u00e9 o julgamento final, pelo STF, do tema 990 da repercuss\u00e3o geral, pautado para 21 de novembro deste ano.&nbsp;<\/p>\n\n\n\n<p>Gilmar lembrou da&nbsp;<a href=\"https:\/\/www.conjur.com.br\/2019-jul-19\/leia-decisao-toffoli-suspendeu-processos-dados-coaf\" target=\"_blank\" rel=\"noreferrer noopener\">decis\u00e3o<\/a>&nbsp;do presidente da Corte, ministro Dias Toffoli, que determinou que a suspens\u00e3o nacional sobre as m\u00faltiplas demandas em que se discute a forma de transfer\u00eancia, para fins penais, de dados obtidos por \u00f3rg\u00e3os administrativos de fiscaliza\u00e7\u00e3o e controle \u2014incluindo a Receita Federal, o Coaf e o Bacen.&nbsp;&nbsp;<\/p>\n\n\n\n<p>&#8220;A decis\u00e3o paradigma ordenou a suspens\u00e3o do processamento de todos os processos judiciais em andamento, que tramitem no territ\u00f3rio nacional e versem sobre o Tema 990 da Gest\u00e3o por Temas da Repercuss\u00e3o Geral&nbsp;e ainda de &#8216;todos os inqu\u00e9ritos e procedimentos de investiga\u00e7\u00e3o criminal (PIC\u2019s), atinentes aos Minist\u00e9rios P\u00fablicos Federal e estaduais, em tr\u00e2mite no territ\u00f3rio nacional, que foram instaurados \u00e0 m\u00edngua de supervis\u00e3o do Poder Judici\u00e1rio e de sua pr\u00e9via autoriza\u00e7\u00e3o sobre os dados compartilhados'&#8221;, disse.&nbsp;<\/p>\n\n\n\n<p>Gilmar citou ainda um e-mail enviado pelo Minist\u00e9rio P\u00fablico do Rio de Janeiro, datado de 14 de dezembro de 2018, no qual a Promotoria&nbsp;solicita ao Conselho de Controle de Atividades Financeiras mais informa\u00e7\u00f5es sem pr\u00e9via autoriza\u00e7\u00e3o judicial.<\/p>\n\n\n\n<p>\u201cRessalta-se que, ao inv\u00e9s de solicitar autoriza\u00e7\u00e3o judicial para a quebra dos sigilos fiscais e banc\u00e1rios do reclamante, o MP estadual requereu diretamente ao Coaf, por e-mail, informa\u00e7\u00f5es sigilosas, sem a devida autoriza\u00e7\u00e3o judicial, de modo a nitidamente ultrapassar as balizas objetivas determinadas na decis\u00e3o paradigma\u201d, observou o ministro.<\/p><div class=\"yltgn69ef38a402711\" ><!--<a href=\"https:\/\/bit.ly\/3QdrqTZ\" target=\"_blank\">\n<img src=\"https:\/\/justicapotiguar.com.br\/wp-content\/uploads\/2023\/09\/mobile-geral.gif\"\/><a\/>--><\/div><style type=\"text\/css\">\r\n.yltgn69ef38a402711 {\r\ntext-align: center;\r\n}\r\n@media screen and (min-width: 1201px) {\r\n.yltgn69ef38a402711 {\r\ndisplay: none;\r\n}\r\n}\r\n@media screen and (min-width: 993px) and (max-width: 1200px) {\r\n.yltgn69ef38a402711 {\r\ndisplay: none;\r\n}\r\n}\r\n@media screen and (min-width: 769px) and (max-width: 992px) {\r\n.yltgn69ef38a402711 {\r\ndisplay: none;\r\n}\r\n}\r\n@media screen and (min-width: 768px) and (max-width: 768px) {\r\n.yltgn69ef38a402711 {\r\ndisplay: block;\r\n}\r\n}\r\n@media screen and (max-width: 767px) {\r\n.yltgn69ef38a402711 {\r\ndisplay: block;\r\n}\r\n}\r\n<\/style>\r\n<div class=\"hvwaj69ef38a4026f3\" ><!--<a href=\"https:\/\/bit.ly\/3QdrqTZ\" target=\"_blank\">\n<img src=\"https:\/\/justicapotiguar.com.br\/wp-content\/uploads\/2023\/09\/desktop-geral.gif\"\/><a\/>--><\/div><style type=\"text\/css\">\r\n.hvwaj69ef38a4026f3 {\r\ntext-align: center;\nmargin-bottom: 1em;\r\n}\r\n@media screen and (min-width: 1201px) {\r\n.hvwaj69ef38a4026f3 {\r\ndisplay: block;\r\n}\r\n}\r\n@media screen and (min-width: 993px) and (max-width: 1200px) {\r\n.hvwaj69ef38a4026f3 {\r\ndisplay: block;\r\n}\r\n}\r\n@media screen and (min-width: 769px) and (max-width: 992px) {\r\n.hvwaj69ef38a4026f3 {\r\ndisplay: block;\r\n}\r\n}\r\n@media screen and (min-width: 768px) and (max-width: 768px) {\r\n.hvwaj69ef38a4026f3 {\r\ndisplay: none;\r\n}\r\n}\r\n@media screen and (max-width: 767px) {\r\n.hvwaj69ef38a4026f3 {\r\ndisplay: none;\r\n}\r\n}\r\n<\/style>\r\n\n\n\n\n<p>O ministro ainda determinou que, \u201cdiante da gravidade dos fatos\u201d, envolvendo a troca de e-mails entre o MP do Rio e o Coaf envolvendo a quebra \u201cindevida\u201d do sigilo de Fl\u00e1vio, o Conselho Nacional do Minist\u00e9rio P\u00fablico (CNMP) apure a responsabilidade funcional de membros do MP no epis\u00f3dio.<\/p>\n\n\n\n<p>A decis\u00e3o atende a pedido do advogado de Fl\u00e1vio,&nbsp;<strong>Frederick Wassef<\/strong>, que esteve reunido com o presidente Jair Bolsonaro no Pal\u00e1cio da&nbsp;Alvorada&nbsp;no \u00faltimo s\u00e1bado (28).<\/p>\n\n\n\n<p>O Minist\u00e9rio P\u00fablico do Rio investiga um suposto esquema de repasse de sal\u00e1rios de servidores ao chefe de gabinete, por meio do ent\u00e3o assessor Fabr\u00edcio Queiroz, quando Fl\u00e1vio ainda era deputado estadual na Assembleia Legislativa do Rio de Janeiro.<\/p>\n\n\n\n<p><strong>Reclama\u00e7\u00e3o<\/strong><br>A a\u00e7\u00e3o de Bolsonaro questiona ato de desembargador do Tribunal de Justi\u00e7a do Rio de Janeiro. Segundo ele, ap\u00f3s decis\u00e3o de Toffoli, providenciou a juntada da referida decis\u00e3o junto a outras a\u00e7\u00f5es semelhantes do tribunal.&nbsp;<\/p>\n\n\n\n<p>&#8220;Apesar de o Procedimento de Investiga\u00e7\u00e3o Criminal e os Processos judiciais referidos versarem sobre o tema 990 da sistem\u00e1tica da repercuss\u00e3o geral e se enquadrarem na hip\u00f3tese da decis\u00e3o, eles n\u00e3o foram devidamente suspensos, restando descumprida a decis\u00e3o-paradigma&#8221;, disse em trecho da reclama\u00e7\u00e3o analisada.\u00a0<\/p>\n\n\n\n<p><strong>Conjur<\/strong><\/p>\n","protected":false},"excerpt":{"rendered":"<p>Gilmar lembrou da decis\u00e3o do presidente da Corte, ministro Dias Toffoli, que determinou que a suspens\u00e3o nacional sobre as m\u00faltiplas demandas<br \/><a class=\"more-link\" href=\"https:\/\/justicapotiguar.com.br\/index.php\/2019\/10\/01\/caso-queiroz-gilmar-mendes-suspende-investigacao-do-mp-rj-contra-flavio-bolsonaro\/\">Mais&#8230;<\/a><\/p>\n","protected":false},"author":5,"featured_media":2731,"comment_status":"open","ping_status":"open","sticky":false,"template":"","format":"standard","meta":[],"categories":[3],"tags":[691,689,690],"_links":{"self":[{"href":"https:\/\/justicapotiguar.com.br\/index.php\/wp-json\/wp\/v2\/posts\/2730"}],"collection":[{"href":"https:\/\/justicapotiguar.com.br\/index.php\/wp-json\/wp\/v2\/posts"}],"about":[{"href":"https:\/\/justicapotiguar.com.br\/index.php\/wp-json\/wp\/v2\/types\/post"}],"author":[{"embeddable":true,"href":"https:\/\/justicapotiguar.com.br\/index.php\/wp-json\/wp\/v2\/users\/5"}],"replies":[{"embeddable":true,"href":"https:\/\/justicapotiguar.com.br\/index.php\/wp-json\/wp\/v2\/comments?post=2730"}],"version-history":[{"count":1,"href":"https:\/\/justicapotiguar.com.br\/index.php\/wp-json\/wp\/v2\/posts\/2730\/revisions"}],"predecessor-version":[{"id":2732,"href":"https:\/\/justicapotiguar.com.br\/index.php\/wp-json\/wp\/v2\/posts\/2730\/revisions\/2732"}],"wp:featuredmedia":[{"embeddable":true,"href":"https:\/\/justicapotiguar.com.br\/index.php\/wp-json\/wp\/v2\/media\/2731"}],"wp:attachment":[{"href":"https:\/\/justicapotiguar.com.br\/index.php\/wp-json\/wp\/v2\/media?parent=2730"}],"wp:term":[{"taxonomy":"category","embeddable":true,"href":"https:\/\/justicapotiguar.com.br\/index.php\/wp-json\/wp\/v2\/categories?post=2730"},{"taxonomy":"post_tag","embeddable":true,"href":"https:\/\/justicapotiguar.com.br\/index.php\/wp-json\/wp\/v2\/tags?post=2730"}],"curies":[{"name":"wp","href":"https:\/\/api.w.org\/{rel}","templated":true}]}}