{"id":27288,"date":"2022-07-23T08:16:00","date_gmt":"2022-07-23T11:16:00","guid":{"rendered":"https:\/\/justicapotiguar.com.br\/?p=27288"},"modified":"2022-07-23T09:21:08","modified_gmt":"2022-07-23T12:21:08","slug":"mp-arquiva-inquerito-sobre-o-caso-dos-respiradores","status":"publish","type":"post","link":"https:\/\/justicapotiguar.com.br\/index.php\/2022\/07\/23\/mp-arquiva-inquerito-sobre-o-caso-dos-respiradores\/","title":{"rendered":"MP arquiva inqu\u00e9rito contra F\u00e1tima sobre o caso dos respiradores"},"content":{"rendered":"\n<figure class=\"wp-block-image size-large\"><img loading=\"lazy\" width=\"945\" height=\"462\" src=\"https:\/\/justicapotiguar.com.br\/wp-content\/uploads\/2020\/03\/respirador-artificial.jpeg\" alt=\"\" class=\"wp-image-8113\" srcset=\"https:\/\/justicapotiguar.com.br\/wp-content\/uploads\/2020\/03\/respirador-artificial.jpeg 945w, https:\/\/justicapotiguar.com.br\/wp-content\/uploads\/2020\/03\/respirador-artificial-300x147.jpeg 300w, https:\/\/justicapotiguar.com.br\/wp-content\/uploads\/2020\/03\/respirador-artificial-768x375.jpeg 768w\" sizes=\"(max-width: 945px) 100vw, 945px\" \/><figcaption>Reprodu\u00e7\u00e3o<\/figcaption><\/figure>\n\n\n\n<p>A Procuradoria-geral de Justi\u00e7a do Rio Grande do Norte decidiu promover o arquivamento do inqu\u00e9rito civil que visava apurar poss\u00edveis irregularidades na compra conjunta pelo Governo do Estado do Rio Grande do Norte, atrav\u00e9s do \u201cCons\u00f3rcio Nordeste\u201d, de&nbsp;<a rel=\"noreferrer noopener\" href=\"http:\/\/www.tribunadonorte.com.br\/noticia\/secreta-rio-tenta-explicar-pagamento-por-respiradores\/483848\" target=\"_blank\">respiradores que n\u00e3o foram entregues<\/a>. Essa investiga\u00e7\u00e3o foi instaurada em 23 de novembro de 2020 e, por envolver a governadora F\u00e1tima Bezerra, foi atribu\u00edda \u00e0 procuradora-geral de Justi\u00e7a, Elaine Cardoso de Matos Novais Teixeira.<br>Na decis\u00e3o de arquivamento, a procuradora afirma &#8211; ap\u00f3s a investiga\u00e7\u00e3o &#8211; que n\u00e3o ficou demonstrado \u201cque a gestora estadual, governadora Maria de F\u00e1tima Bezerra, n\u00e3o tinha conhecimento pr\u00e9vio acerca da inten\u00e7\u00e3o da empresa Hempcare Pharma Representa\u00e7\u00f5es LTDA em n\u00e3o fornecer os ventiladores contratados. O governo do RN usou cerca de R$ 5 milh\u00f5es para comprar 30 respiradores que nunca foram entregues. Parte desse dinheiro foi bloqueado pela Justi\u00e7a&nbsp;para ser devolvido ao Estado.<\/p><div class=\"cifpi69f120a108942\" ><!--<a href=\"https:\/\/bit.ly\/3QdrqTZ\" target=\"_blank\">\n<img src=\"https:\/\/justicapotiguar.com.br\/wp-content\/uploads\/2023\/09\/mobile-geral.gif\"\/><a\/>--><\/div><style type=\"text\/css\">\r\n.cifpi69f120a108942 {\r\ntext-align: center;\r\n}\r\n@media screen and (min-width: 1201px) {\r\n.cifpi69f120a108942 {\r\ndisplay: none;\r\n}\r\n}\r\n@media screen and (min-width: 993px) and (max-width: 1200px) {\r\n.cifpi69f120a108942 {\r\ndisplay: none;\r\n}\r\n}\r\n@media screen and (min-width: 769px) and (max-width: 992px) {\r\n.cifpi69f120a108942 {\r\ndisplay: none;\r\n}\r\n}\r\n@media screen and (min-width: 768px) and (max-width: 768px) {\r\n.cifpi69f120a108942 {\r\ndisplay: block;\r\n}\r\n}\r\n@media screen and (max-width: 767px) {\r\n.cifpi69f120a108942 {\r\ndisplay: block;\r\n}\r\n}\r\n<\/style>\r\n<div class=\"aegbg69f120a108927\" ><!--<a href=\"https:\/\/bit.ly\/3QdrqTZ\" target=\"_blank\">\n<img src=\"https:\/\/justicapotiguar.com.br\/wp-content\/uploads\/2023\/09\/desktop-geral.gif\"\/><a\/>--><\/div><style type=\"text\/css\">\r\n.aegbg69f120a108927 {\r\ntext-align: center;\nmargin-bottom: 1em;\r\n}\r\n@media screen and (min-width: 1201px) {\r\n.aegbg69f120a108927 {\r\ndisplay: block;\r\n}\r\n}\r\n@media screen and (min-width: 993px) and (max-width: 1200px) {\r\n.aegbg69f120a108927 {\r\ndisplay: block;\r\n}\r\n}\r\n@media screen and (min-width: 769px) and (max-width: 992px) {\r\n.aegbg69f120a108927 {\r\ndisplay: block;\r\n}\r\n}\r\n@media screen and (min-width: 768px) and (max-width: 768px) {\r\n.aegbg69f120a108927 {\r\ndisplay: none;\r\n}\r\n}\r\n@media screen and (max-width: 767px) {\r\n.aegbg69f120a108927 {\r\ndisplay: none;\r\n}\r\n}\r\n<\/style>\r\n\n\n\n\n<p>Tribuna do Norte<\/p>\n","protected":false},"excerpt":{"rendered":"<p>A Procuradoria-geral de Justi\u00e7a do Rio Grande do Norte decidiu promover o arquivamento do inqu\u00e9rito civil que visava apurar poss\u00edveis irregularidades na compra conjunta pelo Governo do Estado do Rio Grande do Norte, atrav\u00e9s do \u201cCons\u00f3rcio Nordeste\u201d, de&nbsp;respiradores que n\u00e3o foram entregues. Essa investiga\u00e7\u00e3o foi instaurada em 23 de novembro de 2020 e, por envolver<br \/><a class=\"more-link\" href=\"https:\/\/justicapotiguar.com.br\/index.php\/2022\/07\/23\/mp-arquiva-inquerito-sobre-o-caso-dos-respiradores\/\">Mais&#8230;<\/a><\/p>\n","protected":false},"author":5,"featured_media":0,"comment_status":"open","ping_status":"open","sticky":false,"template":"","format":"standard","meta":[],"categories":[1],"tags":[],"_links":{"self":[{"href":"https:\/\/justicapotiguar.com.br\/index.php\/wp-json\/wp\/v2\/posts\/27288"}],"collection":[{"href":"https:\/\/justicapotiguar.com.br\/index.php\/wp-json\/wp\/v2\/posts"}],"about":[{"href":"https:\/\/justicapotiguar.com.br\/index.php\/wp-json\/wp\/v2\/types\/post"}],"author":[{"embeddable":true,"href":"https:\/\/justicapotiguar.com.br\/index.php\/wp-json\/wp\/v2\/users\/5"}],"replies":[{"embeddable":true,"href":"https:\/\/justicapotiguar.com.br\/index.php\/wp-json\/wp\/v2\/comments?post=27288"}],"version-history":[{"count":3,"href":"https:\/\/justicapotiguar.com.br\/index.php\/wp-json\/wp\/v2\/posts\/27288\/revisions"}],"predecessor-version":[{"id":27291,"href":"https:\/\/justicapotiguar.com.br\/index.php\/wp-json\/wp\/v2\/posts\/27288\/revisions\/27291"}],"wp:attachment":[{"href":"https:\/\/justicapotiguar.com.br\/index.php\/wp-json\/wp\/v2\/media?parent=27288"}],"wp:term":[{"taxonomy":"category","embeddable":true,"href":"https:\/\/justicapotiguar.com.br\/index.php\/wp-json\/wp\/v2\/categories?post=27288"},{"taxonomy":"post_tag","embeddable":true,"href":"https:\/\/justicapotiguar.com.br\/index.php\/wp-json\/wp\/v2\/tags?post=27288"}],"curies":[{"name":"wp","href":"https:\/\/api.w.org\/{rel}","templated":true}]}}