{"id":27262,"date":"2022-07-21T10:32:00","date_gmt":"2022-07-21T13:32:00","guid":{"rendered":"https:\/\/justicapotiguar.com.br\/?p=27262"},"modified":"2022-07-21T09:10:53","modified_gmt":"2022-07-21T12:10:53","slug":"covid-19-justica-garante-vacinacao-domiciliar-de-pessoas-com-deficiencia-em-natal","status":"publish","type":"post","link":"https:\/\/justicapotiguar.com.br\/index.php\/2022\/07\/21\/covid-19-justica-garante-vacinacao-domiciliar-de-pessoas-com-deficiencia-em-natal\/","title":{"rendered":"Covid-19: Justi\u00e7a garante vacina\u00e7\u00e3o domiciliar de pessoas com defici\u00eancia em Natal"},"content":{"rendered":"\n<figure class=\"wp-block-image size-large\"><img loading=\"lazy\" width=\"355\" height=\"254\" src=\"https:\/\/justicapotiguar.com.br\/wp-content\/uploads\/2021\/01\/vacinacao.jpeg\" alt=\"\" class=\"wp-image-16057\" srcset=\"https:\/\/justicapotiguar.com.br\/wp-content\/uploads\/2021\/01\/vacinacao.jpeg 355w, https:\/\/justicapotiguar.com.br\/wp-content\/uploads\/2021\/01\/vacinacao-300x215.jpeg 300w\" sizes=\"(max-width: 355px) 100vw, 355px\" \/><figcaption>Ilustrativa<\/figcaption><\/figure>\n\n\n\n<p>A Defensoria P\u00fablica do Estado do Rio Grande do Norte (DPE\/RN) e o Minist\u00e9rio P\u00fablico do Estado do Rio Grande do Norte (MPRN) conquistaram decis\u00e3o judicial no sentido de garantir o amplo direito \u00e0 vacina\u00e7\u00e3o para pessoas com defici\u00eancia que estejam acamadas ou domiciliados no Munic\u00edpio de Natal. A decis\u00e3o registra que deve ser ofertada op\u00e7\u00e3o de cadastramento virtual e presencial para o p\u00fablico sem exig\u00eancia de laudos m\u00e9dicos. O cumprimento da medida deve ser comprovado nos autos em 20 dias.<\/p>\n\n\n\n<p>A decis\u00e3o judicial foi tomada dentro de uma A\u00e7\u00e3o Civil P\u00fablica aberta pela DPE\/RN e MPRN visando a ampla vacina\u00e7\u00e3o das pessoas com defici\u00eancia acamadas e\/ou domiciliadas. De acordo com o relatado na a\u00e7\u00e3o, \u201cn\u00e3o h\u00e1 not\u00edcia, at\u00e9 o presente momento, quanto \u00e0 cria\u00e7\u00e3o, por parte do Munic\u00edpio de Natal, de cadastro para vacina\u00e7\u00e3o de pessoas com defici\u00eancia acamadas, seja na forma on-line, seja por meio das unidades b\u00e1sicas de sa\u00fade, para a aplica\u00e7\u00e3o em domic\u00edlio da dose de refor\u00e7o (D3) contra a Covid-19\u201d. O texto registra ainda que a Prefeitura mant\u00e9m, atualmente, um cadastro virtual para vacina\u00e7\u00e3o apenas de idosos acamados e\/ou domiciliados e com exig\u00eancia de apresenta\u00e7\u00e3o de laudo m\u00e9dico.<\/p>\n\n\n\n<p>\u201cAinda no ano de 2021, constatou-se que o Munic\u00edpio do Natal vem impondo obst\u00e1culos \u00e0 vacina\u00e7\u00e3o das pessoas idosas e pessoas com defici\u00eancia que se encontram acamadas\/restritas ao leito, uma vez que exigem, para fins de deslocamento de equipe de vacinadores, a efetiva\u00e7\u00e3o de um cadastro no s\u00edtio eletr\u00f4nico&nbsp;<a href=\"http:\/\/www.vacina.natal.rn.gov.br\/\" target=\"_blank\" rel=\"noreferrer noopener\">www.vacina.natal.rn.gov.br<\/a>, com obrigatoriedade de inclus\u00e3o de um laudo m\u00e9dico comprobat\u00f3rio da situa\u00e7\u00e3o, n\u00e3o aparecendo a oportunidade de cadastro sequer para esse \u00faltimo grupo de pessoas (com defici\u00eancia)\u201d, registra a ACP.<\/p><div class=\"xqbcs69f1274406243\" ><!--<a href=\"https:\/\/bit.ly\/3QdrqTZ\" target=\"_blank\">\n<img src=\"https:\/\/justicapotiguar.com.br\/wp-content\/uploads\/2023\/09\/mobile-geral.gif\"\/><a\/>--><\/div><style type=\"text\/css\">\r\n.xqbcs69f1274406243 {\r\ntext-align: center;\r\n}\r\n@media screen and (min-width: 1201px) {\r\n.xqbcs69f1274406243 {\r\ndisplay: none;\r\n}\r\n}\r\n@media screen and (min-width: 993px) and (max-width: 1200px) {\r\n.xqbcs69f1274406243 {\r\ndisplay: none;\r\n}\r\n}\r\n@media screen and (min-width: 769px) and (max-width: 992px) {\r\n.xqbcs69f1274406243 {\r\ndisplay: none;\r\n}\r\n}\r\n@media screen and (min-width: 768px) and (max-width: 768px) {\r\n.xqbcs69f1274406243 {\r\ndisplay: block;\r\n}\r\n}\r\n@media screen and (max-width: 767px) {\r\n.xqbcs69f1274406243 {\r\ndisplay: block;\r\n}\r\n}\r\n<\/style>\r\n<div class=\"ugmbm69f127440621f\" ><!--<a href=\"https:\/\/bit.ly\/3QdrqTZ\" target=\"_blank\">\n<img src=\"https:\/\/justicapotiguar.com.br\/wp-content\/uploads\/2023\/09\/desktop-geral.gif\"\/><a\/>--><\/div><style type=\"text\/css\">\r\n.ugmbm69f127440621f {\r\ntext-align: center;\nmargin-bottom: 1em;\r\n}\r\n@media screen and (min-width: 1201px) {\r\n.ugmbm69f127440621f {\r\ndisplay: block;\r\n}\r\n}\r\n@media screen and (min-width: 993px) and (max-width: 1200px) {\r\n.ugmbm69f127440621f {\r\ndisplay: block;\r\n}\r\n}\r\n@media screen and (min-width: 769px) and (max-width: 992px) {\r\n.ugmbm69f127440621f {\r\ndisplay: block;\r\n}\r\n}\r\n@media screen and (min-width: 768px) and (max-width: 768px) {\r\n.ugmbm69f127440621f {\r\ndisplay: none;\r\n}\r\n}\r\n@media screen and (max-width: 767px) {\r\n.ugmbm69f127440621f {\r\ndisplay: none;\r\n}\r\n}\r\n<\/style>\r\n\n\n\n\n<p>A obrigatoriedade de apresenta\u00e7\u00e3o de um lado m\u00e9dico se mostra, segundo defendido pelos \u00f3rg\u00e3os, como um fator de dificuldade para a garantia da vacina\u00e7\u00e3o. DPE\/RN e MPRN chegaram a emitir uma recomenda\u00e7\u00e3o pelo fim da exig\u00eancia, mas o documento n\u00e3o teve acolhimento por parte da Secretaria Municipal de Sa\u00fade. O entendimento dos \u00f3rg\u00e3os foi acatado pelo ju\u00edzo que determinou ao Munic\u00edpio o fim da exig\u00eancia do documento e abertura do cadastro virtual e presencial de forma a contemplar tamb\u00e9m as pessoas com defici\u00eancia e que estejam acamadas ou domiciliadas.<\/p>\n\n\n\n<p>A decis\u00e3o fixa ainda que o Munic\u00edpio de Natal deve apresentar \u201ca rela\u00e7\u00e3o nominal de todas as pessoas idosas ou com defici\u00eancia acamadas e\/ou domiciliadas que tenham recebido a D1 do imunizante contra a Covid-19, bem como a indica\u00e7\u00e3o da aplica\u00e7\u00e3o da D2 e\/ou D3 ou a justificativa para a aus\u00eancia de completude do ciclo vacinal\u201d.<\/p>\n","protected":false},"excerpt":{"rendered":"<p>A Defensoria P\u00fablica do Estado do Rio Grande do Norte (DPE\/RN) e o Minist\u00e9rio P\u00fablico do Estado do Rio Grande do Norte (MPRN) conquistaram decis\u00e3o judicial no sentido de garantir o amplo direito \u00e0 vacina\u00e7\u00e3o para pessoas com defici\u00eancia que estejam acamadas ou domiciliados no Munic\u00edpio de Natal. A decis\u00e3o registra que deve ser ofertada<br \/><a class=\"more-link\" href=\"https:\/\/justicapotiguar.com.br\/index.php\/2022\/07\/21\/covid-19-justica-garante-vacinacao-domiciliar-de-pessoas-com-deficiencia-em-natal\/\">Mais&#8230;<\/a><\/p>\n","protected":false},"author":5,"featured_media":0,"comment_status":"open","ping_status":"open","sticky":false,"template":"","format":"standard","meta":[],"categories":[1],"tags":[],"_links":{"self":[{"href":"https:\/\/justicapotiguar.com.br\/index.php\/wp-json\/wp\/v2\/posts\/27262"}],"collection":[{"href":"https:\/\/justicapotiguar.com.br\/index.php\/wp-json\/wp\/v2\/posts"}],"about":[{"href":"https:\/\/justicapotiguar.com.br\/index.php\/wp-json\/wp\/v2\/types\/post"}],"author":[{"embeddable":true,"href":"https:\/\/justicapotiguar.com.br\/index.php\/wp-json\/wp\/v2\/users\/5"}],"replies":[{"embeddable":true,"href":"https:\/\/justicapotiguar.com.br\/index.php\/wp-json\/wp\/v2\/comments?post=27262"}],"version-history":[{"count":1,"href":"https:\/\/justicapotiguar.com.br\/index.php\/wp-json\/wp\/v2\/posts\/27262\/revisions"}],"predecessor-version":[{"id":27263,"href":"https:\/\/justicapotiguar.com.br\/index.php\/wp-json\/wp\/v2\/posts\/27262\/revisions\/27263"}],"wp:attachment":[{"href":"https:\/\/justicapotiguar.com.br\/index.php\/wp-json\/wp\/v2\/media?parent=27262"}],"wp:term":[{"taxonomy":"category","embeddable":true,"href":"https:\/\/justicapotiguar.com.br\/index.php\/wp-json\/wp\/v2\/categories?post=27262"},{"taxonomy":"post_tag","embeddable":true,"href":"https:\/\/justicapotiguar.com.br\/index.php\/wp-json\/wp\/v2\/tags?post=27262"}],"curies":[{"name":"wp","href":"https:\/\/api.w.org\/{rel}","templated":true}]}}