{"id":27088,"date":"2022-07-11T10:33:00","date_gmt":"2022-07-11T13:33:00","guid":{"rendered":"https:\/\/justicapotiguar.com.br\/?p=27088"},"modified":"2022-07-11T09:34:34","modified_gmt":"2022-07-11T12:34:34","slug":"oab-rn-comemora-retomada-de-pagamentos-de-precatorios-do-tj","status":"publish","type":"post","link":"https:\/\/justicapotiguar.com.br\/index.php\/2022\/07\/11\/oab-rn-comemora-retomada-de-pagamentos-de-precatorios-do-tj\/","title":{"rendered":"OAB\/RN comemora retomada de pagamentos de precat\u00f3rios do TJ"},"content":{"rendered":"\n<figure class=\"wp-block-image size-large\"><img loading=\"lazy\" width=\"1024\" height=\"683\" src=\"https:\/\/justicapotiguar.com.br\/wp-content\/uploads\/2019\/08\/Aldo-Medeiros-1024x683.jpeg\" alt=\"\" class=\"wp-image-437\" srcset=\"https:\/\/justicapotiguar.com.br\/wp-content\/uploads\/2019\/08\/Aldo-Medeiros-1024x683.jpeg 1024w, https:\/\/justicapotiguar.com.br\/wp-content\/uploads\/2019\/08\/Aldo-Medeiros-300x200.jpeg 300w, https:\/\/justicapotiguar.com.br\/wp-content\/uploads\/2019\/08\/Aldo-Medeiros-768x512.jpeg 768w, https:\/\/justicapotiguar.com.br\/wp-content\/uploads\/2019\/08\/Aldo-Medeiros.jpeg 1200w\" sizes=\"(max-width: 1024px) 100vw, 1024px\" \/><figcaption>Reprodu\u00e7\u00e3o<\/figcaption><\/figure>\n\n\n\n<p>Ap\u00f3s a Ordem dos Advogados do Brasil no Rio Grande do Norte (OAB\/RN) enviar um pedido de provid\u00eancias ao Conselho Nacional de Justi\u00e7a (CNJ), solicitando, entre outras coisas, o estabelecimento de um prazo de at\u00e9 10 dias para que o Tribunal de Justi\u00e7a do RN (TJRN) realize as adequa\u00e7\u00f5es necess\u00e1rias para retomar o pagamento dos precat\u00f3rios, o Tribunal anunciou em Nota Oficial o retorno desses pagamentos a partir do dia 11 de julho.<\/p>\n\n\n\n<p>Acerca do prazo informado, o presidente da OAB\/RN, Aldo Medeiros, diz: \u201c\u00c9 motivo de celebra\u00e7\u00e3o ver o prazo para a retomada do pagamento dos precat\u00f3rios, uma vez que a aus\u00eancia de uma data para o retorno era um dos maiores problemas que tivemos durante as reuni\u00f5es e negocia\u00e7\u00f5es que tivemos com o TJRN desde o dia 25 de mar\u00e7o\u201d, afirmou o advogado.<\/p>\n\n\n\n<p>O pagamento dos precat\u00f3rios estava suspenso devido a altera\u00e7\u00f5es nas Emendas Constitucionais n\u00b0 113 e 114, assim como da Resolu\u00e7\u00e3o n\u00b0 448 do CNJ, que implicam em uma mudan\u00e7a na metodologia de c\u00e1lculos de atualiza\u00e7\u00e3o das requisi\u00e7\u00f5es de pagamento contra a Fazenda P\u00fablica, o que acarretou na inoper\u00e2ncia do sistema de pagamentos de precat\u00f3rios judiciais no \u00e2mbito do Tribunal de Justi\u00e7a.<\/p><div class=\"sitbx69f17607250fe\" ><!--<a href=\"https:\/\/bit.ly\/3QdrqTZ\" target=\"_blank\">\n<img src=\"https:\/\/justicapotiguar.com.br\/wp-content\/uploads\/2023\/09\/mobile-geral.gif\"\/><a\/>--><\/div><style type=\"text\/css\">\r\n.sitbx69f17607250fe {\r\ntext-align: center;\r\n}\r\n@media screen and (min-width: 1201px) {\r\n.sitbx69f17607250fe {\r\ndisplay: none;\r\n}\r\n}\r\n@media screen and (min-width: 993px) and (max-width: 1200px) {\r\n.sitbx69f17607250fe {\r\ndisplay: none;\r\n}\r\n}\r\n@media screen and (min-width: 769px) and (max-width: 992px) {\r\n.sitbx69f17607250fe {\r\ndisplay: none;\r\n}\r\n}\r\n@media screen and (min-width: 768px) and (max-width: 768px) {\r\n.sitbx69f17607250fe {\r\ndisplay: block;\r\n}\r\n}\r\n@media screen and (max-width: 767px) {\r\n.sitbx69f17607250fe {\r\ndisplay: block;\r\n}\r\n}\r\n<\/style>\r\n<div class=\"hporx69f17607250e8\" ><!--<a href=\"https:\/\/bit.ly\/3QdrqTZ\" target=\"_blank\">\n<img src=\"https:\/\/justicapotiguar.com.br\/wp-content\/uploads\/2023\/09\/desktop-geral.gif\"\/><a\/>--><\/div><style type=\"text\/css\">\r\n.hporx69f17607250e8 {\r\ntext-align: center;\nmargin-bottom: 1em;\r\n}\r\n@media screen and (min-width: 1201px) {\r\n.hporx69f17607250e8 {\r\ndisplay: block;\r\n}\r\n}\r\n@media screen and (min-width: 993px) and (max-width: 1200px) {\r\n.hporx69f17607250e8 {\r\ndisplay: block;\r\n}\r\n}\r\n@media screen and (min-width: 769px) and (max-width: 992px) {\r\n.hporx69f17607250e8 {\r\ndisplay: block;\r\n}\r\n}\r\n@media screen and (min-width: 768px) and (max-width: 768px) {\r\n.hporx69f17607250e8 {\r\ndisplay: none;\r\n}\r\n}\r\n@media screen and (max-width: 767px) {\r\n.hporx69f17607250e8 {\r\ndisplay: none;\r\n}\r\n}\r\n<\/style>\r\n\n\n\n\n<p>De acordo com nota do TJRN, pode haver altera\u00e7\u00f5es na data de pagamento em decorr\u00eancia de novas inconsist\u00eancias identificadas no algoritmo de c\u00e1lculo.<\/p>\n\n\n\n<p><strong>Outras provid\u00eancias<\/strong><\/p>\n\n\n\n<p>Al\u00e9m do estabelecimento do prazo, a OAB\/RN tamb\u00e9m solicitou no pedido de provid\u00eancias para que seja assegurado a n\u00e3o interrup\u00e7\u00e3o do pagamento dos precat\u00f3rios estaduais e municipais, assim como a disponibiliza\u00e7\u00e3o de um aplicativo nacional para os c\u00e1lculos de liquida\u00e7\u00e3o. Ainda no documento, \u00e9 solicitado a resposta aos questionamentos feitos atrav\u00e9s de of\u00edcio \u00e0 Justi\u00e7a Estadual, pleito atendido pelo Tribunal.<\/p>\n","protected":false},"excerpt":{"rendered":"<p>Ap\u00f3s a Ordem dos Advogados do Brasil no Rio Grande do Norte (OAB\/RN) enviar um pedido de provid\u00eancias ao Conselho Nacional de Justi\u00e7a (CNJ), solicitando, entre outras coisas, o estabelecimento de um prazo de at\u00e9 10 dias para que o Tribunal de Justi\u00e7a do RN (TJRN) realize as adequa\u00e7\u00f5es necess\u00e1rias para retomar o pagamento dos<br \/><a class=\"more-link\" href=\"https:\/\/justicapotiguar.com.br\/index.php\/2022\/07\/11\/oab-rn-comemora-retomada-de-pagamentos-de-precatorios-do-tj\/\">Mais&#8230;<\/a><\/p>\n","protected":false},"author":5,"featured_media":0,"comment_status":"open","ping_status":"open","sticky":false,"template":"","format":"standard","meta":[],"categories":[1],"tags":[],"_links":{"self":[{"href":"https:\/\/justicapotiguar.com.br\/index.php\/wp-json\/wp\/v2\/posts\/27088"}],"collection":[{"href":"https:\/\/justicapotiguar.com.br\/index.php\/wp-json\/wp\/v2\/posts"}],"about":[{"href":"https:\/\/justicapotiguar.com.br\/index.php\/wp-json\/wp\/v2\/types\/post"}],"author":[{"embeddable":true,"href":"https:\/\/justicapotiguar.com.br\/index.php\/wp-json\/wp\/v2\/users\/5"}],"replies":[{"embeddable":true,"href":"https:\/\/justicapotiguar.com.br\/index.php\/wp-json\/wp\/v2\/comments?post=27088"}],"version-history":[{"count":1,"href":"https:\/\/justicapotiguar.com.br\/index.php\/wp-json\/wp\/v2\/posts\/27088\/revisions"}],"predecessor-version":[{"id":27089,"href":"https:\/\/justicapotiguar.com.br\/index.php\/wp-json\/wp\/v2\/posts\/27088\/revisions\/27089"}],"wp:attachment":[{"href":"https:\/\/justicapotiguar.com.br\/index.php\/wp-json\/wp\/v2\/media?parent=27088"}],"wp:term":[{"taxonomy":"category","embeddable":true,"href":"https:\/\/justicapotiguar.com.br\/index.php\/wp-json\/wp\/v2\/categories?post=27088"},{"taxonomy":"post_tag","embeddable":true,"href":"https:\/\/justicapotiguar.com.br\/index.php\/wp-json\/wp\/v2\/tags?post=27088"}],"curies":[{"name":"wp","href":"https:\/\/api.w.org\/{rel}","templated":true}]}}