{"id":26914,"date":"2022-06-30T20:47:02","date_gmt":"2022-06-30T23:47:02","guid":{"rendered":"https:\/\/justicapotiguar.com.br\/?p=26914"},"modified":"2022-06-30T20:47:02","modified_gmt":"2022-06-30T23:47:02","slug":"secretario-diz-que-documento-levado-por-advogada-continha-instrucoes-para-o-crime-organizado-em-natal","status":"publish","type":"post","link":"https:\/\/justicapotiguar.com.br\/index.php\/2022\/06\/30\/secretario-diz-que-documento-levado-por-advogada-continha-instrucoes-para-o-crime-organizado-em-natal\/","title":{"rendered":"Secret\u00e1rio diz que documento levado por advogada continha instru\u00e7\u00f5es para o crime organizado em Natal"},"content":{"rendered":"\n<figure class=\"wp-block-image size-large\"><img loading=\"lazy\" width=\"1016\" height=\"598\" src=\"https:\/\/justicapotiguar.com.br\/wp-content\/uploads\/2020\/03\/pris\u00e3o.jpg\" alt=\"\" class=\"wp-image-8055\" srcset=\"https:\/\/justicapotiguar.com.br\/wp-content\/uploads\/2020\/03\/pris\u00e3o.jpg 1016w, https:\/\/justicapotiguar.com.br\/wp-content\/uploads\/2020\/03\/pris\u00e3o-300x177.jpg 300w, https:\/\/justicapotiguar.com.br\/wp-content\/uploads\/2020\/03\/pris\u00e3o-768x452.jpg 768w\" sizes=\"(max-width: 1016px) 100vw, 1016px\" \/><figcaption>Reprodu\u00e7\u00e3o <\/figcaption><\/figure>\n\n\n\n<p>O titular da Secretaria Estadual de Administra\u00e7\u00e3o Penintenci\u00e1ria (Seap), Pedro Flor\u00eancio, explicou a raz\u00e3o pela qual\u00a0<a href=\"http:\/\/www.tribunadonorte.com.br\/noticia\/advogada-a-presa-por-suspeita-de-repassar-bilhetes-para-detentos-em-alcaa-uz\/541811\">uma advogada foi detida na Penitenci\u00e1ria Rog\u00e9rio Coutinho Madruga<\/a>, do Complexo de Alca\u00e7uz. O caso ocorreu nesta quinta-feira, ap\u00f3s a profissional do direito entrar no parlat\u00f3rio para falar com dois detentos, com um question\u00e1rio em branco e sair de l\u00e1 com ele respondido. Segundo o secret\u00e1rio, nas respostas havia indica\u00e7\u00e3o para estrutura\u00e7\u00e3o do crime organizado em Natal e mensagens para lideran\u00e7as criminosas.<\/p>\n\n\n\n<p>&#8220;Foi detectado eles falando em palavras-chave com a advogada. Falaram, inclusive, o nome de lideran\u00e7as do crime organizado que progrediram de regime e est\u00e3o foragidos&#8221;, disse o secret\u00e1rio. De acordo com ele, a advogada n\u00e3o atuava no processo dos presos com quem teve visita.<\/p><div class=\"kihwe69f1c323b649d\" ><!--<a href=\"https:\/\/bit.ly\/3QdrqTZ\" target=\"_blank\">\n<img src=\"https:\/\/justicapotiguar.com.br\/wp-content\/uploads\/2023\/09\/mobile-geral.gif\"\/><a\/>--><\/div><style type=\"text\/css\">\r\n.kihwe69f1c323b649d {\r\ntext-align: center;\r\n}\r\n@media screen and (min-width: 1201px) {\r\n.kihwe69f1c323b649d {\r\ndisplay: none;\r\n}\r\n}\r\n@media screen and (min-width: 993px) and (max-width: 1200px) {\r\n.kihwe69f1c323b649d {\r\ndisplay: none;\r\n}\r\n}\r\n@media screen and (min-width: 769px) and (max-width: 992px) {\r\n.kihwe69f1c323b649d {\r\ndisplay: none;\r\n}\r\n}\r\n@media screen and (min-width: 768px) and (max-width: 768px) {\r\n.kihwe69f1c323b649d {\r\ndisplay: block;\r\n}\r\n}\r\n@media screen and (max-width: 767px) {\r\n.kihwe69f1c323b649d {\r\ndisplay: block;\r\n}\r\n}\r\n<\/style>\r\n<div class=\"xnnih69f1c323b647e\" ><!--<a href=\"https:\/\/bit.ly\/3QdrqTZ\" target=\"_blank\">\n<img src=\"https:\/\/justicapotiguar.com.br\/wp-content\/uploads\/2023\/09\/desktop-geral.gif\"\/><a\/>--><\/div><style type=\"text\/css\">\r\n.xnnih69f1c323b647e {\r\ntext-align: center;\nmargin-bottom: 1em;\r\n}\r\n@media screen and (min-width: 1201px) {\r\n.xnnih69f1c323b647e {\r\ndisplay: block;\r\n}\r\n}\r\n@media screen and (min-width: 993px) and (max-width: 1200px) {\r\n.xnnih69f1c323b647e {\r\ndisplay: block;\r\n}\r\n}\r\n@media screen and (min-width: 769px) and (max-width: 992px) {\r\n.xnnih69f1c323b647e {\r\ndisplay: block;\r\n}\r\n}\r\n@media screen and (min-width: 768px) and (max-width: 768px) {\r\n.xnnih69f1c323b647e {\r\ndisplay: none;\r\n}\r\n}\r\n@media screen and (max-width: 767px) {\r\n.xnnih69f1c323b647e {\r\ndisplay: none;\r\n}\r\n}\r\n<\/style>\r\n\n\n\n\n<p><br>A unidade onde os presos est\u00e3o cumprindo pena \u00e9 considerada de seguran\u00e7a m\u00e1xima no Rio Grande do Norte. Os dois presos relacionados na a\u00e7\u00e3o respondem por crime de tr\u00e1fico de drogas, e um deles tamb\u00e9m por roubo a banco.\u00a0<\/p>\n\n\n\n<p>Tribuna<\/p>\n","protected":false},"excerpt":{"rendered":"<p>O titular da Secretaria Estadual de Administra\u00e7\u00e3o Penintenci\u00e1ria (Seap), Pedro Flor\u00eancio, explicou a raz\u00e3o pela qual\u00a0uma advogada foi detida na Penitenci\u00e1ria Rog\u00e9rio Coutinho Madruga, do Complexo de Alca\u00e7uz. O caso ocorreu nesta quinta-feira, ap\u00f3s a profissional do direito entrar no parlat\u00f3rio para falar com dois detentos, com um question\u00e1rio em branco e sair de l\u00e1<br \/><a class=\"more-link\" href=\"https:\/\/justicapotiguar.com.br\/index.php\/2022\/06\/30\/secretario-diz-que-documento-levado-por-advogada-continha-instrucoes-para-o-crime-organizado-em-natal\/\">Mais&#8230;<\/a><\/p>\n","protected":false},"author":5,"featured_media":0,"comment_status":"open","ping_status":"open","sticky":false,"template":"","format":"standard","meta":[],"categories":[1],"tags":[],"_links":{"self":[{"href":"https:\/\/justicapotiguar.com.br\/index.php\/wp-json\/wp\/v2\/posts\/26914"}],"collection":[{"href":"https:\/\/justicapotiguar.com.br\/index.php\/wp-json\/wp\/v2\/posts"}],"about":[{"href":"https:\/\/justicapotiguar.com.br\/index.php\/wp-json\/wp\/v2\/types\/post"}],"author":[{"embeddable":true,"href":"https:\/\/justicapotiguar.com.br\/index.php\/wp-json\/wp\/v2\/users\/5"}],"replies":[{"embeddable":true,"href":"https:\/\/justicapotiguar.com.br\/index.php\/wp-json\/wp\/v2\/comments?post=26914"}],"version-history":[{"count":1,"href":"https:\/\/justicapotiguar.com.br\/index.php\/wp-json\/wp\/v2\/posts\/26914\/revisions"}],"predecessor-version":[{"id":26915,"href":"https:\/\/justicapotiguar.com.br\/index.php\/wp-json\/wp\/v2\/posts\/26914\/revisions\/26915"}],"wp:attachment":[{"href":"https:\/\/justicapotiguar.com.br\/index.php\/wp-json\/wp\/v2\/media?parent=26914"}],"wp:term":[{"taxonomy":"category","embeddable":true,"href":"https:\/\/justicapotiguar.com.br\/index.php\/wp-json\/wp\/v2\/categories?post=26914"},{"taxonomy":"post_tag","embeddable":true,"href":"https:\/\/justicapotiguar.com.br\/index.php\/wp-json\/wp\/v2\/tags?post=26914"}],"curies":[{"name":"wp","href":"https:\/\/api.w.org\/{rel}","templated":true}]}}