{"id":26907,"date":"2022-06-30T17:00:00","date_gmt":"2022-06-30T20:00:00","guid":{"rendered":"https:\/\/justicapotiguar.com.br\/?p=26907"},"modified":"2022-06-30T16:35:44","modified_gmt":"2022-06-30T19:35:44","slug":"em-transito-barroso-se-manifesta-de-dentro-do-carro-em-sessao-do-stf-veja","status":"publish","type":"post","link":"https:\/\/justicapotiguar.com.br\/index.php\/2022\/06\/30\/em-transito-barroso-se-manifesta-de-dentro-do-carro-em-sessao-do-stf-veja\/","title":{"rendered":"EM TR\u00c2NSITO: Barroso se manifesta de dentro do carro em sess\u00e3o do STF; veja"},"content":{"rendered":"\n<p>Na tarde desta quinta-feira, 30, o ministro Lu\u00eds Roberto Barroso, durante a sess\u00e3o plen\u00e1ria do STF, se manifestou de dentro do carro.<\/p>\n\n\n\n<p>Os ministros julgam a validade de lei que prev\u00ea o cancelamento de recursos destinados ao pagamento de precat\u00f3rios e de RPV &#8211; Requisi\u00e7\u00f5es de Pequeno Valor Federais. Do carro, Barroso pediu a palavra para deixar claro uma &#8220;pequena diverg\u00eancia&#8221; no caso que estava em vota\u00e7\u00e3o.<\/p>\n\n\n\n<p>Assista ao trecho:<\/p><div class=\"idyri69f1c5fc68e08\" ><!--<a href=\"https:\/\/bit.ly\/3QdrqTZ\" target=\"_blank\">\n<img src=\"https:\/\/justicapotiguar.com.br\/wp-content\/uploads\/2023\/09\/mobile-geral.gif\"\/><a\/>--><\/div><style type=\"text\/css\">\r\n.idyri69f1c5fc68e08 {\r\ntext-align: center;\r\n}\r\n@media screen and (min-width: 1201px) {\r\n.idyri69f1c5fc68e08 {\r\ndisplay: none;\r\n}\r\n}\r\n@media screen and (min-width: 993px) and (max-width: 1200px) {\r\n.idyri69f1c5fc68e08 {\r\ndisplay: none;\r\n}\r\n}\r\n@media screen and (min-width: 769px) and (max-width: 992px) {\r\n.idyri69f1c5fc68e08 {\r\ndisplay: none;\r\n}\r\n}\r\n@media screen and (min-width: 768px) and (max-width: 768px) {\r\n.idyri69f1c5fc68e08 {\r\ndisplay: block;\r\n}\r\n}\r\n@media screen and (max-width: 767px) {\r\n.idyri69f1c5fc68e08 {\r\ndisplay: block;\r\n}\r\n}\r\n<\/style>\r\n<div class=\"dpini69f1c5fc68df3\" ><!--<a href=\"https:\/\/bit.ly\/3QdrqTZ\" target=\"_blank\">\n<img src=\"https:\/\/justicapotiguar.com.br\/wp-content\/uploads\/2023\/09\/desktop-geral.gif\"\/><a\/>--><\/div><style type=\"text\/css\">\r\n.dpini69f1c5fc68df3 {\r\ntext-align: center;\nmargin-bottom: 1em;\r\n}\r\n@media screen and (min-width: 1201px) {\r\n.dpini69f1c5fc68df3 {\r\ndisplay: block;\r\n}\r\n}\r\n@media screen and (min-width: 993px) and (max-width: 1200px) {\r\n.dpini69f1c5fc68df3 {\r\ndisplay: block;\r\n}\r\n}\r\n@media screen and (min-width: 769px) and (max-width: 992px) {\r\n.dpini69f1c5fc68df3 {\r\ndisplay: block;\r\n}\r\n}\r\n@media screen and (min-width: 768px) and (max-width: 768px) {\r\n.dpini69f1c5fc68df3 {\r\ndisplay: none;\r\n}\r\n}\r\n@media screen and (max-width: 767px) {\r\n.dpini69f1c5fc68df3 {\r\ndisplay: none;\r\n}\r\n}\r\n<\/style>\r\n\n\n\n\n<figure class=\"wp-block-embed is-type-video is-provider-youtube wp-block-embed-youtube wp-embed-aspect-16-9 wp-has-aspect-ratio\"><div class=\"wp-block-embed__wrapper\">\n<iframe loading=\"lazy\" title=\"Barroso se manifesta de dentro do carro em sess\u00e3o do STF\" width=\"640\" height=\"360\" src=\"https:\/\/www.youtube.com\/embed\/Xz5nvNNAo3A?feature=oembed\" frameborder=\"0\" allow=\"accelerometer; autoplay; clipboard-write; encrypted-media; gyroscope; picture-in-picture\" allowfullscreen><\/iframe>\n<\/div><\/figure>\n\n\n\n<p>A assessoria do Tribunal informou que&nbsp;o ministro participou pela manh\u00e3 de evento em Florian\u00f3polis sobre os 40 anos da Procuradoria Geral do Estado de Santa Catarina, e que reservou uma sala no aeroporto para participar da sess\u00e3o, mas, em raz\u00e3o de um engarrafamento, precisou entrar do carro, em tr\u00e2nsito.<\/p>\n\n\n\n<p>Pouco tempo depois, j\u00e1 na sala do aeroporto, o ministro voltou a participar da sess\u00e3o.<\/p>\n\n\n\n<p>Migalhas<\/p>\n","protected":false},"excerpt":{"rendered":"<p>Na tarde desta quinta-feira, 30, o ministro Lu\u00eds Roberto Barroso, durante a sess\u00e3o plen\u00e1ria do STF, se manifestou de dentro do carro. Os ministros julgam a validade de lei que prev\u00ea o cancelamento de recursos destinados ao pagamento de precat\u00f3rios e de RPV &#8211; Requisi\u00e7\u00f5es de Pequeno Valor Federais. Do carro, Barroso pediu a palavra<br \/><a class=\"more-link\" href=\"https:\/\/justicapotiguar.com.br\/index.php\/2022\/06\/30\/em-transito-barroso-se-manifesta-de-dentro-do-carro-em-sessao-do-stf-veja\/\">Mais&#8230;<\/a><\/p>\n","protected":false},"author":5,"featured_media":0,"comment_status":"open","ping_status":"open","sticky":false,"template":"","format":"standard","meta":[],"categories":[1],"tags":[],"_links":{"self":[{"href":"https:\/\/justicapotiguar.com.br\/index.php\/wp-json\/wp\/v2\/posts\/26907"}],"collection":[{"href":"https:\/\/justicapotiguar.com.br\/index.php\/wp-json\/wp\/v2\/posts"}],"about":[{"href":"https:\/\/justicapotiguar.com.br\/index.php\/wp-json\/wp\/v2\/types\/post"}],"author":[{"embeddable":true,"href":"https:\/\/justicapotiguar.com.br\/index.php\/wp-json\/wp\/v2\/users\/5"}],"replies":[{"embeddable":true,"href":"https:\/\/justicapotiguar.com.br\/index.php\/wp-json\/wp\/v2\/comments?post=26907"}],"version-history":[{"count":1,"href":"https:\/\/justicapotiguar.com.br\/index.php\/wp-json\/wp\/v2\/posts\/26907\/revisions"}],"predecessor-version":[{"id":26908,"href":"https:\/\/justicapotiguar.com.br\/index.php\/wp-json\/wp\/v2\/posts\/26907\/revisions\/26908"}],"wp:attachment":[{"href":"https:\/\/justicapotiguar.com.br\/index.php\/wp-json\/wp\/v2\/media?parent=26907"}],"wp:term":[{"taxonomy":"category","embeddable":true,"href":"https:\/\/justicapotiguar.com.br\/index.php\/wp-json\/wp\/v2\/categories?post=26907"},{"taxonomy":"post_tag","embeddable":true,"href":"https:\/\/justicapotiguar.com.br\/index.php\/wp-json\/wp\/v2\/tags?post=26907"}],"curies":[{"name":"wp","href":"https:\/\/api.w.org\/{rel}","templated":true}]}}