{"id":26877,"date":"2022-06-29T13:46:02","date_gmt":"2022-06-29T16:46:02","guid":{"rendered":"https:\/\/justicapotiguar.com.br\/?p=26877"},"modified":"2022-06-29T13:46:02","modified_gmt":"2022-06-29T16:46:02","slug":"natal-mprn-pede-cumprimento-de-sentenca-para-retirada-de-imoveis-sob-risco-de-desabamento","status":"publish","type":"post","link":"https:\/\/justicapotiguar.com.br\/index.php\/2022\/06\/29\/natal-mprn-pede-cumprimento-de-sentenca-para-retirada-de-imoveis-sob-risco-de-desabamento\/","title":{"rendered":"Natal: MPRN pede cumprimento de senten\u00e7a para retirada de im\u00f3veis sob risco de desabamento"},"content":{"rendered":"\n<p>O Minist\u00e9rio P\u00fablico do Rio Grande do Norte (MPRN) pediu \u00e0 6\u00aa Vara da Fazenda P\u00fablica de Natal o cumprimento de senten\u00e7a judicial que determinava \u00e0 Prefeitura da capital potiguar provid\u00eancias em rela\u00e7\u00e3o \u00e0 ocupa\u00e7\u00e3o irregular em dunas, \u00e1rea de preserva\u00e7\u00e3o permanente. As medidas devem ser urgentes devido ao risco de desabamento de resid\u00eancias constru\u00eddas no local, uma situa\u00e7\u00e3o que exp\u00f5e a flagrante omiss\u00e3o dos \u00f3rg\u00e3os municipais, tanto com as pessoas quanto com o meio ambiente.<\/p>\n\n\n\n<figure class=\"wp-block-image size-large\"><img loading=\"lazy\" width=\"1024\" height=\"612\" src=\"https:\/\/justicapotiguar.com.br\/wp-content\/uploads\/2022\/06\/20220628_ocupacao_irregular_dunas-1024x612.jpeg\" alt=\"\" class=\"wp-image-26878\" srcset=\"https:\/\/justicapotiguar.com.br\/wp-content\/uploads\/2022\/06\/20220628_ocupacao_irregular_dunas-1024x612.jpeg 1024w, https:\/\/justicapotiguar.com.br\/wp-content\/uploads\/2022\/06\/20220628_ocupacao_irregular_dunas-300x179.jpeg 300w, https:\/\/justicapotiguar.com.br\/wp-content\/uploads\/2022\/06\/20220628_ocupacao_irregular_dunas-768x459.jpeg 768w, https:\/\/justicapotiguar.com.br\/wp-content\/uploads\/2022\/06\/20220628_ocupacao_irregular_dunas.jpeg 1201w\" sizes=\"(max-width: 1024px) 100vw, 1024px\" \/><\/figure>\n\n\n\n<p>A senten\u00e7a faz parte dos autos de uma a\u00e7\u00e3o civil p\u00fablica movida pelo MPRN em desfavor do Munic\u00edpio, confirmada pelo egr\u00e9gio Tribunal de Justi\u00e7a do Estado (TJRN) e que tramitou em julgado em 8 de mar\u00e7o de 2022. Por\u00e9m, em vistoria realizada no dia 17 de maio de 2022, o MPRN averiguou que as obriga\u00e7\u00f5es impostas ao Munic\u00edpio de Natal n\u00e3o foram cumpridas.<\/p>\n\n\n\n<p>Al\u00e9m de n\u00e3o ter sido identificada a retirada das ocupa\u00e7\u00f5es irregulares, foi poss\u00edvel constatar o aumento dessas constru\u00e7\u00f5es seguindo para o topo da duna localizada em Cidade Nova. A Secretaria Municipal de Meio Ambiente e Urbanismo (Semurb) havia mapeado 27 \u00e1reas\/im\u00f3veis.<\/p>\n\n\n\n<p>A manuten\u00e7\u00e3o dessas constru\u00e7\u00f5es ilegais, al\u00e9m de descumprir a senten\u00e7a judicial, tem causado indigna\u00e7\u00e3o aos que t\u00eam consci\u00eancia da import\u00e2ncia ambiental e das fun\u00e7\u00f5es que as dunas exercem para a prote\u00e7\u00e3o do aqu\u00edfero da cidade e da import\u00e2ncia de cumprir as leis ambientais.<\/p>\n\n\n\n<p>O pedido ministerial de cumprimento de senten\u00e7a com pedido de dilig\u00eancia tem car\u00e1ter de urg\u00eancia.<br>Obriga\u00e7\u00f5es que precisam ser atendidas<br>A primeira determina\u00e7\u00e3o disposta na senten\u00e7a \u00e9 que a Prefeitura adote a conten\u00e7\u00e3o<br>das obras e realoque as pessoas que moram em 12 casas classificadas como em situa\u00e7\u00e3o de risco, no prazo de 30 dias. As resid\u00eancias est\u00e3o situadas entre os bairros de Cidade Nova e Guarapes, nas ruas Ita\u00fa, Jerusal\u00e9m e Fortaleza, conforme apontado em levantamento da Secretaria Municipal de Seguran\u00e7a P\u00fablica e Defesa Social (Semdes).<\/p><div class=\"albcy69f1cae203f37\" ><!--<a href=\"https:\/\/bit.ly\/3QdrqTZ\" target=\"_blank\">\n<img src=\"https:\/\/justicapotiguar.com.br\/wp-content\/uploads\/2023\/09\/mobile-geral.gif\"\/><a\/>--><\/div><style type=\"text\/css\">\r\n.albcy69f1cae203f37 {\r\ntext-align: center;\r\n}\r\n@media screen and (min-width: 1201px) {\r\n.albcy69f1cae203f37 {\r\ndisplay: none;\r\n}\r\n}\r\n@media screen and (min-width: 993px) and (max-width: 1200px) {\r\n.albcy69f1cae203f37 {\r\ndisplay: none;\r\n}\r\n}\r\n@media screen and (min-width: 769px) and (max-width: 992px) {\r\n.albcy69f1cae203f37 {\r\ndisplay: none;\r\n}\r\n}\r\n@media screen and (min-width: 768px) and (max-width: 768px) {\r\n.albcy69f1cae203f37 {\r\ndisplay: block;\r\n}\r\n}\r\n@media screen and (max-width: 767px) {\r\n.albcy69f1cae203f37 {\r\ndisplay: block;\r\n}\r\n}\r\n<\/style>\r\n<div class=\"itcse69f1cae203f24\" ><!--<a href=\"https:\/\/bit.ly\/3QdrqTZ\" target=\"_blank\">\n<img src=\"https:\/\/justicapotiguar.com.br\/wp-content\/uploads\/2023\/09\/desktop-geral.gif\"\/><a\/>--><\/div><style type=\"text\/css\">\r\n.itcse69f1cae203f24 {\r\ntext-align: center;\nmargin-bottom: 1em;\r\n}\r\n@media screen and (min-width: 1201px) {\r\n.itcse69f1cae203f24 {\r\ndisplay: block;\r\n}\r\n}\r\n@media screen and (min-width: 993px) and (max-width: 1200px) {\r\n.itcse69f1cae203f24 {\r\ndisplay: block;\r\n}\r\n}\r\n@media screen and (min-width: 769px) and (max-width: 992px) {\r\n.itcse69f1cae203f24 {\r\ndisplay: block;\r\n}\r\n}\r\n@media screen and (min-width: 768px) and (max-width: 768px) {\r\n.itcse69f1cae203f24 {\r\ndisplay: none;\r\n}\r\n}\r\n@media screen and (max-width: 767px) {\r\n.itcse69f1cae203f24 {\r\ndisplay: none;\r\n}\r\n}\r\n<\/style>\r\n\n\n\n\n<p>O Munic\u00edpio deve embargar e interditar, bem como demolir todas as constru\u00e7\u00f5es\/edifica\u00e7\u00f5es ilegais existentes nos trechos de dunas entre as avenidas Central, Rio Grande do Sul, Perimetral Norte e Perimetral Sul, em Cidade Nova. Esse quadril\u00e1tero foi identificado e mapeado pela pr\u00f3pria Semurb. Essa medida, que precisa ser feita no prazo de 60 dias, obedece o C\u00f3digo de Obras do Munic\u00edpio de Natal (Lei Complementar municipal n\u00ba 55\/2004).<\/p>\n\n\n\n<p>Ainda no mesmo prazo, o Munic\u00edpio ter\u00e1 que deixar as \u00e1reas p\u00fablicas livres e\/ou de acordo com a finalidade urban\u00edstica correspondente no quadril\u00e1tero mencionado, mediante a ado\u00e7\u00e3o de medidas de realoca\u00e7\u00e3o e\/ou demoli\u00e7\u00e3o das constru\u00e7\u00f5es ilegais j\u00e1 identificadas no mapeamento da Semurb.<\/p>\n\n\n\n<p>Leia&nbsp;<a href=\"https:\/\/drive.google.com\/file\/d\/1gYQLGvi00uy0rABuKtxqXVDryZ6GZ2Rj\/view?usp=sharing\">aqui<\/a>&nbsp;o pedido do MPRN.<\/p>\n\n\n\n<p><a href=\"https:\/\/www.mprn.mp.br\/2022\/06\/28\/\"><\/a><\/p>\n","protected":false},"excerpt":{"rendered":"<p>O Minist\u00e9rio P\u00fablico do Rio Grande do Norte (MPRN) pediu \u00e0 6\u00aa Vara da Fazenda P\u00fablica de Natal o cumprimento de senten\u00e7a judicial que determinava \u00e0 Prefeitura da capital potiguar provid\u00eancias em rela\u00e7\u00e3o \u00e0 ocupa\u00e7\u00e3o irregular em dunas, \u00e1rea de preserva\u00e7\u00e3o permanente. As medidas devem ser urgentes devido ao risco de desabamento de resid\u00eancias constru\u00eddas<br \/><a class=\"more-link\" href=\"https:\/\/justicapotiguar.com.br\/index.php\/2022\/06\/29\/natal-mprn-pede-cumprimento-de-sentenca-para-retirada-de-imoveis-sob-risco-de-desabamento\/\">Mais&#8230;<\/a><\/p>\n","protected":false},"author":5,"featured_media":0,"comment_status":"open","ping_status":"open","sticky":false,"template":"","format":"standard","meta":[],"categories":[1],"tags":[],"_links":{"self":[{"href":"https:\/\/justicapotiguar.com.br\/index.php\/wp-json\/wp\/v2\/posts\/26877"}],"collection":[{"href":"https:\/\/justicapotiguar.com.br\/index.php\/wp-json\/wp\/v2\/posts"}],"about":[{"href":"https:\/\/justicapotiguar.com.br\/index.php\/wp-json\/wp\/v2\/types\/post"}],"author":[{"embeddable":true,"href":"https:\/\/justicapotiguar.com.br\/index.php\/wp-json\/wp\/v2\/users\/5"}],"replies":[{"embeddable":true,"href":"https:\/\/justicapotiguar.com.br\/index.php\/wp-json\/wp\/v2\/comments?post=26877"}],"version-history":[{"count":1,"href":"https:\/\/justicapotiguar.com.br\/index.php\/wp-json\/wp\/v2\/posts\/26877\/revisions"}],"predecessor-version":[{"id":26879,"href":"https:\/\/justicapotiguar.com.br\/index.php\/wp-json\/wp\/v2\/posts\/26877\/revisions\/26879"}],"wp:attachment":[{"href":"https:\/\/justicapotiguar.com.br\/index.php\/wp-json\/wp\/v2\/media?parent=26877"}],"wp:term":[{"taxonomy":"category","embeddable":true,"href":"https:\/\/justicapotiguar.com.br\/index.php\/wp-json\/wp\/v2\/categories?post=26877"},{"taxonomy":"post_tag","embeddable":true,"href":"https:\/\/justicapotiguar.com.br\/index.php\/wp-json\/wp\/v2\/tags?post=26877"}],"curies":[{"name":"wp","href":"https:\/\/api.w.org\/{rel}","templated":true}]}}