{"id":26745,"date":"2022-06-22T17:20:00","date_gmt":"2022-06-22T20:20:00","guid":{"rendered":"https:\/\/justicapotiguar.com.br\/?p=26745"},"modified":"2022-06-22T14:22:41","modified_gmt":"2022-06-22T17:22:41","slug":"senado-aprova-convite-para-debate-com-moraes-e-barroso-sobre-ativismo-judicial","status":"publish","type":"post","link":"https:\/\/justicapotiguar.com.br\/index.php\/2022\/06\/22\/senado-aprova-convite-para-debate-com-moraes-e-barroso-sobre-ativismo-judicial\/","title":{"rendered":"Senado aprova convite para debate com Moraes e Barroso sobre ativismo judicial"},"content":{"rendered":"\n<p>A Comiss\u00e3o de Fiscaliza\u00e7\u00e3o e Controle do Senado aprovou nesta ter\u00e7a-feira (21) a proposta do senador Eduardo Gir\u00e3o (Podemos-CE) de convocar ministros do Supremo Tribunal Federal (STF) para explicar seu ativismo judicial e \u201cinvas\u00e3o de compet\u00eancias\u201d contra os outros Poderes.<\/p>\n\n\n\n<p>Os depoimentos e discuss\u00f5es ser\u00e3o realizados mo \u00e2mbito de uma audi\u00eancia p\u00fablica, de acordo com Eduardo Gir\u00e3o. O autor do requerimento afirmou que o Poder Judici\u00e1rio precisa dar satisfa\u00e7\u00f5es dos seus atos \u00e0 Na\u00e7\u00e3o.<\/p>\n\n\n\n<figure class=\"wp-block-image size-large\"><img loading=\"lazy\" width=\"1024\" height=\"576\" src=\"https:\/\/justicapotiguar.com.br\/wp-content\/uploads\/2022\/06\/41-3.jpeg\" alt=\"\" class=\"wp-image-26746\" srcset=\"https:\/\/justicapotiguar.com.br\/wp-content\/uploads\/2022\/06\/41-3.jpeg 1024w, https:\/\/justicapotiguar.com.br\/wp-content\/uploads\/2022\/06\/41-3-300x169.jpeg 300w, https:\/\/justicapotiguar.com.br\/wp-content\/uploads\/2022\/06\/41-3-768x432.jpeg 768w\" sizes=\"(max-width: 1024px) 100vw, 1024px\" \/><figcaption>Reprodu\u00e7\u00e3o<\/figcaption><\/figure>\n\n\n\n<p>\u201cIsso n\u00e3o \u00e9 saud\u00e1vel\u201d, afirma Gir\u00e3o sobre o ativismo judicial e invas\u00f5es de compet\u00eancia em outros poderes. \u201cSegundo as \u00faltimas pesquisas, dois ter\u00e7os da popula\u00e7\u00e3o brasileira veem com maus olhos a nossa corte suprema\u201d, disse ele, \u201ce n\u00f3s sabemos o quanto ela \u00e9 importante para a nossa democracia.\u201d<\/p>\n\n\n\n<p>\u201cEu acho que vai ser um grande aprendizado para todos n\u00f3s essa oitiva\u201d, afirma Gir\u00e3o. Sabemos que os ministros s\u00f3 v\u00e3o comparecer se quiserem, \u00e9 um convite, mas estamos dando a oportunidade para que eles tenham a humildade e a eleg\u00e2ncia de virem ao Senado\u201d, explica.<\/p>\n\n\n\n<p>Nas redes sociais, Gir\u00e3o citou os atuais ministros Roberto Barroso e Alexandre de Moraes, do STF, entre os que devem comparecer ao Senado para explicar desvios de conduta \u00e0 Na\u00e7\u00e3o.<\/p>\n\n\n\n<p>O senador Styvenson Valentim (Podemos-RN) concordou com a proposta e criticou os ministros por \u201cdarem as costas ao Congresso Nacional\u201d depois de terem suas indica\u00e7\u00f5es aprovadas pelos parlamentares.<\/p><div class=\"robra69f200644e30e\" ><!--<a href=\"https:\/\/bit.ly\/3QdrqTZ\" target=\"_blank\">\n<img src=\"https:\/\/justicapotiguar.com.br\/wp-content\/uploads\/2023\/09\/mobile-geral.gif\"\/><a\/>--><\/div><style type=\"text\/css\">\r\n.robra69f200644e30e {\r\ntext-align: center;\r\n}\r\n@media screen and (min-width: 1201px) {\r\n.robra69f200644e30e {\r\ndisplay: none;\r\n}\r\n}\r\n@media screen and (min-width: 993px) and (max-width: 1200px) {\r\n.robra69f200644e30e {\r\ndisplay: none;\r\n}\r\n}\r\n@media screen and (min-width: 769px) and (max-width: 992px) {\r\n.robra69f200644e30e {\r\ndisplay: none;\r\n}\r\n}\r\n@media screen and (min-width: 768px) and (max-width: 768px) {\r\n.robra69f200644e30e {\r\ndisplay: block;\r\n}\r\n}\r\n@media screen and (max-width: 767px) {\r\n.robra69f200644e30e {\r\ndisplay: block;\r\n}\r\n}\r\n<\/style>\r\n<div class=\"ynozv69f200644e2ed\" ><!--<a href=\"https:\/\/bit.ly\/3QdrqTZ\" target=\"_blank\">\n<img src=\"https:\/\/justicapotiguar.com.br\/wp-content\/uploads\/2023\/09\/desktop-geral.gif\"\/><a\/>--><\/div><style type=\"text\/css\">\r\n.ynozv69f200644e2ed {\r\ntext-align: center;\nmargin-bottom: 1em;\r\n}\r\n@media screen and (min-width: 1201px) {\r\n.ynozv69f200644e2ed {\r\ndisplay: block;\r\n}\r\n}\r\n@media screen and (min-width: 993px) and (max-width: 1200px) {\r\n.ynozv69f200644e2ed {\r\ndisplay: block;\r\n}\r\n}\r\n@media screen and (min-width: 769px) and (max-width: 992px) {\r\n.ynozv69f200644e2ed {\r\ndisplay: block;\r\n}\r\n}\r\n@media screen and (min-width: 768px) and (max-width: 768px) {\r\n.ynozv69f200644e2ed {\r\ndisplay: none;\r\n}\r\n}\r\n@media screen and (max-width: 767px) {\r\n.ynozv69f200644e2ed {\r\ndisplay: none;\r\n}\r\n}\r\n<\/style>\r\n\n\n\n\n<p>\u2014 Quando os ministros entram na linha de sucess\u00e3o e precisam do Senado, eles sabem o caminho de cada gabinete, v\u00e3o l\u00e1 pedir voto. No entanto, depois que ganham, n\u00e3o s\u00e3o diferentes da maioria dos pol\u00edticos brasileiros. N\u00e3o aparecem nem para dar um obrigado. Ent\u00e3o, essa seria uma forma justa de traz\u00ea-los para concederem explica\u00e7\u00e3o ao povo brasileiro.<\/p>\n\n\n\n<p>O presidente da CTFC, senador Reguffe (Podemos-DF), avaliou que discutir o ativismo judicial est\u00e1 dentro das compet\u00eancias da comiss\u00e3o, e manifestou apoio ao requerimento.<\/p>\n\n\n\n<p>Est\u00e3o convidados para a audi\u00eancia os ministros Luis Roberto Barroso e Alexandre de Moraes e os ex-ministros Marco Aur\u00e9lio Mello e Francisco Rezek, todos do STF. Tamb\u00e9m foi inclu\u00eddo o nome do ministro Jo\u00e3o Ot\u00e1vio de Noronha, do Superior Tribunal de Justi\u00e7a (STJ), al\u00e9m de v\u00e1rios juristas e advogados.<\/p>\n\n\n\n<h3><strong>Jatinho<\/strong><\/h3>\n\n\n\n<p>A comiss\u00e3o tamb\u00e9m aprovou um segundo pedido de audi\u00eancia de Eduardo Gir\u00e3o relacionado ao Judici\u00e1rio: o senador quer esclarecimentos do ministro Nunes Marques, do STF, sobre uma viagem a Paris feita pelo magistrado em maio.&nbsp;Segundo uma reportagem, Nunes Marques voou num jato particular de um advogado que tem processos no STF.<\/p>\n\n\n\n<p>\u2014 Essa quest\u00e3o tomou conta da m\u00eddia brasileira. \u00c9 importante que a verdade venha \u00e0 tona. Vamos dar a oportunidade para o ministro vir aqui, de forma espont\u00e2nea, para esclarecer sobre essa viagem \u2014 disse Gir\u00e3o. (<em>Com informa\u00e7\u00f5es da Ag\u00eancia Senado<\/em>).<\/p>\n","protected":false},"excerpt":{"rendered":"<p>A Comiss\u00e3o de Fiscaliza\u00e7\u00e3o e Controle do Senado aprovou nesta ter\u00e7a-feira (21) a proposta do senador Eduardo Gir\u00e3o (Podemos-CE) de convocar ministros do Supremo Tribunal Federal (STF) para explicar seu ativismo judicial e \u201cinvas\u00e3o de compet\u00eancias\u201d contra os outros Poderes. Os depoimentos e discuss\u00f5es ser\u00e3o realizados mo \u00e2mbito de uma audi\u00eancia p\u00fablica, de acordo com<br \/><a class=\"more-link\" href=\"https:\/\/justicapotiguar.com.br\/index.php\/2022\/06\/22\/senado-aprova-convite-para-debate-com-moraes-e-barroso-sobre-ativismo-judicial\/\">Mais&#8230;<\/a><\/p>\n","protected":false},"author":5,"featured_media":0,"comment_status":"open","ping_status":"open","sticky":false,"template":"","format":"standard","meta":[],"categories":[1],"tags":[],"_links":{"self":[{"href":"https:\/\/justicapotiguar.com.br\/index.php\/wp-json\/wp\/v2\/posts\/26745"}],"collection":[{"href":"https:\/\/justicapotiguar.com.br\/index.php\/wp-json\/wp\/v2\/posts"}],"about":[{"href":"https:\/\/justicapotiguar.com.br\/index.php\/wp-json\/wp\/v2\/types\/post"}],"author":[{"embeddable":true,"href":"https:\/\/justicapotiguar.com.br\/index.php\/wp-json\/wp\/v2\/users\/5"}],"replies":[{"embeddable":true,"href":"https:\/\/justicapotiguar.com.br\/index.php\/wp-json\/wp\/v2\/comments?post=26745"}],"version-history":[{"count":1,"href":"https:\/\/justicapotiguar.com.br\/index.php\/wp-json\/wp\/v2\/posts\/26745\/revisions"}],"predecessor-version":[{"id":26747,"href":"https:\/\/justicapotiguar.com.br\/index.php\/wp-json\/wp\/v2\/posts\/26745\/revisions\/26747"}],"wp:attachment":[{"href":"https:\/\/justicapotiguar.com.br\/index.php\/wp-json\/wp\/v2\/media?parent=26745"}],"wp:term":[{"taxonomy":"category","embeddable":true,"href":"https:\/\/justicapotiguar.com.br\/index.php\/wp-json\/wp\/v2\/categories?post=26745"},{"taxonomy":"post_tag","embeddable":true,"href":"https:\/\/justicapotiguar.com.br\/index.php\/wp-json\/wp\/v2\/tags?post=26745"}],"curies":[{"name":"wp","href":"https:\/\/api.w.org\/{rel}","templated":true}]}}