{"id":26674,"date":"2022-06-19T11:31:00","date_gmt":"2022-06-19T14:31:00","guid":{"rendered":"https:\/\/justicapotiguar.com.br\/?p=26674"},"modified":"2022-06-18T23:32:32","modified_gmt":"2022-06-19T02:32:32","slug":"parte-do-stf-critica-decisao-de-mendonca-sobre-icms-do-diesel","status":"publish","type":"post","link":"https:\/\/justicapotiguar.com.br\/index.php\/2022\/06\/19\/parte-do-stf-critica-decisao-de-mendonca-sobre-icms-do-diesel\/","title":{"rendered":"Parte do STF critica decis\u00e3o de Mendon\u00e7a sobre ICMS do diesel"},"content":{"rendered":"\n<p>Uma ala do<strong>&nbsp;Supremo Tribunal Federal (STF)<\/strong>&nbsp;criticou a decis\u00e3o do&nbsp;<strong>ministro Andr\u00e9 Mendon\u00e7a,<\/strong>&nbsp;que, na pr\u00e1tica, obriga os Estados a reduzir&nbsp;<strong>ICMS sobre diesel<\/strong>. Tamb\u00e9m foi mal recebido o fato de ele cobrar informa\u00e7\u00f5es sobre a&nbsp;<strong>pol\u00edtica de pre\u00e7os da Petrobras<\/strong>.<\/p>\n\n\n\n<figure class=\"wp-block-image size-large\"><img loading=\"lazy\" width=\"300\" height=\"200\" src=\"https:\/\/justicapotiguar.com.br\/wp-content\/uploads\/2020\/03\/andre-mendonca.jpeg\" alt=\"\" class=\"wp-image-7586\"\/><figcaption>Reprodu\u00e7\u00e3o<\/figcaption><\/figure>\n\n\n\n<p>Para um ministro, Mendon\u00e7a &#8220;ampliou&#8221; o objeto da a\u00e7\u00e3o, ao dar cinco dias para que a estatal encaminhe documentos e atos internos em que foram discutidas e estabelecidas as balizas para forma\u00e7\u00e3o dos pre\u00e7os nos \u00faltimos 60 meses.<\/p>\n\n\n\n<p>Um magistrado apontou ainda que a&nbsp;<strong>Advocacia-Geral da Uni\u00e3o (AGU)&nbsp;<\/strong>entrou com nova a\u00e7\u00e3o no STF sobre o tema e que, &#8220;n\u00e3o surpreendentemente&#8221;, o \u00f3rg\u00e3o, que representa o&nbsp;<strong>presidente Jair Bolsonaro (PL)<\/strong>, solicitou a distribui\u00e7\u00e3o da a\u00e7\u00e3o, por preven\u00e7\u00e3o, a Mendon\u00e7a. O processo, no entanto, foi distribu\u00eddo por sorteio ao&nbsp;<strong>ministro Gilmar Mendes<\/strong>.<\/p><div class=\"fabyd69f21e1503b29\" ><!--<a href=\"https:\/\/bit.ly\/3QdrqTZ\" target=\"_blank\">\n<img src=\"https:\/\/justicapotiguar.com.br\/wp-content\/uploads\/2023\/09\/mobile-geral.gif\"\/><a\/>--><\/div><style type=\"text\/css\">\r\n.fabyd69f21e1503b29 {\r\ntext-align: center;\r\n}\r\n@media screen and (min-width: 1201px) {\r\n.fabyd69f21e1503b29 {\r\ndisplay: none;\r\n}\r\n}\r\n@media screen and (min-width: 993px) and (max-width: 1200px) {\r\n.fabyd69f21e1503b29 {\r\ndisplay: none;\r\n}\r\n}\r\n@media screen and (min-width: 769px) and (max-width: 992px) {\r\n.fabyd69f21e1503b29 {\r\ndisplay: none;\r\n}\r\n}\r\n@media screen and (min-width: 768px) and (max-width: 768px) {\r\n.fabyd69f21e1503b29 {\r\ndisplay: block;\r\n}\r\n}\r\n@media screen and (max-width: 767px) {\r\n.fabyd69f21e1503b29 {\r\ndisplay: block;\r\n}\r\n}\r\n<\/style>\r\n<div class=\"skxfg69f21e1503b16\" ><!--<a href=\"https:\/\/bit.ly\/3QdrqTZ\" target=\"_blank\">\n<img src=\"https:\/\/justicapotiguar.com.br\/wp-content\/uploads\/2023\/09\/desktop-geral.gif\"\/><a\/>--><\/div><style type=\"text\/css\">\r\n.skxfg69f21e1503b16 {\r\ntext-align: center;\nmargin-bottom: 1em;\r\n}\r\n@media screen and (min-width: 1201px) {\r\n.skxfg69f21e1503b16 {\r\ndisplay: block;\r\n}\r\n}\r\n@media screen and (min-width: 993px) and (max-width: 1200px) {\r\n.skxfg69f21e1503b16 {\r\ndisplay: block;\r\n}\r\n}\r\n@media screen and (min-width: 769px) and (max-width: 992px) {\r\n.skxfg69f21e1503b16 {\r\ndisplay: block;\r\n}\r\n}\r\n@media screen and (min-width: 768px) and (max-width: 768px) {\r\n.skxfg69f21e1503b16 {\r\ndisplay: none;\r\n}\r\n}\r\n@media screen and (max-width: 767px) {\r\n.skxfg69f21e1503b16 {\r\ndisplay: none;\r\n}\r\n}\r\n<\/style>\r\n\n\n\n\n<p>A avalia\u00e7\u00e3o de parte da Corte \u00e9 que a decis\u00e3o de Mendon\u00e7a extrapolou o pedido inicial e que a discuss\u00e3o sobre se as<strong>&nbsp;al\u00edquotas do ICMS dos combust\u00edveis<\/strong>&nbsp;devem ser uniformes em todo pa\u00eds deveria ser feita na a\u00e7\u00e3o relatada por Gilmar.<\/p>\n\n\n\n<p>Na quarta-feira (15), em um despacho, o ministro j\u00e1 havia dado cinco dias para a AGU e a Procuradoria-Geral da Rep\u00fablica (PGR) se manifestarem sobre o tema e apontado que a discuss\u00e3o seria realizada em plen\u00e1rio. A decis\u00e3o monocr\u00e1tica de Mendon\u00e7a ainda n\u00e3o tem data para ser analisada pelo colegiado.<\/p>\n\n\n\n<p>Valor<\/p>\n","protected":false},"excerpt":{"rendered":"<p>Uma ala do&nbsp;Supremo Tribunal Federal (STF)&nbsp;criticou a decis\u00e3o do&nbsp;ministro Andr\u00e9 Mendon\u00e7a,&nbsp;que, na pr\u00e1tica, obriga os Estados a reduzir&nbsp;ICMS sobre diesel. Tamb\u00e9m foi mal recebido o fato de ele cobrar informa\u00e7\u00f5es sobre a&nbsp;pol\u00edtica de pre\u00e7os da Petrobras. Para um ministro, Mendon\u00e7a &#8220;ampliou&#8221; o objeto da a\u00e7\u00e3o, ao dar cinco dias para que a estatal encaminhe documentos<br \/><a class=\"more-link\" href=\"https:\/\/justicapotiguar.com.br\/index.php\/2022\/06\/19\/parte-do-stf-critica-decisao-de-mendonca-sobre-icms-do-diesel\/\">Mais&#8230;<\/a><\/p>\n","protected":false},"author":5,"featured_media":0,"comment_status":"open","ping_status":"open","sticky":false,"template":"","format":"standard","meta":[],"categories":[1],"tags":[],"_links":{"self":[{"href":"https:\/\/justicapotiguar.com.br\/index.php\/wp-json\/wp\/v2\/posts\/26674"}],"collection":[{"href":"https:\/\/justicapotiguar.com.br\/index.php\/wp-json\/wp\/v2\/posts"}],"about":[{"href":"https:\/\/justicapotiguar.com.br\/index.php\/wp-json\/wp\/v2\/types\/post"}],"author":[{"embeddable":true,"href":"https:\/\/justicapotiguar.com.br\/index.php\/wp-json\/wp\/v2\/users\/5"}],"replies":[{"embeddable":true,"href":"https:\/\/justicapotiguar.com.br\/index.php\/wp-json\/wp\/v2\/comments?post=26674"}],"version-history":[{"count":1,"href":"https:\/\/justicapotiguar.com.br\/index.php\/wp-json\/wp\/v2\/posts\/26674\/revisions"}],"predecessor-version":[{"id":26675,"href":"https:\/\/justicapotiguar.com.br\/index.php\/wp-json\/wp\/v2\/posts\/26674\/revisions\/26675"}],"wp:attachment":[{"href":"https:\/\/justicapotiguar.com.br\/index.php\/wp-json\/wp\/v2\/media?parent=26674"}],"wp:term":[{"taxonomy":"category","embeddable":true,"href":"https:\/\/justicapotiguar.com.br\/index.php\/wp-json\/wp\/v2\/categories?post=26674"},{"taxonomy":"post_tag","embeddable":true,"href":"https:\/\/justicapotiguar.com.br\/index.php\/wp-json\/wp\/v2\/tags?post=26674"}],"curies":[{"name":"wp","href":"https:\/\/api.w.org\/{rel}","templated":true}]}}