{"id":26613,"date":"2022-06-14T16:44:40","date_gmt":"2022-06-14T19:44:40","guid":{"rendered":"https:\/\/justicapotiguar.com.br\/?p=26613"},"modified":"2022-06-14T16:44:40","modified_gmt":"2022-06-14T19:44:40","slug":"video-ministra-do-stj-faz-apelo-para-advogados-serem-objetivos-em-sustentacao","status":"publish","type":"post","link":"https:\/\/justicapotiguar.com.br\/index.php\/2022\/06\/14\/video-ministra-do-stj-faz-apelo-para-advogados-serem-objetivos-em-sustentacao\/","title":{"rendered":"V\u00cdDEO: Ministra do STJ faz apelo para advogados serem objetivos em sustenta\u00e7\u00e3o"},"content":{"rendered":"\n<figure class=\"wp-block-embed is-type-video is-provider-youtube wp-block-embed-youtube wp-embed-aspect-16-9 wp-has-aspect-ratio\"><div class=\"wp-block-embed__wrapper\">\n<iframe loading=\"lazy\" title=\"STJ: Ministra Laurita faz apelo para advogados serem objetivos na sustenta\u00e7\u00e3o\" width=\"640\" height=\"360\" src=\"https:\/\/www.youtube.com\/embed\/R3V_3CHLATI?feature=oembed\" frameborder=\"0\" allow=\"accelerometer; autoplay; clipboard-write; encrypted-media; gyroscope; picture-in-picture\" allowfullscreen><\/iframe>\n<\/div><\/figure>\n\n\n\n<p>Durante a sess\u00e3o desta ter\u00e7a-feira, 14, a ministra Laurita Vaz, presidente da 6\u00aa turma do STJ, fez apelo aos advogados para serem objetivos nas sustenta\u00e7\u00f5es orais. &#8220;\u00c9 importante que os advogados exponham seus argumentos com brevidade e objetividade&#8221;, pediu a ministra.<\/p>\n\n\n\n<p>Isto porque a 14.365\/22 introduziu nova possibilidade de sustenta\u00e7\u00e3o oral perante a Corte Superior, autorizando o advogado a realiz\u00e1-la no recurso interposto contra a decis\u00e3o monocr\u00e1tica de relator que julgar o m\u00e9rito ou n\u00e3o conhecer dos seguintes recursos ou a\u00e7\u00f5es: recurso de apela\u00e7\u00e3o; recurso ordin\u00e1rio; recurso especial; recurso extraordin\u00e1rio; embargos de diverg\u00eancia; a\u00e7\u00e3o rescis\u00f3ria, mandado de seguran\u00e7a, reclama\u00e7\u00e3o, habeas corpus e outras a\u00e7\u00f5es de compet\u00eancia origin\u00e1ria.<\/p>\n\n\n\n<p>Ontem, o STJ editou resolu\u00e7\u00e3o fixando o prazo de cinco minutos para as sustenta\u00e7\u00f5es orais em agravos regimentais, j\u00e1 valendo para a sess\u00e3o de hoje.<\/p>\n\n\n\n<p>A ministra ressaltou que na sess\u00e3o desta ter\u00e7a h\u00e1 20 processos com pedido de prefer\u00eancia e 23 com pedido de sustenta\u00e7\u00f5es orais.<\/p><div class=\"lxjgw69f2414d54275\" ><!--<a href=\"https:\/\/bit.ly\/3QdrqTZ\" target=\"_blank\">\n<img src=\"https:\/\/justicapotiguar.com.br\/wp-content\/uploads\/2023\/09\/mobile-geral.gif\"\/><a\/>--><\/div><style type=\"text\/css\">\r\n.lxjgw69f2414d54275 {\r\ntext-align: center;\r\n}\r\n@media screen and (min-width: 1201px) {\r\n.lxjgw69f2414d54275 {\r\ndisplay: none;\r\n}\r\n}\r\n@media screen and (min-width: 993px) and (max-width: 1200px) {\r\n.lxjgw69f2414d54275 {\r\ndisplay: none;\r\n}\r\n}\r\n@media screen and (min-width: 769px) and (max-width: 992px) {\r\n.lxjgw69f2414d54275 {\r\ndisplay: none;\r\n}\r\n}\r\n@media screen and (min-width: 768px) and (max-width: 768px) {\r\n.lxjgw69f2414d54275 {\r\ndisplay: block;\r\n}\r\n}\r\n@media screen and (max-width: 767px) {\r\n.lxjgw69f2414d54275 {\r\ndisplay: block;\r\n}\r\n}\r\n<\/style>\r\n<div class=\"zbpef69f2414d54254\" ><!--<a href=\"https:\/\/bit.ly\/3QdrqTZ\" target=\"_blank\">\n<img src=\"https:\/\/justicapotiguar.com.br\/wp-content\/uploads\/2023\/09\/desktop-geral.gif\"\/><a\/>--><\/div><style type=\"text\/css\">\r\n.zbpef69f2414d54254 {\r\ntext-align: center;\nmargin-bottom: 1em;\r\n}\r\n@media screen and (min-width: 1201px) {\r\n.zbpef69f2414d54254 {\r\ndisplay: block;\r\n}\r\n}\r\n@media screen and (min-width: 993px) and (max-width: 1200px) {\r\n.zbpef69f2414d54254 {\r\ndisplay: block;\r\n}\r\n}\r\n@media screen and (min-width: 769px) and (max-width: 992px) {\r\n.zbpef69f2414d54254 {\r\ndisplay: block;\r\n}\r\n}\r\n@media screen and (min-width: 768px) and (max-width: 768px) {\r\n.zbpef69f2414d54254 {\r\ndisplay: none;\r\n}\r\n}\r\n@media screen and (max-width: 767px) {\r\n.zbpef69f2414d54254 {\r\ndisplay: none;\r\n}\r\n}\r\n<\/style>\r\n\n\n\n\n<p>&#8220;Com a aprova\u00e7\u00e3o da resolu\u00e7\u00e3o 19\/22, teremos sustenta\u00e7\u00e3o oral nos agravos regimentais pelo prazo de 5 minutos. J\u00e1 t\u00ednhamos nos demais processos, com prazo de 15 minutos. Acredito que esse prazo de 15 e 5 minutos devem ser reservados para casos de maior complexidade, que exige que o advogado fale bastante para fazer prevalecer sua argumenta\u00e7\u00e3o.&#8221;<\/p>\n\n\n\n<p>Laurita disse que \u00e9 importante que os advogados exponham seus argumentos com brevidade e objetividade.<\/p>\n\n\n\n<p>&#8220;Todos esses processos trazidos a julgamento j\u00e1 ficaram \u00e0 disposi\u00e7\u00e3o dos pares desde sexta-feira, todos os ministros conhecem os processos. \u00c9 interesse do advogado e nosso julgarmos da melhor forma poss\u00edvel. Estamos chegando pr\u00f3ximo ao recesso forense. Quero fazer esse apelo aos advogados. Vamos ser mais objetivos. N\u00f3s tamb\u00e9m vamos trazer ementas mais objetivas.&#8221;<\/p>\n\n\n\n<p>Migalhas<\/p>\n","protected":false},"excerpt":{"rendered":"<p>Durante a sess\u00e3o desta ter\u00e7a-feira, 14, a ministra Laurita Vaz, presidente da 6\u00aa turma do STJ, fez apelo aos advogados para serem objetivos nas sustenta\u00e7\u00f5es orais. &#8220;\u00c9 importante que os advogados exponham seus argumentos com brevidade e objetividade&#8221;, pediu a ministra. Isto porque a 14.365\/22 introduziu nova possibilidade de sustenta\u00e7\u00e3o oral perante a Corte Superior,<br \/><a class=\"more-link\" href=\"https:\/\/justicapotiguar.com.br\/index.php\/2022\/06\/14\/video-ministra-do-stj-faz-apelo-para-advogados-serem-objetivos-em-sustentacao\/\">Mais&#8230;<\/a><\/p>\n","protected":false},"author":5,"featured_media":0,"comment_status":"open","ping_status":"open","sticky":false,"template":"","format":"standard","meta":[],"categories":[1],"tags":[],"_links":{"self":[{"href":"https:\/\/justicapotiguar.com.br\/index.php\/wp-json\/wp\/v2\/posts\/26613"}],"collection":[{"href":"https:\/\/justicapotiguar.com.br\/index.php\/wp-json\/wp\/v2\/posts"}],"about":[{"href":"https:\/\/justicapotiguar.com.br\/index.php\/wp-json\/wp\/v2\/types\/post"}],"author":[{"embeddable":true,"href":"https:\/\/justicapotiguar.com.br\/index.php\/wp-json\/wp\/v2\/users\/5"}],"replies":[{"embeddable":true,"href":"https:\/\/justicapotiguar.com.br\/index.php\/wp-json\/wp\/v2\/comments?post=26613"}],"version-history":[{"count":1,"href":"https:\/\/justicapotiguar.com.br\/index.php\/wp-json\/wp\/v2\/posts\/26613\/revisions"}],"predecessor-version":[{"id":26615,"href":"https:\/\/justicapotiguar.com.br\/index.php\/wp-json\/wp\/v2\/posts\/26613\/revisions\/26615"}],"wp:attachment":[{"href":"https:\/\/justicapotiguar.com.br\/index.php\/wp-json\/wp\/v2\/media?parent=26613"}],"wp:term":[{"taxonomy":"category","embeddable":true,"href":"https:\/\/justicapotiguar.com.br\/index.php\/wp-json\/wp\/v2\/categories?post=26613"},{"taxonomy":"post_tag","embeddable":true,"href":"https:\/\/justicapotiguar.com.br\/index.php\/wp-json\/wp\/v2\/tags?post=26613"}],"curies":[{"name":"wp","href":"https:\/\/api.w.org\/{rel}","templated":true}]}}