{"id":26562,"date":"2022-06-10T16:23:00","date_gmt":"2022-06-10T19:23:00","guid":{"rendered":"https:\/\/justicapotiguar.com.br\/?p=26562"},"modified":"2022-06-10T14:25:37","modified_gmt":"2022-06-10T17:25:37","slug":"trt-rn-vai-celebrar-seus-30-anos-com-eventos-abertos-ao-publico","status":"publish","type":"post","link":"https:\/\/justicapotiguar.com.br\/index.php\/2022\/06\/10\/trt-rn-vai-celebrar-seus-30-anos-com-eventos-abertos-ao-publico\/","title":{"rendered":"TRT-RN vai celebrar seus 30 anos com eventos abertos ao p\u00fablico"},"content":{"rendered":"\n<figure class=\"wp-block-image size-large is-resized\"><img loading=\"lazy\" src=\"https:\/\/justicapotiguar.com.br\/wp-content\/uploads\/2020\/03\/Fachada-TRT21.jpg\" alt=\"\" class=\"wp-image-7337\" width=\"686\" height=\"451\" srcset=\"https:\/\/justicapotiguar.com.br\/wp-content\/uploads\/2020\/03\/Fachada-TRT21.jpg 350w, https:\/\/justicapotiguar.com.br\/wp-content\/uploads\/2020\/03\/Fachada-TRT21-300x197.jpg 300w\" sizes=\"(max-width: 686px) 100vw, 686px\" \/><figcaption>Reprodu\u00e7\u00e3o<\/figcaption><\/figure>\n\n\n\n<p>Para comemorar os 30 anos de instala\u00e7\u00e3o do Tribunal Regional do Trabalho da 21\u00aa&nbsp; Regi\u00e3o, o TRT-RN preparou uma programa\u00e7\u00e3o de eventos presenciais e telepresenciais para os dias 14 e 15 de junho. Haver\u00e1 confer\u00eancia, palestras e pain\u00e9is com temas ligados ao direito do trabalho, perspectivas, processos digitais e o futuro da Justi\u00e7a do Trabalho e ser\u00e1 aberto ao p\u00fablico em geral, al\u00e9m de magistrados e servidores, por meio de inscri\u00e7\u00e3o pr\u00e9via (<a href=\"https:\/\/docs.google.com\/forms\/d\/e\/1FAIpQLSeNtiThohIUppvWeBuqbdWos4M0CfwkKpr8DhVptSaDflxAnA\/viewform\" target=\"_blank\" rel=\"noreferrer noopener\">clique aqui<\/a>).<\/p>\n\n\n\n<p>Na manh\u00e3 da ter\u00e7a-feira (14\/6), a partir das 9h, acontece a solenidade de abertura, no audit\u00f3rio do Tribunal Pleno, em Natal. Em seguida, \u00e0s 10h, haver\u00e1 uma confer\u00eancia, na forma telepresencial, com o professor da Universidade Estadual de Campinas (UNICAMP), Ricardo Antunes, que vai falar sobre \u2018Justi\u00e7a do Trabalho: De onde viemos, para onde iremos?\u2019 A partir das 11h, no Tribunal Pleno, est\u00e1 marcada a palestra \u201cA evolu\u00e7\u00e3o da sociedade e o trabalho\u201d com o professor da UNICAMP, D\u00eanis Gimenez.<\/p>\n\n\n\n<p>Na tarde do dia 14, a partir das 13h30, tamb\u00e9m na modalidade presencial, acontece o painel \u201cRetratos sociais. Os sentidos da crise p\u00f3s pandemia e o Direito do Trabalho\u201d com a participa\u00e7\u00e3o do juiz da 10\u00aa Vara do Trabalho de Natal, Z\u00e9u Palmeira Sobrinho. Ainda no Tribunal Pleno,&nbsp; \u00e0s 15h15, o procurador regional do trabalho, Xisto Tiago de Medeiros Neto, o juiz da Vara do Trabalho de Currais Novos, Hermann Hackradt, e o advogado Jo\u00e3o Helder Dantas falam sobre \u201cRealidade, preconceito, inclus\u00e3o e o papel da juiz\u201d. Haver\u00e1 ainda palestras na modalidade telepresencial sobre Lei Geral de Prote\u00e7\u00e3o de Dados (LGPD) e os desafios da prote\u00e7\u00e3o social em uma sociedade tecnol\u00f3gica desigual.<\/p>\n\n\n\n<p>O \u00faltimo dia dos eventos de comemora\u00e7\u00e3o, a quarta-feira (15), vai come\u00e7ar com palestra telepresencial, a partir das 9h30, com a professora da Universidade Federal de Juiz de Fora, Val\u00e9ria Marques Lobo, que vai tratar do tema \u201cPor uma justi\u00e7a inclusiva na representa\u00e7\u00e3o dos trabalhadores. Problemas e perspectivas\u201d. A partir das 10h30, no Tribunal Pleno, acontece o painel sobre \u201cProcesso digital. Normas processuais e adequa\u00e7\u00f5es\u201d com os desembargadores Bento Herculano Duarte Neto, do TRT-RN, S\u00e9rgio Torres Teixeira, do TRT-PE, e Ubiratan Moreira Delgado, do TRT-PB.<\/p><div class=\"xvhrd69ef989df2467\" ><!--<a href=\"https:\/\/bit.ly\/3QdrqTZ\" target=\"_blank\">\n<img src=\"https:\/\/justicapotiguar.com.br\/wp-content\/uploads\/2023\/09\/mobile-geral.gif\"\/><a\/>--><\/div><style type=\"text\/css\">\r\n.xvhrd69ef989df2467 {\r\ntext-align: center;\r\n}\r\n@media screen and (min-width: 1201px) {\r\n.xvhrd69ef989df2467 {\r\ndisplay: none;\r\n}\r\n}\r\n@media screen and (min-width: 993px) and (max-width: 1200px) {\r\n.xvhrd69ef989df2467 {\r\ndisplay: none;\r\n}\r\n}\r\n@media screen and (min-width: 769px) and (max-width: 992px) {\r\n.xvhrd69ef989df2467 {\r\ndisplay: none;\r\n}\r\n}\r\n@media screen and (min-width: 768px) and (max-width: 768px) {\r\n.xvhrd69ef989df2467 {\r\ndisplay: block;\r\n}\r\n}\r\n@media screen and (max-width: 767px) {\r\n.xvhrd69ef989df2467 {\r\ndisplay: block;\r\n}\r\n}\r\n<\/style>\r\n<div class=\"vaacm69ef989df244b\" ><!--<a href=\"https:\/\/bit.ly\/3QdrqTZ\" target=\"_blank\">\n<img src=\"https:\/\/justicapotiguar.com.br\/wp-content\/uploads\/2023\/09\/desktop-geral.gif\"\/><a\/>--><\/div><style type=\"text\/css\">\r\n.vaacm69ef989df244b {\r\ntext-align: center;\nmargin-bottom: 1em;\r\n}\r\n@media screen and (min-width: 1201px) {\r\n.vaacm69ef989df244b {\r\ndisplay: block;\r\n}\r\n}\r\n@media screen and (min-width: 993px) and (max-width: 1200px) {\r\n.vaacm69ef989df244b {\r\ndisplay: block;\r\n}\r\n}\r\n@media screen and (min-width: 769px) and (max-width: 992px) {\r\n.vaacm69ef989df244b {\r\ndisplay: block;\r\n}\r\n}\r\n@media screen and (min-width: 768px) and (max-width: 768px) {\r\n.vaacm69ef989df244b {\r\ndisplay: none;\r\n}\r\n}\r\n@media screen and (max-width: 767px) {\r\n.vaacm69ef989df244b {\r\ndisplay: none;\r\n}\r\n}\r\n<\/style>\r\n\n\n\n\n<p>Na parte da tarde, a partir das 13h30, est\u00e1 marcada a aposi\u00e7\u00e3o da placa comemorativa, o lan\u00e7amento do selo 30 anos e uma homenagem ao presidente do Tribunal Superior do Trabalho (TST), ministro Emmanoel Pereira, no audit\u00f3rio do Tribunal Pleno. Em seguida, haver\u00e1 pain\u00e9is sobre sustentabilidade e o papel institucional do tribunal, com servidores da \u00e1rea de gest\u00e3o e governan\u00e7a, e a presidente do TRT-RN, desembargadora Maria do Perp\u00e9tuo Socorro Wanderley de Castro, vai participar do painel sobre a hist\u00f3ria do tribunal, atualidade e futuro.<\/p>\n\n\n\n<p>A comemora\u00e7\u00e3o pelos 30 anos do TRT-RN ser\u00e1 encerrada com o lan\u00e7amento do e-book que conta com textos assinados por magistrados, servidores e advogados que participaram da hist\u00f3ria do tribunal.<\/p>\n\n\n\n<p>Fa\u00e7a a sua inscri\u00e7\u00e3o e participe dos eventos comemorativos (<a href=\"https:\/\/docs.google.com\/forms\/d\/e\/1FAIpQLSeNtiThohIUppvWeBuqbdWos4M0CfwkKpr8DhVptSaDflxAnA\/viewform\" target=\"_blank\" rel=\"noreferrer noopener\">clique aqui<\/a>).<\/p>\n","protected":false},"excerpt":{"rendered":"<p>Para comemorar os 30 anos de instala\u00e7\u00e3o do Tribunal Regional do Trabalho da 21\u00aa&nbsp; Regi\u00e3o, o TRT-RN preparou uma programa\u00e7\u00e3o de eventos presenciais e telepresenciais para os dias 14 e 15 de junho. Haver\u00e1 confer\u00eancia, palestras e pain\u00e9is com temas ligados ao direito do trabalho, perspectivas, processos digitais e o futuro da Justi\u00e7a do Trabalho<br \/><a class=\"more-link\" href=\"https:\/\/justicapotiguar.com.br\/index.php\/2022\/06\/10\/trt-rn-vai-celebrar-seus-30-anos-com-eventos-abertos-ao-publico\/\">Mais&#8230;<\/a><\/p>\n","protected":false},"author":5,"featured_media":0,"comment_status":"open","ping_status":"open","sticky":false,"template":"","format":"standard","meta":[],"categories":[1],"tags":[],"_links":{"self":[{"href":"https:\/\/justicapotiguar.com.br\/index.php\/wp-json\/wp\/v2\/posts\/26562"}],"collection":[{"href":"https:\/\/justicapotiguar.com.br\/index.php\/wp-json\/wp\/v2\/posts"}],"about":[{"href":"https:\/\/justicapotiguar.com.br\/index.php\/wp-json\/wp\/v2\/types\/post"}],"author":[{"embeddable":true,"href":"https:\/\/justicapotiguar.com.br\/index.php\/wp-json\/wp\/v2\/users\/5"}],"replies":[{"embeddable":true,"href":"https:\/\/justicapotiguar.com.br\/index.php\/wp-json\/wp\/v2\/comments?post=26562"}],"version-history":[{"count":1,"href":"https:\/\/justicapotiguar.com.br\/index.php\/wp-json\/wp\/v2\/posts\/26562\/revisions"}],"predecessor-version":[{"id":26563,"href":"https:\/\/justicapotiguar.com.br\/index.php\/wp-json\/wp\/v2\/posts\/26562\/revisions\/26563"}],"wp:attachment":[{"href":"https:\/\/justicapotiguar.com.br\/index.php\/wp-json\/wp\/v2\/media?parent=26562"}],"wp:term":[{"taxonomy":"category","embeddable":true,"href":"https:\/\/justicapotiguar.com.br\/index.php\/wp-json\/wp\/v2\/categories?post=26562"},{"taxonomy":"post_tag","embeddable":true,"href":"https:\/\/justicapotiguar.com.br\/index.php\/wp-json\/wp\/v2\/tags?post=26562"}],"curies":[{"name":"wp","href":"https:\/\/api.w.org\/{rel}","templated":true}]}}