{"id":26538,"date":"2022-06-09T16:04:00","date_gmt":"2022-06-09T19:04:00","guid":{"rendered":"https:\/\/justicapotiguar.com.br\/?p=26538"},"modified":"2022-06-09T14:44:12","modified_gmt":"2022-06-09T17:44:12","slug":"juri-condena-homem-a-41-anos-de-prisao-pelo-homicidio-de-crianca-em-pau-dos-ferros","status":"publish","type":"post","link":"https:\/\/justicapotiguar.com.br\/index.php\/2022\/06\/09\/juri-condena-homem-a-41-anos-de-prisao-pelo-homicidio-de-crianca-em-pau-dos-ferros\/","title":{"rendered":"J\u00fari condena homem a 41 anos de pris\u00e3o pelo homic\u00eddio de crian\u00e7a em Pau dos Ferros"},"content":{"rendered":"\n<p>O Tribunal do J\u00fari da comarca de Pau dos Ferros, presidido pelo juiz Pablo de Oliveira Santos, condenou Francisco Gilnei Bento Naz\u00e1rio, 30, a pena de 41 anos, dois meses e dez dias-multa, em regime fechado, pelo assassinato de uma menina de 10 anos de idade, com golpes de esganadura, estrangulamento e sufocamento, na resid\u00eancia dele, ocorrido h\u00e1 pouco mais de 1 ano, naquela cidade do Oeste potiguar. A decis\u00e3o do conselho de senten\u00e7a, nessa quarta-feira (8), n\u00e3o concedeu ao r\u00e9u o direito de apelar em liberdade, mantendo sua pris\u00e3o preventiva. Al\u00e9m do crime doloso contra a vida, a condena\u00e7\u00e3o envolve ainda os crimes de c\u00e1rcere privado, corrup\u00e7\u00e3o de menores e oculta\u00e7\u00e3o de cad\u00e1ver.<\/p>\n\n\n\n<figure class=\"wp-block-image size-large\"><img loading=\"lazy\" width=\"620\" height=\"411\" src=\"https:\/\/justicapotiguar.com.br\/wp-content\/uploads\/2019\/08\/juri-popular-advogados-criminais.jpg\" alt=\"\" class=\"wp-image-1196\" srcset=\"https:\/\/justicapotiguar.com.br\/wp-content\/uploads\/2019\/08\/juri-popular-advogados-criminais.jpg 620w, https:\/\/justicapotiguar.com.br\/wp-content\/uploads\/2019\/08\/juri-popular-advogados-criminais-300x199.jpg 300w\" sizes=\"(max-width: 620px) 100vw, 620px\" \/><figcaption>Reprodu\u00e7\u00e3o<\/figcaption><\/figure>\n\n\n\n<p>Ele foi condenado pelo homic\u00eddio, com emprego de meio cruel, o qual cometeu em 26 de maio de 2021, corrompendo uma adolescente, sua companheira, para, com ele, praticar a conduta criminosa. Ap\u00f3s o crime, ocultou o cad\u00e1ver da v\u00edtima. A crian\u00e7a foi atra\u00edda pela dupla por meio da enganosa promessa de doa\u00e7\u00e3o de roupas. O delito foi praticado, na resid\u00eancia onde Francisco Gilnei e a adolescente moravam, realizando ritual espiritual macabro e repugnante, segundo a den\u00fancia do Minist\u00e9rio P\u00fablico Estadual.<\/p><div class=\"pdxpc69f241380a36d\" ><!--<a href=\"https:\/\/bit.ly\/3QdrqTZ\" target=\"_blank\">\n<img src=\"https:\/\/justicapotiguar.com.br\/wp-content\/uploads\/2023\/09\/mobile-geral.gif\"\/><a\/>--><\/div><style type=\"text\/css\">\r\n.pdxpc69f241380a36d {\r\ntext-align: center;\r\n}\r\n@media screen and (min-width: 1201px) {\r\n.pdxpc69f241380a36d {\r\ndisplay: none;\r\n}\r\n}\r\n@media screen and (min-width: 993px) and (max-width: 1200px) {\r\n.pdxpc69f241380a36d {\r\ndisplay: none;\r\n}\r\n}\r\n@media screen and (min-width: 769px) and (max-width: 992px) {\r\n.pdxpc69f241380a36d {\r\ndisplay: none;\r\n}\r\n}\r\n@media screen and (min-width: 768px) and (max-width: 768px) {\r\n.pdxpc69f241380a36d {\r\ndisplay: block;\r\n}\r\n}\r\n@media screen and (max-width: 767px) {\r\n.pdxpc69f241380a36d {\r\ndisplay: block;\r\n}\r\n}\r\n<\/style>\r\n<div class=\"wqtuo69f241380a351\" ><!--<a href=\"https:\/\/bit.ly\/3QdrqTZ\" target=\"_blank\">\n<img src=\"https:\/\/justicapotiguar.com.br\/wp-content\/uploads\/2023\/09\/desktop-geral.gif\"\/><a\/>--><\/div><style type=\"text\/css\">\r\n.wqtuo69f241380a351 {\r\ntext-align: center;\nmargin-bottom: 1em;\r\n}\r\n@media screen and (min-width: 1201px) {\r\n.wqtuo69f241380a351 {\r\ndisplay: block;\r\n}\r\n}\r\n@media screen and (min-width: 993px) and (max-width: 1200px) {\r\n.wqtuo69f241380a351 {\r\ndisplay: block;\r\n}\r\n}\r\n@media screen and (min-width: 769px) and (max-width: 992px) {\r\n.wqtuo69f241380a351 {\r\ndisplay: block;\r\n}\r\n}\r\n@media screen and (min-width: 768px) and (max-width: 768px) {\r\n.wqtuo69f241380a351 {\r\ndisplay: none;\r\n}\r\n}\r\n@media screen and (max-width: 767px) {\r\n.wqtuo69f241380a351 {\r\ndisplay: none;\r\n}\r\n}\r\n<\/style>\r\n\n\n\n\n<p>Ap\u00f3s a menina ingressar na casa, trancaram a porta para impedir a fuga, a v\u00edtima foi tomada em c\u00e1rcere privado sofrendo o ato violento descrito pelo MPRN. A crian\u00e7a ainda tentou evitar que seu sangue fosse extra\u00eddo. O pretexto para a a\u00e7\u00e3o criminosa, segundo relatado nos autos, era o de que o condenado precisava de sangue de uma mulher virgem para se livrar do v\u00edcio das drogas. A autoria e materialidade dos crimes encontram-se suficientemente comprovadas pelo laudo de exame necrosc\u00f3pico e autos de reconhecimento fotogr\u00e1fico, bem como pelos depoimentos testemunhais e confiss\u00e3o do r\u00e9u.<\/p>\n","protected":false},"excerpt":{"rendered":"<p>O Tribunal do J\u00fari da comarca de Pau dos Ferros, presidido pelo juiz Pablo de Oliveira Santos, condenou Francisco Gilnei Bento Naz\u00e1rio, 30, a pena de 41 anos, dois meses e dez dias-multa, em regime fechado, pelo assassinato de uma menina de 10 anos de idade, com golpes de esganadura, estrangulamento e sufocamento, na resid\u00eancia<br \/><a class=\"more-link\" href=\"https:\/\/justicapotiguar.com.br\/index.php\/2022\/06\/09\/juri-condena-homem-a-41-anos-de-prisao-pelo-homicidio-de-crianca-em-pau-dos-ferros\/\">Mais&#8230;<\/a><\/p>\n","protected":false},"author":5,"featured_media":0,"comment_status":"open","ping_status":"open","sticky":false,"template":"","format":"standard","meta":[],"categories":[1],"tags":[],"_links":{"self":[{"href":"https:\/\/justicapotiguar.com.br\/index.php\/wp-json\/wp\/v2\/posts\/26538"}],"collection":[{"href":"https:\/\/justicapotiguar.com.br\/index.php\/wp-json\/wp\/v2\/posts"}],"about":[{"href":"https:\/\/justicapotiguar.com.br\/index.php\/wp-json\/wp\/v2\/types\/post"}],"author":[{"embeddable":true,"href":"https:\/\/justicapotiguar.com.br\/index.php\/wp-json\/wp\/v2\/users\/5"}],"replies":[{"embeddable":true,"href":"https:\/\/justicapotiguar.com.br\/index.php\/wp-json\/wp\/v2\/comments?post=26538"}],"version-history":[{"count":1,"href":"https:\/\/justicapotiguar.com.br\/index.php\/wp-json\/wp\/v2\/posts\/26538\/revisions"}],"predecessor-version":[{"id":26539,"href":"https:\/\/justicapotiguar.com.br\/index.php\/wp-json\/wp\/v2\/posts\/26538\/revisions\/26539"}],"wp:attachment":[{"href":"https:\/\/justicapotiguar.com.br\/index.php\/wp-json\/wp\/v2\/media?parent=26538"}],"wp:term":[{"taxonomy":"category","embeddable":true,"href":"https:\/\/justicapotiguar.com.br\/index.php\/wp-json\/wp\/v2\/categories?post=26538"},{"taxonomy":"post_tag","embeddable":true,"href":"https:\/\/justicapotiguar.com.br\/index.php\/wp-json\/wp\/v2\/tags?post=26538"}],"curies":[{"name":"wp","href":"https:\/\/api.w.org\/{rel}","templated":true}]}}