{"id":26515,"date":"2022-06-08T16:09:40","date_gmt":"2022-06-08T19:09:40","guid":{"rendered":"https:\/\/justicapotiguar.com.br\/?p=26515"},"modified":"2022-06-08T16:29:40","modified_gmt":"2022-06-08T19:29:40","slug":"stj-define-que-rol-da-ans-e-taxativo-para-planos-de-saude","status":"publish","type":"post","link":"https:\/\/justicapotiguar.com.br\/index.php\/2022\/06\/08\/stj-define-que-rol-da-ans-e-taxativo-para-planos-de-saude\/","title":{"rendered":"Planos de sa\u00fade n\u00e3o s\u00e3o obrigados a cobrir tratamentos para autismo e outros fora da lista ANS, decide STJ"},"content":{"rendered":"\n<figure class=\"wp-block-image size-large\"><img loading=\"lazy\" width=\"954\" height=\"499\" src=\"https:\/\/justicapotiguar.com.br\/wp-content\/uploads\/2019\/08\/plano-de-sa\u00fade.png\" alt=\"\" class=\"wp-image-661\" srcset=\"https:\/\/justicapotiguar.com.br\/wp-content\/uploads\/2019\/08\/plano-de-sa\u00fade.png 954w, https:\/\/justicapotiguar.com.br\/wp-content\/uploads\/2019\/08\/plano-de-sa\u00fade-300x157.png 300w, https:\/\/justicapotiguar.com.br\/wp-content\/uploads\/2019\/08\/plano-de-sa\u00fade-768x402.png 768w\" sizes=\"(max-width: 954px) 100vw, 954px\" \/><figcaption>Ilustrativa<\/figcaption><\/figure>\n\n\n\n<p>A Segunda Se\u00e7\u00e3o do Superior Tribunal de Justi\u00e7a (STJ) formou maioria nesta quarta-feira (8) para fixar que as operadoras dos planos de sa\u00fade<strong>n\u00e3o precisam cobrir procedimentos que n\u00e3o constem na lista da Ag\u00eancia Nacional de Sa\u00fade Suplementar (ANS)<\/strong>.<\/p>\n\n\n\n<p>A decis\u00e3o abarca a cobertura de exames, terapias, cirurgias e fornecimento de medicamentos, por exemplo.<\/p>\n\n\n\n<p>Seis dos nove ministros que votam na Segunda Se\u00e7\u00e3o entenderam que o chamado&nbsp;<strong>rol de procedimentos da ANS \u00e9 taxativo \u2013 ou seja, que a lista n\u00e3o cont\u00e9m apenas exemplos, mas todas as obriga\u00e7\u00f5es de cobertura para os planos de sa\u00fade.<\/strong><\/p>\n\n\n\n<p>Adotaram esse entendimento os ministros Luis Felipe Salom\u00e3o, Vilas B\u00f4as Cueva, Raul Ara\u00fajo, Isabel Gallotti, Marco Buzzi e Marco Aur\u00e9lio Bellizze.<\/p><div class=\"ouijl69f24ed057f2c\" ><!--<a href=\"https:\/\/bit.ly\/3QdrqTZ\" target=\"_blank\">\n<img src=\"https:\/\/justicapotiguar.com.br\/wp-content\/uploads\/2023\/09\/mobile-geral.gif\"\/><a\/>--><\/div><style type=\"text\/css\">\r\n.ouijl69f24ed057f2c {\r\ntext-align: center;\r\n}\r\n@media screen and (min-width: 1201px) {\r\n.ouijl69f24ed057f2c {\r\ndisplay: none;\r\n}\r\n}\r\n@media screen and (min-width: 993px) and (max-width: 1200px) {\r\n.ouijl69f24ed057f2c {\r\ndisplay: none;\r\n}\r\n}\r\n@media screen and (min-width: 769px) and (max-width: 992px) {\r\n.ouijl69f24ed057f2c {\r\ndisplay: none;\r\n}\r\n}\r\n@media screen and (min-width: 768px) and (max-width: 768px) {\r\n.ouijl69f24ed057f2c {\r\ndisplay: block;\r\n}\r\n}\r\n@media screen and (max-width: 767px) {\r\n.ouijl69f24ed057f2c {\r\ndisplay: block;\r\n}\r\n}\r\n<\/style>\r\n<div class=\"hgnhu69f24ed057f10\" ><!--<a href=\"https:\/\/bit.ly\/3QdrqTZ\" target=\"_blank\">\n<img src=\"https:\/\/justicapotiguar.com.br\/wp-content\/uploads\/2023\/09\/desktop-geral.gif\"\/><a\/>--><\/div><style type=\"text\/css\">\r\n.hgnhu69f24ed057f10 {\r\ntext-align: center;\nmargin-bottom: 1em;\r\n}\r\n@media screen and (min-width: 1201px) {\r\n.hgnhu69f24ed057f10 {\r\ndisplay: block;\r\n}\r\n}\r\n@media screen and (min-width: 993px) and (max-width: 1200px) {\r\n.hgnhu69f24ed057f10 {\r\ndisplay: block;\r\n}\r\n}\r\n@media screen and (min-width: 769px) and (max-width: 992px) {\r\n.hgnhu69f24ed057f10 {\r\ndisplay: block;\r\n}\r\n}\r\n@media screen and (min-width: 768px) and (max-width: 768px) {\r\n.hgnhu69f24ed057f10 {\r\ndisplay: none;\r\n}\r\n}\r\n@media screen and (max-width: 767px) {\r\n.hgnhu69f24ed057f10 {\r\ndisplay: none;\r\n}\r\n}\r\n<\/style>\r\n\n\n\n\n<p>Votaram em sentido contr\u00e1rio os ministros Nancy Andrighi, Paulo de Tarso e Moura Ribeiro. Para esses magistrados, a lista deveria ser &#8220;exemplificativa&#8221;, ou seja, representar a cobertura m\u00ednima dos conv\u00eanios.<\/p>\n\n\n\n<p>Segundo o advogado Murilo Mariz: essa foi uma das decis\u00f5es mais importantes nos \u00faltimos anos, pois altera entendimento que prevalecia nos Tribunais do pa\u00eds. Com isso as operadoras passam a somente ser obrigadas a autorizar e custear os tratamentos e procedimentos previstos no ROL elaborado e atualizado permanentemente pela ANS.<\/p>\n\n\n\n<p>Com informa\u00e7\u00f5es do G1<\/p>\n\n\n\n<p><\/p>\n","protected":false},"excerpt":{"rendered":"<p>A Segunda Se\u00e7\u00e3o do Superior Tribunal de Justi\u00e7a (STJ) formou maioria nesta quarta-feira (8) para fixar que as operadoras dos planos de sa\u00faden\u00e3o precisam cobrir procedimentos que n\u00e3o constem na lista da Ag\u00eancia Nacional de Sa\u00fade Suplementar (ANS). A decis\u00e3o abarca a cobertura de exames, terapias, cirurgias e fornecimento de medicamentos, por exemplo. Seis dos<br \/><a class=\"more-link\" href=\"https:\/\/justicapotiguar.com.br\/index.php\/2022\/06\/08\/stj-define-que-rol-da-ans-e-taxativo-para-planos-de-saude\/\">Mais&#8230;<\/a><\/p>\n","protected":false},"author":5,"featured_media":0,"comment_status":"open","ping_status":"open","sticky":false,"template":"","format":"standard","meta":[],"categories":[1],"tags":[],"_links":{"self":[{"href":"https:\/\/justicapotiguar.com.br\/index.php\/wp-json\/wp\/v2\/posts\/26515"}],"collection":[{"href":"https:\/\/justicapotiguar.com.br\/index.php\/wp-json\/wp\/v2\/posts"}],"about":[{"href":"https:\/\/justicapotiguar.com.br\/index.php\/wp-json\/wp\/v2\/types\/post"}],"author":[{"embeddable":true,"href":"https:\/\/justicapotiguar.com.br\/index.php\/wp-json\/wp\/v2\/users\/5"}],"replies":[{"embeddable":true,"href":"https:\/\/justicapotiguar.com.br\/index.php\/wp-json\/wp\/v2\/comments?post=26515"}],"version-history":[{"count":3,"href":"https:\/\/justicapotiguar.com.br\/index.php\/wp-json\/wp\/v2\/posts\/26515\/revisions"}],"predecessor-version":[{"id":26519,"href":"https:\/\/justicapotiguar.com.br\/index.php\/wp-json\/wp\/v2\/posts\/26515\/revisions\/26519"}],"wp:attachment":[{"href":"https:\/\/justicapotiguar.com.br\/index.php\/wp-json\/wp\/v2\/media?parent=26515"}],"wp:term":[{"taxonomy":"category","embeddable":true,"href":"https:\/\/justicapotiguar.com.br\/index.php\/wp-json\/wp\/v2\/categories?post=26515"},{"taxonomy":"post_tag","embeddable":true,"href":"https:\/\/justicapotiguar.com.br\/index.php\/wp-json\/wp\/v2\/tags?post=26515"}],"curies":[{"name":"wp","href":"https:\/\/api.w.org\/{rel}","templated":true}]}}