{"id":26513,"date":"2022-06-08T15:58:19","date_gmt":"2022-06-08T18:58:19","guid":{"rendered":"https:\/\/justicapotiguar.com.br\/?p=26513"},"modified":"2022-06-08T15:58:19","modified_gmt":"2022-06-08T18:58:19","slug":"stj-vai-retirar-casos-da-pauta-virtual-ate-sistema-permitir-sustentacao-oral","status":"publish","type":"post","link":"https:\/\/justicapotiguar.com.br\/index.php\/2022\/06\/08\/stj-vai-retirar-casos-da-pauta-virtual-ate-sistema-permitir-sustentacao-oral\/","title":{"rendered":"STJ vai retirar casos da pauta virtual at\u00e9 sistema permitir sustenta\u00e7\u00e3o oral"},"content":{"rendered":"\n<p>At\u00e9 que o sistema de julgamento virtual do Superior Tribunal de Justi\u00e7a seja adaptado para permitir a inser\u00e7\u00e3o de m\u00eddia contendo a sustenta\u00e7\u00e3o oral de advogados, a corte vai retirar de pauta todos os casos em que advogados quiserem fazer uso dessa prerrogativa, mesmo que para uso da palavra para esclarecimento de equ\u00edvoco ou d\u00favida surgida em rela\u00e7\u00e3o aos fatos.<\/p>\n\n\n\n<figure class=\"wp-block-image\"><img src=\"https:\/\/www.conjur.com.br\/img\/b\/sustentacao-oral-discurso-dialogo.png\" alt=\"\"\/><figcaption>Nova lei aumentou as possibilidades de sustenta\u00e7\u00e3o oral por advogados no STJ<br><sup>Dollar Photo Club<\/sup><\/figcaption><\/figure>\n\n\n\n<p>A delibera\u00e7\u00e3o foi feita em resolu\u00e7\u00e3o editada pela presid\u00eancia da Corte, assinada pelo ministro Humberto Martins e publicada na tarde de ter\u00e7a-feira (7\/6). A altera\u00e7\u00e3o obedece \u00e0s previs\u00f5es introduzidas no ordenamento jur\u00eddico pela recente aprova\u00e7\u00e3o da&nbsp;<a href=\"http:\/\/www.planalto.gov.br\/ccivil_03\/_ato2019-2022\/2022\/Lei\/L14365.htm\" target=\"_blank\" rel=\"noreferrer noopener\">Lei 14.365\/2022<\/a>, que alterou o Estatuto da Advocacia (Lei 8.906\/1994).<\/p>\n\n\n\n<p>A partir de agora, \u00e9 poss\u00edvel fazer sustenta\u00e7\u00e3o oral em recurso interposto contra decis\u00e3o monocr\u00e1tica de relator que julgar o m\u00e9rito ou n\u00e3o conhecer dos recursos especial e ordin\u00e1rio, e tamb\u00e9m em embargos de diverg\u00eancia, a\u00e7\u00e3o rescis\u00f3ria, mandado de seguran\u00e7a, reclama\u00e7\u00e3o, Habeas Corpus e outras a\u00e7\u00f5es de compet\u00eancia origin\u00e1ria.<\/p>\n\n\n\n<p>Como mostrou a&nbsp;<strong>ConJur<\/strong>, a lei&nbsp;<a href=\"https:\/\/www.conjur.com.br\/2022-jun-05\/lei-amplia-direitos-advogados-avaliam-especialistas\" target=\"_blank\" rel=\"noreferrer noopener\">ampliou o direito de advogados<\/a>&nbsp;e foi muito comemorada pela OAB,&nbsp;<a href=\"https:\/\/www.conjur.com.br\/2022-jun-03\/oab-celebra-aprovacao-estatuto-tentara-derrubar-vetos\" target=\"_blank\" rel=\"noreferrer noopener\">apesar dos vetos<\/a>&nbsp;feitos pelo presidente Jair Bolsonaro ao trecho da norma que coibiam buscas e apreens\u00f5es arbitr\u00e1rias em escrit\u00f3rios de advocacia.<\/p><div class=\"lmcrb69f252192e9b3\" ><!--<a href=\"https:\/\/bit.ly\/3QdrqTZ\" target=\"_blank\">\n<img src=\"https:\/\/justicapotiguar.com.br\/wp-content\/uploads\/2023\/09\/mobile-geral.gif\"\/><a\/>--><\/div><style type=\"text\/css\">\r\n.lmcrb69f252192e9b3 {\r\ntext-align: center;\r\n}\r\n@media screen and (min-width: 1201px) {\r\n.lmcrb69f252192e9b3 {\r\ndisplay: none;\r\n}\r\n}\r\n@media screen and (min-width: 993px) and (max-width: 1200px) {\r\n.lmcrb69f252192e9b3 {\r\ndisplay: none;\r\n}\r\n}\r\n@media screen and (min-width: 769px) and (max-width: 992px) {\r\n.lmcrb69f252192e9b3 {\r\ndisplay: none;\r\n}\r\n}\r\n@media screen and (min-width: 768px) and (max-width: 768px) {\r\n.lmcrb69f252192e9b3 {\r\ndisplay: block;\r\n}\r\n}\r\n@media screen and (max-width: 767px) {\r\n.lmcrb69f252192e9b3 {\r\ndisplay: block;\r\n}\r\n}\r\n<\/style>\r\n<div class=\"vjxcz69f252192e99c\" ><!--<a href=\"https:\/\/bit.ly\/3QdrqTZ\" target=\"_blank\">\n<img src=\"https:\/\/justicapotiguar.com.br\/wp-content\/uploads\/2023\/09\/desktop-geral.gif\"\/><a\/>--><\/div><style type=\"text\/css\">\r\n.vjxcz69f252192e99c {\r\ntext-align: center;\nmargin-bottom: 1em;\r\n}\r\n@media screen and (min-width: 1201px) {\r\n.vjxcz69f252192e99c {\r\ndisplay: block;\r\n}\r\n}\r\n@media screen and (min-width: 993px) and (max-width: 1200px) {\r\n.vjxcz69f252192e99c {\r\ndisplay: block;\r\n}\r\n}\r\n@media screen and (min-width: 769px) and (max-width: 992px) {\r\n.vjxcz69f252192e99c {\r\ndisplay: block;\r\n}\r\n}\r\n@media screen and (min-width: 768px) and (max-width: 768px) {\r\n.vjxcz69f252192e99c {\r\ndisplay: none;\r\n}\r\n}\r\n@media screen and (max-width: 767px) {\r\n.vjxcz69f252192e99c {\r\ndisplay: none;\r\n}\r\n}\r\n<\/style>\r\n\n\n\n\n<p>Assim, at\u00e9 que exista viabilidade tecnol\u00f3gica no sistema do STJ para permitir a inser\u00e7\u00e3o de v\u00eddeos a contendo a sustenta\u00e7\u00e3o oral nos casos inseridos na pauta virtual, sempre que o pedido de manifesta\u00e7\u00e3o dos advogados for feito, a corte vai retirar o caso da sess\u00e3o de julgamento.<\/p>\n\n\n\n<p>Nas outras hip\u00f3teses, em julgamento presencial ou telepresencial, o procedimento da sustenta\u00e7\u00e3o oral vai obedecer as normas j\u00e1 praticadas regularmente, de acordo com os artigos 158 e 159 do&nbsp;<a href=\"https:\/\/www.stj.jus.br\/publicacaoinstitucional\/index.php\/Regimento\/article\/view\/3115\/3839\" target=\"_blank\" rel=\"noreferrer noopener\">Regimento Interno do STJ<\/a>.<\/p>\n\n\n\n<p><strong>Clique\u00a0<a rel=\"noreferrer noopener\" href=\"https:\/\/www.conjur.com.br\/dl\/stj-tirar-pauta-virtual-sistema.pdf\" target=\"_blank\">aqui<\/a>\u00a0para ler a Resolu\u00e7ao STJ 19\/2022<\/strong><\/p>\n\n\n\n<p>Conjur<\/p>\n","protected":false},"excerpt":{"rendered":"<p>At\u00e9 que o sistema de julgamento virtual do Superior Tribunal de Justi\u00e7a seja adaptado para permitir a inser\u00e7\u00e3o de m\u00eddia contendo a sustenta\u00e7\u00e3o oral de advogados, a corte vai retirar de pauta todos os casos em que advogados quiserem fazer uso dessa prerrogativa, mesmo que para uso da palavra para esclarecimento de equ\u00edvoco ou d\u00favida<br \/><a class=\"more-link\" href=\"https:\/\/justicapotiguar.com.br\/index.php\/2022\/06\/08\/stj-vai-retirar-casos-da-pauta-virtual-ate-sistema-permitir-sustentacao-oral\/\">Mais&#8230;<\/a><\/p>\n","protected":false},"author":5,"featured_media":0,"comment_status":"open","ping_status":"open","sticky":false,"template":"","format":"standard","meta":[],"categories":[1],"tags":[],"_links":{"self":[{"href":"https:\/\/justicapotiguar.com.br\/index.php\/wp-json\/wp\/v2\/posts\/26513"}],"collection":[{"href":"https:\/\/justicapotiguar.com.br\/index.php\/wp-json\/wp\/v2\/posts"}],"about":[{"href":"https:\/\/justicapotiguar.com.br\/index.php\/wp-json\/wp\/v2\/types\/post"}],"author":[{"embeddable":true,"href":"https:\/\/justicapotiguar.com.br\/index.php\/wp-json\/wp\/v2\/users\/5"}],"replies":[{"embeddable":true,"href":"https:\/\/justicapotiguar.com.br\/index.php\/wp-json\/wp\/v2\/comments?post=26513"}],"version-history":[{"count":1,"href":"https:\/\/justicapotiguar.com.br\/index.php\/wp-json\/wp\/v2\/posts\/26513\/revisions"}],"predecessor-version":[{"id":26514,"href":"https:\/\/justicapotiguar.com.br\/index.php\/wp-json\/wp\/v2\/posts\/26513\/revisions\/26514"}],"wp:attachment":[{"href":"https:\/\/justicapotiguar.com.br\/index.php\/wp-json\/wp\/v2\/media?parent=26513"}],"wp:term":[{"taxonomy":"category","embeddable":true,"href":"https:\/\/justicapotiguar.com.br\/index.php\/wp-json\/wp\/v2\/categories?post=26513"},{"taxonomy":"post_tag","embeddable":true,"href":"https:\/\/justicapotiguar.com.br\/index.php\/wp-json\/wp\/v2\/tags?post=26513"}],"curies":[{"name":"wp","href":"https:\/\/api.w.org\/{rel}","templated":true}]}}