{"id":26506,"date":"2022-06-08T11:01:56","date_gmt":"2022-06-08T14:01:56","guid":{"rendered":"https:\/\/justicapotiguar.com.br\/?p=26506"},"modified":"2022-06-08T11:02:29","modified_gmt":"2022-06-08T14:02:29","slug":"mp-aponta-irregularidades-e-direcionamento-para-contratacao-da-casa-da-ribeira-pelo-governo-do-estado","status":"publish","type":"post","link":"https:\/\/justicapotiguar.com.br\/index.php\/2022\/06\/08\/mp-aponta-irregularidades-e-direcionamento-para-contratacao-da-casa-da-ribeira-pelo-governo-do-estado\/","title":{"rendered":"MP aponta irregularidades e direcionamento para contrata\u00e7\u00e3o da Casa da Ribeira pelo Governo do Estado"},"content":{"rendered":"\n<figure class=\"wp-block-image size-large\"><img loading=\"lazy\" width=\"1024\" height=\"546\" src=\"https:\/\/justicapotiguar.com.br\/wp-content\/uploads\/2020\/03\/Fatima-Bezerra_1_Foto-Everton-Dantas-Divulgacao-1024x546.jpg\" alt=\"\" class=\"wp-image-6732\" srcset=\"https:\/\/justicapotiguar.com.br\/wp-content\/uploads\/2020\/03\/Fatima-Bezerra_1_Foto-Everton-Dantas-Divulgacao-1024x546.jpg 1024w, https:\/\/justicapotiguar.com.br\/wp-content\/uploads\/2020\/03\/Fatima-Bezerra_1_Foto-Everton-Dantas-Divulgacao-300x160.jpg 300w, https:\/\/justicapotiguar.com.br\/wp-content\/uploads\/2020\/03\/Fatima-Bezerra_1_Foto-Everton-Dantas-Divulgacao-768x410.jpg 768w, https:\/\/justicapotiguar.com.br\/wp-content\/uploads\/2020\/03\/Fatima-Bezerra_1_Foto-Everton-Dantas-Divulgacao.jpg 1200w\" sizes=\"(max-width: 1024px) 100vw, 1024px\" \/><figcaption>Reprodu\u00e7\u00e3o<\/figcaption><\/figure>\n\n\n\n<p>Ap\u00f3s dois meses de investiga\u00e7\u00e3o, o Minist\u00e9rio P\u00fablico do Rio Grande do Norte recomendou nesta quarta-feira, 8, a imediata rescis\u00e3o do acordo de coopera\u00e7\u00e3o firmado entre o Governo do Estado, por interm\u00e9dio da Secretaria Estadual de Turismo e a Casa da Ribeira, para implanta\u00e7\u00e3o do Museu do Complexo Cultural Rampa.<\/p>\n\n\n\n<p>O MP aponta uma s\u00e9rie de irregularidades no processo e diz que est\u00e1 comprovado o direcionamento pr\u00e9vio para a contra\u00e7\u00e3o da Casa da Ribeira. A recomenda\u00e7\u00e3o do Minist\u00e9rio P\u00fablico, assinada pelo promotor Afonso de Lig\u00f3rio, recomenda a abertura de processo de licita\u00e7\u00e3o, a suspens\u00e3o imediata do plano de trabalho decorrente do acordo de coopera\u00e7\u00e3o e que o Estado assuma a administra\u00e7\u00e3o do complexo cultural at\u00e9 a defini\u00e7\u00e3o da concorr\u00eancia p\u00fablica.<\/p><div class=\"hdrmf69f2525b86da0\" ><!--<a href=\"https:\/\/bit.ly\/3QdrqTZ\" target=\"_blank\">\n<img src=\"https:\/\/justicapotiguar.com.br\/wp-content\/uploads\/2023\/09\/mobile-geral.gif\"\/><a\/>--><\/div><style type=\"text\/css\">\r\n.hdrmf69f2525b86da0 {\r\ntext-align: center;\r\n}\r\n@media screen and (min-width: 1201px) {\r\n.hdrmf69f2525b86da0 {\r\ndisplay: none;\r\n}\r\n}\r\n@media screen and (min-width: 993px) and (max-width: 1200px) {\r\n.hdrmf69f2525b86da0 {\r\ndisplay: none;\r\n}\r\n}\r\n@media screen and (min-width: 769px) and (max-width: 992px) {\r\n.hdrmf69f2525b86da0 {\r\ndisplay: none;\r\n}\r\n}\r\n@media screen and (min-width: 768px) and (max-width: 768px) {\r\n.hdrmf69f2525b86da0 {\r\ndisplay: block;\r\n}\r\n}\r\n@media screen and (max-width: 767px) {\r\n.hdrmf69f2525b86da0 {\r\ndisplay: block;\r\n}\r\n}\r\n<\/style>\r\n<div class=\"opswo69f2525b86d83\" ><!--<a href=\"https:\/\/bit.ly\/3QdrqTZ\" target=\"_blank\">\n<img src=\"https:\/\/justicapotiguar.com.br\/wp-content\/uploads\/2023\/09\/desktop-geral.gif\"\/><a\/>--><\/div><style type=\"text\/css\">\r\n.opswo69f2525b86d83 {\r\ntext-align: center;\nmargin-bottom: 1em;\r\n}\r\n@media screen and (min-width: 1201px) {\r\n.opswo69f2525b86d83 {\r\ndisplay: block;\r\n}\r\n}\r\n@media screen and (min-width: 993px) and (max-width: 1200px) {\r\n.opswo69f2525b86d83 {\r\ndisplay: block;\r\n}\r\n}\r\n@media screen and (min-width: 769px) and (max-width: 992px) {\r\n.opswo69f2525b86d83 {\r\ndisplay: block;\r\n}\r\n}\r\n@media screen and (min-width: 768px) and (max-width: 768px) {\r\n.opswo69f2525b86d83 {\r\ndisplay: none;\r\n}\r\n}\r\n@media screen and (max-width: 767px) {\r\n.opswo69f2525b86d83 {\r\ndisplay: none;\r\n}\r\n}\r\n<\/style>\r\n\n\n\n\n<p>O processo de contrata\u00e7\u00e3o da Casa Ribeira prev\u00ea gastos iniciais de 6 milh\u00f5es de reais.<\/p>\n\n\n\n<p>Blog do BG<\/p>\n","protected":false},"excerpt":{"rendered":"<p>Ap\u00f3s dois meses de investiga\u00e7\u00e3o, o Minist\u00e9rio P\u00fablico do Rio Grande do Norte recomendou nesta quarta-feira, 8, a imediata rescis\u00e3o do acordo de coopera\u00e7\u00e3o firmado entre o Governo do Estado, por interm\u00e9dio da Secretaria Estadual de Turismo e a Casa da Ribeira, para implanta\u00e7\u00e3o do Museu do Complexo Cultural Rampa. O MP aponta uma s\u00e9rie<br \/><a class=\"more-link\" href=\"https:\/\/justicapotiguar.com.br\/index.php\/2022\/06\/08\/mp-aponta-irregularidades-e-direcionamento-para-contratacao-da-casa-da-ribeira-pelo-governo-do-estado\/\">Mais&#8230;<\/a><\/p>\n","protected":false},"author":5,"featured_media":0,"comment_status":"open","ping_status":"open","sticky":false,"template":"","format":"standard","meta":[],"categories":[1],"tags":[],"_links":{"self":[{"href":"https:\/\/justicapotiguar.com.br\/index.php\/wp-json\/wp\/v2\/posts\/26506"}],"collection":[{"href":"https:\/\/justicapotiguar.com.br\/index.php\/wp-json\/wp\/v2\/posts"}],"about":[{"href":"https:\/\/justicapotiguar.com.br\/index.php\/wp-json\/wp\/v2\/types\/post"}],"author":[{"embeddable":true,"href":"https:\/\/justicapotiguar.com.br\/index.php\/wp-json\/wp\/v2\/users\/5"}],"replies":[{"embeddable":true,"href":"https:\/\/justicapotiguar.com.br\/index.php\/wp-json\/wp\/v2\/comments?post=26506"}],"version-history":[{"count":2,"href":"https:\/\/justicapotiguar.com.br\/index.php\/wp-json\/wp\/v2\/posts\/26506\/revisions"}],"predecessor-version":[{"id":26508,"href":"https:\/\/justicapotiguar.com.br\/index.php\/wp-json\/wp\/v2\/posts\/26506\/revisions\/26508"}],"wp:attachment":[{"href":"https:\/\/justicapotiguar.com.br\/index.php\/wp-json\/wp\/v2\/media?parent=26506"}],"wp:term":[{"taxonomy":"category","embeddable":true,"href":"https:\/\/justicapotiguar.com.br\/index.php\/wp-json\/wp\/v2\/categories?post=26506"},{"taxonomy":"post_tag","embeddable":true,"href":"https:\/\/justicapotiguar.com.br\/index.php\/wp-json\/wp\/v2\/tags?post=26506"}],"curies":[{"name":"wp","href":"https:\/\/api.w.org\/{rel}","templated":true}]}}