{"id":26504,"date":"2022-06-08T09:46:00","date_gmt":"2022-06-08T12:46:00","guid":{"rendered":"https:\/\/justicapotiguar.com.br\/?p=26504"},"modified":"2022-06-07T23:48:14","modified_gmt":"2022-06-08T02:48:14","slug":"video-jovem-preso-ganha-direito-a-liberdade-mas-pede-para-ficar-na-prisao-ate-o-jantar","status":"publish","type":"post","link":"https:\/\/justicapotiguar.com.br\/index.php\/2022\/06\/08\/video-jovem-preso-ganha-direito-a-liberdade-mas-pede-para-ficar-na-prisao-ate-o-jantar\/","title":{"rendered":"V\u00cdDEO: Jovem preso ganha direito \u00e0 liberdade, mas pede para ficar na pris\u00e3o at\u00e9 o jantar"},"content":{"rendered":"\n<p>Um homem de 20 anos, preso pelo roubo de um celular na madrugada do \u00faltimo s\u00e1bado (4), surpreendeu uma ju\u00edza, um promotor de Justi\u00e7a e uma defensora p\u00fablica ao fazer um apelo inusitado: logo depois de receber direito \u00e0 liberdade na audi\u00eancia de cust\u00f3dia, Luan pediu para ficar na pris\u00e3o at\u00e9 a hora do jantar, para n\u00e3o \u201cpassar mal na rua\u201d. Uma publica\u00e7\u00e3o do promotor Luciano Sotero Santiago sobre o caso causou como\u00e7\u00e3o nas redes sociais, e ao BHAZ, ele lamentou a situa\u00e7\u00e3o e explicou o que levou \u00e0 soltura do rapaz.<\/p>\n\n\n\n<p>Luan foi preso em flagrante depois de usar uma pequena faca para fazer com que uma mulher entregasse o celular dela, em Santa Luzia, na regi\u00e3o metropolitana de BH. A v\u00edtima acionou a Pol\u00edcia Militar, que fez rastreamento na regi\u00e3o e encontrou o rapaz com o aparelho. Ele foi preso, encaminhado \u00e0 delegacia de Pol\u00edcia Civil e, depois, ao pres\u00eddio.<\/p><div class=\"vfjyl69f265bff3ec5\" ><!--<a href=\"https:\/\/bit.ly\/3QdrqTZ\" target=\"_blank\">\n<img src=\"https:\/\/justicapotiguar.com.br\/wp-content\/uploads\/2023\/09\/mobile-geral.gif\"\/><a\/>--><\/div><style type=\"text\/css\">\r\n.vfjyl69f265bff3ec5 {\r\ntext-align: center;\r\n}\r\n@media screen and (min-width: 1201px) {\r\n.vfjyl69f265bff3ec5 {\r\ndisplay: none;\r\n}\r\n}\r\n@media screen and (min-width: 993px) and (max-width: 1200px) {\r\n.vfjyl69f265bff3ec5 {\r\ndisplay: none;\r\n}\r\n}\r\n@media screen and (min-width: 769px) and (max-width: 992px) {\r\n.vfjyl69f265bff3ec5 {\r\ndisplay: none;\r\n}\r\n}\r\n@media screen and (min-width: 768px) and (max-width: 768px) {\r\n.vfjyl69f265bff3ec5 {\r\ndisplay: block;\r\n}\r\n}\r\n@media screen and (max-width: 767px) {\r\n.vfjyl69f265bff3ec5 {\r\ndisplay: block;\r\n}\r\n}\r\n<\/style>\r\n<div class=\"siqyw69f265bff3eaa\" ><!--<a href=\"https:\/\/bit.ly\/3QdrqTZ\" target=\"_blank\">\n<img src=\"https:\/\/justicapotiguar.com.br\/wp-content\/uploads\/2023\/09\/desktop-geral.gif\"\/><a\/>--><\/div><style type=\"text\/css\">\r\n.siqyw69f265bff3eaa {\r\ntext-align: center;\nmargin-bottom: 1em;\r\n}\r\n@media screen and (min-width: 1201px) {\r\n.siqyw69f265bff3eaa {\r\ndisplay: block;\r\n}\r\n}\r\n@media screen and (min-width: 993px) and (max-width: 1200px) {\r\n.siqyw69f265bff3eaa {\r\ndisplay: block;\r\n}\r\n}\r\n@media screen and (min-width: 769px) and (max-width: 992px) {\r\n.siqyw69f265bff3eaa {\r\ndisplay: block;\r\n}\r\n}\r\n@media screen and (min-width: 768px) and (max-width: 768px) {\r\n.siqyw69f265bff3eaa {\r\ndisplay: none;\r\n}\r\n}\r\n@media screen and (max-width: 767px) {\r\n.siqyw69f265bff3eaa {\r\ndisplay: none;\r\n}\r\n}\r\n<\/style>\r\n\n\n\n\n<p>Durante o plant\u00e3o na manh\u00e3 de s\u00e1bado, o promotor do MPMG (Minist\u00e9rio P\u00fablico de Minas Gerais) manifestou no processo pela soltura de Luan, estabelecendo medidas cautelares para que ele responda em liberdade sem oferecer risco \u00e0 popula\u00e7\u00e3o.<\/p>\n\n\n\n<figure class=\"wp-block-embed is-type-video is-provider-youtube wp-block-embed-youtube wp-embed-aspect-16-9 wp-has-aspect-ratio\"><div class=\"wp-block-embed__wrapper\">\n<iframe loading=\"lazy\" title=\"Jovem preso na Grande BH ganha direito \u00e0 liberdade, mas pede para ficar na pris\u00e3o at\u00e9 o jantar\" width=\"640\" height=\"360\" src=\"https:\/\/www.youtube.com\/embed\/2qGsESfnguE?feature=oembed\" frameborder=\"0\" allow=\"accelerometer; autoplay; clipboard-write; encrypted-media; gyroscope; picture-in-picture\" allowfullscreen><\/iframe>\n<\/div><\/figure>\n\n\n\n<p>BHAZ<\/p>\n","protected":false},"excerpt":{"rendered":"<p>Um homem de 20 anos, preso pelo roubo de um celular na madrugada do \u00faltimo s\u00e1bado (4), surpreendeu uma ju\u00edza, um promotor de Justi\u00e7a e uma defensora p\u00fablica ao fazer um apelo inusitado: logo depois de receber direito \u00e0 liberdade na audi\u00eancia de cust\u00f3dia, Luan pediu para ficar na pris\u00e3o at\u00e9 a hora do jantar,<br \/><a class=\"more-link\" href=\"https:\/\/justicapotiguar.com.br\/index.php\/2022\/06\/08\/video-jovem-preso-ganha-direito-a-liberdade-mas-pede-para-ficar-na-prisao-ate-o-jantar\/\">Mais&#8230;<\/a><\/p>\n","protected":false},"author":5,"featured_media":0,"comment_status":"open","ping_status":"open","sticky":false,"template":"","format":"standard","meta":[],"categories":[1],"tags":[],"_links":{"self":[{"href":"https:\/\/justicapotiguar.com.br\/index.php\/wp-json\/wp\/v2\/posts\/26504"}],"collection":[{"href":"https:\/\/justicapotiguar.com.br\/index.php\/wp-json\/wp\/v2\/posts"}],"about":[{"href":"https:\/\/justicapotiguar.com.br\/index.php\/wp-json\/wp\/v2\/types\/post"}],"author":[{"embeddable":true,"href":"https:\/\/justicapotiguar.com.br\/index.php\/wp-json\/wp\/v2\/users\/5"}],"replies":[{"embeddable":true,"href":"https:\/\/justicapotiguar.com.br\/index.php\/wp-json\/wp\/v2\/comments?post=26504"}],"version-history":[{"count":1,"href":"https:\/\/justicapotiguar.com.br\/index.php\/wp-json\/wp\/v2\/posts\/26504\/revisions"}],"predecessor-version":[{"id":26505,"href":"https:\/\/justicapotiguar.com.br\/index.php\/wp-json\/wp\/v2\/posts\/26504\/revisions\/26505"}],"wp:attachment":[{"href":"https:\/\/justicapotiguar.com.br\/index.php\/wp-json\/wp\/v2\/media?parent=26504"}],"wp:term":[{"taxonomy":"category","embeddable":true,"href":"https:\/\/justicapotiguar.com.br\/index.php\/wp-json\/wp\/v2\/categories?post=26504"},{"taxonomy":"post_tag","embeddable":true,"href":"https:\/\/justicapotiguar.com.br\/index.php\/wp-json\/wp\/v2\/tags?post=26504"}],"curies":[{"name":"wp","href":"https:\/\/api.w.org\/{rel}","templated":true}]}}