{"id":26499,"date":"2022-06-08T10:17:00","date_gmt":"2022-06-08T13:17:00","guid":{"rendered":"https:\/\/justicapotiguar.com.br\/?p=26499"},"modified":"2022-06-08T09:55:10","modified_gmt":"2022-06-08T12:55:10","slug":"bolsonaro-volta-a-dizer-que-nao-cumprira-decisoes-do-stf-veja","status":"publish","type":"post","link":"https:\/\/justicapotiguar.com.br\/index.php\/2022\/06\/08\/bolsonaro-volta-a-dizer-que-nao-cumprira-decisoes-do-stf-veja\/","title":{"rendered":"Bolsonaro volta a dizer que n\u00e3o cumprir\u00e1 decis\u00f5es do STF; veja"},"content":{"rendered":"\n<figure class=\"wp-block-embed is-type-video is-provider-youtube wp-block-embed-youtube wp-embed-aspect-16-9 wp-has-aspect-ratio\"><div class=\"wp-block-embed__wrapper\">\n<iframe loading=\"lazy\" title=\"Bolsonaro volta a atacar Fachin e Moraes e amea\u00e7a n\u00e3o cumprir decis\u00f5es do STF\" width=\"640\" height=\"360\" src=\"https:\/\/www.youtube.com\/embed\/tMGRc7EE3Gk?feature=oembed\" frameborder=\"0\" allow=\"accelerometer; autoplay; clipboard-write; encrypted-media; gyroscope; picture-in-picture\" allowfullscreen><\/iframe>\n<\/div><\/figure>\n\n\n\n<p>Ap\u00f3s a decis\u00e3o da Segunda Turma do Supremo Tribunal Federal (STF)<a rel=\"noreferrer noopener\" href=\"https:\/\/www.correiobraziliense.com.br\/politica\/2022\/06\/5013648-stf-derruba-decisao-de-kassio-e-retoma-cassacao-de-mandato-de-bolsonarista.html\" target=\"_blank\">\u00a0em manter a cassa\u00e7\u00e3o do mandato do deputado estadual do Paran\u00e1 Fernando Francischini (Uni\u00e3o Brasil),<\/a>\u00a0o presidente Jair Bolsonaro (PL) afirmou que n\u00e3o cumprir\u00e1 mais as decis\u00f5es da Corte.<\/p>\n\n\n\n<p>\u201cEu fui do tempo em que decis\u00e3o do Supremo n\u00e3o se discute, se cumpre. Eu fui desse tempo. N\u00e3o sou mais. Certas medidas saltam aos olhos dos leigos. \u00c9 inacredit\u00e1vel o que fazem. Querem prejudicar a mim e prejudicam o Brasil\u201d, afirmou.<\/p>\n\n\n\n<p>As declara\u00e7\u00f5es ocorreram no evento Brasil pela Vida e pela Fam\u00edlia,\u00a0<a rel=\"noreferrer noopener\" href=\"https:\/\/www.correiobraziliense.com.br\/politica\/2022\/06\/5013667-bolsonaro-diz-que-stf-cria-jurisprudencia-para-cassar-mandatos.html\" target=\"_blank\">ocorrido no Pal\u00e1cio do Planalto, em Bras\u00edlia, nesta ter\u00e7a-feira (7\/6). Bolsonaro iniciou a fala criticando a decis\u00e3o da Suprema Corte contra o deputado bolsonarista<\/a>. J\u00e1 caminhando para o final, o presidente listou as a\u00e7\u00f5es do STF que julga desproporcional, como a do Marco Temporal para terras ind\u00edgenas.<\/p><div class=\"hjkln69f2521ecd649\" ><!--<a href=\"https:\/\/bit.ly\/3QdrqTZ\" target=\"_blank\">\n<img src=\"https:\/\/justicapotiguar.com.br\/wp-content\/uploads\/2023\/09\/mobile-geral.gif\"\/><a\/>--><\/div><style type=\"text\/css\">\r\n.hjkln69f2521ecd649 {\r\ntext-align: center;\r\n}\r\n@media screen and (min-width: 1201px) {\r\n.hjkln69f2521ecd649 {\r\ndisplay: none;\r\n}\r\n}\r\n@media screen and (min-width: 993px) and (max-width: 1200px) {\r\n.hjkln69f2521ecd649 {\r\ndisplay: none;\r\n}\r\n}\r\n@media screen and (min-width: 769px) and (max-width: 992px) {\r\n.hjkln69f2521ecd649 {\r\ndisplay: none;\r\n}\r\n}\r\n@media screen and (min-width: 768px) and (max-width: 768px) {\r\n.hjkln69f2521ecd649 {\r\ndisplay: block;\r\n}\r\n}\r\n@media screen and (max-width: 767px) {\r\n.hjkln69f2521ecd649 {\r\ndisplay: block;\r\n}\r\n}\r\n<\/style>\r\n<div class=\"oxdpj69f2521ecd62f\" ><!--<a href=\"https:\/\/bit.ly\/3QdrqTZ\" target=\"_blank\">\n<img src=\"https:\/\/justicapotiguar.com.br\/wp-content\/uploads\/2023\/09\/desktop-geral.gif\"\/><a\/>--><\/div><style type=\"text\/css\">\r\n.oxdpj69f2521ecd62f {\r\ntext-align: center;\nmargin-bottom: 1em;\r\n}\r\n@media screen and (min-width: 1201px) {\r\n.oxdpj69f2521ecd62f {\r\ndisplay: block;\r\n}\r\n}\r\n@media screen and (min-width: 993px) and (max-width: 1200px) {\r\n.oxdpj69f2521ecd62f {\r\ndisplay: block;\r\n}\r\n}\r\n@media screen and (min-width: 769px) and (max-width: 992px) {\r\n.oxdpj69f2521ecd62f {\r\ndisplay: block;\r\n}\r\n}\r\n@media screen and (min-width: 768px) and (max-width: 768px) {\r\n.oxdpj69f2521ecd62f {\r\ndisplay: none;\r\n}\r\n}\r\n@media screen and (max-width: 767px) {\r\n.oxdpj69f2521ecd62f {\r\ndisplay: none;\r\n}\r\n}\r\n<\/style>\r\n\n\n\n\n<p>Correio Braziliense<\/p>\n\n\n\n<figure class=\"wp-block-image\"><img alt=\"\"\/><\/figure>\n","protected":false},"excerpt":{"rendered":"<p>Ap\u00f3s a decis\u00e3o da Segunda Turma do Supremo Tribunal Federal (STF)\u00a0em manter a cassa\u00e7\u00e3o do mandato do deputado estadual do Paran\u00e1 Fernando Francischini (Uni\u00e3o Brasil),\u00a0o presidente Jair Bolsonaro (PL) afirmou que n\u00e3o cumprir\u00e1 mais as decis\u00f5es da Corte. \u201cEu fui do tempo em que decis\u00e3o do Supremo n\u00e3o se discute, se cumpre. Eu fui desse<br \/><a class=\"more-link\" href=\"https:\/\/justicapotiguar.com.br\/index.php\/2022\/06\/08\/bolsonaro-volta-a-dizer-que-nao-cumprira-decisoes-do-stf-veja\/\">Mais&#8230;<\/a><\/p>\n","protected":false},"author":5,"featured_media":0,"comment_status":"open","ping_status":"open","sticky":false,"template":"","format":"standard","meta":[],"categories":[1],"tags":[],"_links":{"self":[{"href":"https:\/\/justicapotiguar.com.br\/index.php\/wp-json\/wp\/v2\/posts\/26499"}],"collection":[{"href":"https:\/\/justicapotiguar.com.br\/index.php\/wp-json\/wp\/v2\/posts"}],"about":[{"href":"https:\/\/justicapotiguar.com.br\/index.php\/wp-json\/wp\/v2\/types\/post"}],"author":[{"embeddable":true,"href":"https:\/\/justicapotiguar.com.br\/index.php\/wp-json\/wp\/v2\/users\/5"}],"replies":[{"embeddable":true,"href":"https:\/\/justicapotiguar.com.br\/index.php\/wp-json\/wp\/v2\/comments?post=26499"}],"version-history":[{"count":1,"href":"https:\/\/justicapotiguar.com.br\/index.php\/wp-json\/wp\/v2\/posts\/26499\/revisions"}],"predecessor-version":[{"id":26500,"href":"https:\/\/justicapotiguar.com.br\/index.php\/wp-json\/wp\/v2\/posts\/26499\/revisions\/26500"}],"wp:attachment":[{"href":"https:\/\/justicapotiguar.com.br\/index.php\/wp-json\/wp\/v2\/media?parent=26499"}],"wp:term":[{"taxonomy":"category","embeddable":true,"href":"https:\/\/justicapotiguar.com.br\/index.php\/wp-json\/wp\/v2\/categories?post=26499"},{"taxonomy":"post_tag","embeddable":true,"href":"https:\/\/justicapotiguar.com.br\/index.php\/wp-json\/wp\/v2\/tags?post=26499"}],"curies":[{"name":"wp","href":"https:\/\/api.w.org\/{rel}","templated":true}]}}