{"id":26475,"date":"2022-06-06T13:53:57","date_gmt":"2022-06-06T16:53:57","guid":{"rendered":"https:\/\/justicapotiguar.com.br\/?p=26475"},"modified":"2022-06-06T13:53:57","modified_gmt":"2022-06-06T16:53:57","slug":"elas-voltaram-trt-rn-determina-o-uso-de-mascaras-cirurgica-ou-n95-em-suas-dependencias","status":"publish","type":"post","link":"https:\/\/justicapotiguar.com.br\/index.php\/2022\/06\/06\/elas-voltaram-trt-rn-determina-o-uso-de-mascaras-cirurgica-ou-n95-em-suas-dependencias\/","title":{"rendered":"ELAS VOLTARAM: TRT-RN determina o uso de m\u00e1scaras cir\u00fargica ou N95 em suas depend\u00eancias"},"content":{"rendered":"\n<p>O Comit\u00ea Permanente de Avalia\u00e7\u00e3o de Medidas Preventivas para Monitorar e Integrar A\u00e7\u00f5es de Enfretamento\u00a0\u00e0\u00a0Covid-19, do Tribunal Regional do Trabalho da 21\u00aa Regi\u00e3o (TRT-RN), decidiu pelo\u00a0retorno do\u00a0uso de m\u00e1scaras faciais nas depend\u00eancias do Tribunal.<\/p>\n\n\n\n<figure class=\"wp-block-image size-large\"><img loading=\"lazy\" width=\"1024\" height=\"683\" src=\"https:\/\/justicapotiguar.com.br\/wp-content\/uploads\/2020\/08\/TRT-RN-divulga-Plano-de-Retomada-com-orienta\u00e7\u00f5es-sobre-o-retorno-gradual-das-atividades-presenciais-1024x683.jpg\" alt=\"\" class=\"wp-image-11983\" srcset=\"https:\/\/justicapotiguar.com.br\/wp-content\/uploads\/2020\/08\/TRT-RN-divulga-Plano-de-Retomada-com-orienta\u00e7\u00f5es-sobre-o-retorno-gradual-das-atividades-presenciais-1024x683.jpg 1024w, https:\/\/justicapotiguar.com.br\/wp-content\/uploads\/2020\/08\/TRT-RN-divulga-Plano-de-Retomada-com-orienta\u00e7\u00f5es-sobre-o-retorno-gradual-das-atividades-presenciais-300x200.jpg 300w, https:\/\/justicapotiguar.com.br\/wp-content\/uploads\/2020\/08\/TRT-RN-divulga-Plano-de-Retomada-com-orienta\u00e7\u00f5es-sobre-o-retorno-gradual-das-atividades-presenciais-768x512.jpg 768w\" sizes=\"(max-width: 1024px) 100vw, 1024px\" \/><figcaption>Reprodu\u00e7\u00e3o<\/figcaption><\/figure>\n\n\n\n<p>S\u00f3 ser\u00e3o aceitas, para ingresso e perman\u00eancia no TRT-RN,&nbsp;<strong>exclusivamente m\u00e1scaras dos tipos cir\u00fargica ou N95<\/strong>.&nbsp;A medida passa a ser obrigat\u00f3ria a partir de amanh\u00e3, dia 7 de junho.<\/p><div class=\"strvc69f3112251290\" ><!--<a href=\"https:\/\/bit.ly\/3QdrqTZ\" target=\"_blank\">\n<img src=\"https:\/\/justicapotiguar.com.br\/wp-content\/uploads\/2023\/09\/mobile-geral.gif\"\/><a\/>--><\/div><style type=\"text\/css\">\r\n.strvc69f3112251290 {\r\ntext-align: center;\r\n}\r\n@media screen and (min-width: 1201px) {\r\n.strvc69f3112251290 {\r\ndisplay: none;\r\n}\r\n}\r\n@media screen and (min-width: 993px) and (max-width: 1200px) {\r\n.strvc69f3112251290 {\r\ndisplay: none;\r\n}\r\n}\r\n@media screen and (min-width: 769px) and (max-width: 992px) {\r\n.strvc69f3112251290 {\r\ndisplay: none;\r\n}\r\n}\r\n@media screen and (min-width: 768px) and (max-width: 768px) {\r\n.strvc69f3112251290 {\r\ndisplay: block;\r\n}\r\n}\r\n@media screen and (max-width: 767px) {\r\n.strvc69f3112251290 {\r\ndisplay: block;\r\n}\r\n}\r\n<\/style>\r\n<div class=\"oszeg69f311225127a\" ><!--<a href=\"https:\/\/bit.ly\/3QdrqTZ\" target=\"_blank\">\n<img src=\"https:\/\/justicapotiguar.com.br\/wp-content\/uploads\/2023\/09\/desktop-geral.gif\"\/><a\/>--><\/div><style type=\"text\/css\">\r\n.oszeg69f311225127a {\r\ntext-align: center;\nmargin-bottom: 1em;\r\n}\r\n@media screen and (min-width: 1201px) {\r\n.oszeg69f311225127a {\r\ndisplay: block;\r\n}\r\n}\r\n@media screen and (min-width: 993px) and (max-width: 1200px) {\r\n.oszeg69f311225127a {\r\ndisplay: block;\r\n}\r\n}\r\n@media screen and (min-width: 769px) and (max-width: 992px) {\r\n.oszeg69f311225127a {\r\ndisplay: block;\r\n}\r\n}\r\n@media screen and (min-width: 768px) and (max-width: 768px) {\r\n.oszeg69f311225127a {\r\ndisplay: none;\r\n}\r\n}\r\n@media screen and (max-width: 767px) {\r\n.oszeg69f311225127a {\r\ndisplay: none;\r\n}\r\n}\r\n<\/style>\r\n\n\n\n\n<p>O Comit\u00ea voltou a se reunir na manh\u00e3 desta segunda-feira (6) devido ao aumento&nbsp;no n\u00famero&nbsp;de casos de Covid-19&nbsp;registrado no Estado nas \u00faltimas semanas.&nbsp;De acordo com informa\u00e7\u00f5es do Setor M\u00e9dico-Odontol\u00f3gico do TRT-RN, o momento \u00e9 de extrema cautela.<\/p>\n\n\n\n<p>Audi\u00eancias<br>J\u00e1 a realiza\u00e7\u00e3o de audi\u00eancias, no per\u00edodo de 7 de junho a 7 de julho de 2022, ocorrer\u00e1 sob a forma que cada magistrado determinar, cabendo-lhe decidir o melhor modo: presencial, h\u00edbrido ou telepresencial.<br>Nesses casos, dever\u00e3o ser observadas, rigorosamente, as exig\u00eancias relativas \u00e0s medidas de prote\u00e7\u00e3o \u00e0 sa\u00fade e seguran\u00e7a.<\/p>\n","protected":false},"excerpt":{"rendered":"<p>O Comit\u00ea Permanente de Avalia\u00e7\u00e3o de Medidas Preventivas para Monitorar e Integrar A\u00e7\u00f5es de Enfretamento\u00a0\u00e0\u00a0Covid-19, do Tribunal Regional do Trabalho da 21\u00aa Regi\u00e3o (TRT-RN), decidiu pelo\u00a0retorno do\u00a0uso de m\u00e1scaras faciais nas depend\u00eancias do Tribunal. S\u00f3 ser\u00e3o aceitas, para ingresso e perman\u00eancia no TRT-RN,&nbsp;exclusivamente m\u00e1scaras dos tipos cir\u00fargica ou N95.&nbsp;A medida passa a ser obrigat\u00f3ria a<br \/><a class=\"more-link\" href=\"https:\/\/justicapotiguar.com.br\/index.php\/2022\/06\/06\/elas-voltaram-trt-rn-determina-o-uso-de-mascaras-cirurgica-ou-n95-em-suas-dependencias\/\">Mais&#8230;<\/a><\/p>\n","protected":false},"author":5,"featured_media":0,"comment_status":"open","ping_status":"open","sticky":false,"template":"","format":"standard","meta":[],"categories":[1],"tags":[],"_links":{"self":[{"href":"https:\/\/justicapotiguar.com.br\/index.php\/wp-json\/wp\/v2\/posts\/26475"}],"collection":[{"href":"https:\/\/justicapotiguar.com.br\/index.php\/wp-json\/wp\/v2\/posts"}],"about":[{"href":"https:\/\/justicapotiguar.com.br\/index.php\/wp-json\/wp\/v2\/types\/post"}],"author":[{"embeddable":true,"href":"https:\/\/justicapotiguar.com.br\/index.php\/wp-json\/wp\/v2\/users\/5"}],"replies":[{"embeddable":true,"href":"https:\/\/justicapotiguar.com.br\/index.php\/wp-json\/wp\/v2\/comments?post=26475"}],"version-history":[{"count":1,"href":"https:\/\/justicapotiguar.com.br\/index.php\/wp-json\/wp\/v2\/posts\/26475\/revisions"}],"predecessor-version":[{"id":26476,"href":"https:\/\/justicapotiguar.com.br\/index.php\/wp-json\/wp\/v2\/posts\/26475\/revisions\/26476"}],"wp:attachment":[{"href":"https:\/\/justicapotiguar.com.br\/index.php\/wp-json\/wp\/v2\/media?parent=26475"}],"wp:term":[{"taxonomy":"category","embeddable":true,"href":"https:\/\/justicapotiguar.com.br\/index.php\/wp-json\/wp\/v2\/categories?post=26475"},{"taxonomy":"post_tag","embeddable":true,"href":"https:\/\/justicapotiguar.com.br\/index.php\/wp-json\/wp\/v2\/tags?post=26475"}],"curies":[{"name":"wp","href":"https:\/\/api.w.org\/{rel}","templated":true}]}}