{"id":26471,"date":"2022-06-06T15:00:54","date_gmt":"2022-06-06T18:00:54","guid":{"rendered":"https:\/\/justicapotiguar.com.br\/?p=26471"},"modified":"2022-06-06T13:51:50","modified_gmt":"2022-06-06T16:51:50","slug":"mpf-processa-uniao-em-decorrencia-de-disparo-de-agente-penal-que-atingiu-crianca-em-mossoro","status":"publish","type":"post","link":"https:\/\/justicapotiguar.com.br\/index.php\/2022\/06\/06\/mpf-processa-uniao-em-decorrencia-de-disparo-de-agente-penal-que-atingiu-crianca-em-mossoro\/","title":{"rendered":"MPF processa Uni\u00e3o em decorr\u00eancia de disparo de agente penal que atingiu crian\u00e7a em Mossor\u00f3"},"content":{"rendered":"\n<p>O Minist\u00e9rio P\u00fablico Federal (MPF) ingressou com uma a\u00e7\u00e3o civil p\u00fablica contra a Uni\u00e3o levando em conta o disparo efetuado por um agente federal de execu\u00e7\u00e3o penal em Mossor\u00f3, no \u00faltimo dia 13 de abril, e que acertou uma crian\u00e7a de oito anos, de rasp\u00e3o, no bra\u00e7o esquerdo. Para al\u00e9m da atitude equivocada do agente, o MPF alerta para a situa\u00e7\u00e3o prec\u00e1ria de trabalho que a categoria vem enfrentando, por omiss\u00e3o do governo federal em rela\u00e7\u00e3o aos cuidados necess\u00e1rios com a sa\u00fade mental desses profissionais.<\/p>\n\n\n\n<p><br>Naquela data, acreditando estar envolvido em uma situa\u00e7\u00e3o de perigo (quando na verdade se tratava de um simples bate-boca de tr\u00e2nsito), o agente efetuou tr\u00eas disparos de arma de fogo contra um ve\u00edculo de passageiros, em frente ao estacionamento do Col\u00e9gio Diocesano Santa Luzia, por volta das 13h, colocando em risco a vida de quem trafegava pelo local, especialmente da garota de oito anos e de seu pai, que conduzia o autom\u00f3vel.<\/p>\n\n\n\n<p><br>O autor da a\u00e7\u00e3o, procurador da Rep\u00fablica Emanuel Ferreira, destaca que os agentes penais federais enfrentam uma realidade cada vez mais desafiadora no exerc\u00edcio de suas fun\u00e7\u00f5es, inclusive sendo alvo de atentados promovidos por fac\u00e7\u00f5es criminosas, e n\u00e3o t\u00eam encontrado o devido apoio governamental quanto \u00e0 \u201cpreserva\u00e7\u00e3o da sa\u00fade mental e controle da agressividade\u201d. N\u00e3o h\u00e1 atendimento psicol\u00f3gico para a categoria e nem mesmo dados sobre afastamentos decorrentes especificamente de quest\u00f5es mentais.<\/p>\n\n\n\n<p><br><strong>Omiss\u00e3o&nbsp;<\/strong>&#8211; O MPF requer da Uni\u00e3o o pagamento de R$ 500 mil em indeniza\u00e7\u00e3o, em face de danos morais coletivos causados \u00e0s crian\u00e7as e aos adolescentes estudantes do Col\u00e9gio Diocesano Santa Luzia e da Escola Estadual Jer\u00f4nimo Rosado, que tamb\u00e9m fica pr\u00f3xima ao local dos disparos. Cobra ainda a implanta\u00e7\u00e3o de uma ampla pol\u00edtica de sa\u00fade mental, destinada aos mais de mil agentes que atuam no Sistema Penitenci\u00e1rio Federal.<\/p>\n\n\n\n<p><br>De acordo com o que foi levantado durante as investiga\u00e7\u00f5es, essa pol\u00edtica, efetivamente, ainda inexiste. Faltam tamb\u00e9m dados sobre licen\u00e7as m\u00e9dicas que envolvam especificamente a sa\u00fade mental; n\u00e3o h\u00e1 regras sobre como a administra\u00e7\u00e3o deve proceder diante de servidor que mere\u00e7a ser afastado da atividade fim; nem mesmo atendimento psicol\u00f3gico ou psiqui\u00e1trico; e inexiste controle de frequ\u00eancia nas atividades educativas voltadas para o tema. Segundo o agente que efetuou os disparos, \u201ca psic\u00f3loga (que trabalha na Penitenci\u00e1ria Federal de Mossor\u00f3) \u00e9 unicamente para atendimento do custodiado, do interno\u201d.<\/p><div class=\"tkrir69f32e745854d\" ><!--<a href=\"https:\/\/bit.ly\/3QdrqTZ\" target=\"_blank\">\n<img src=\"https:\/\/justicapotiguar.com.br\/wp-content\/uploads\/2023\/09\/mobile-geral.gif\"\/><a\/>--><\/div><style type=\"text\/css\">\r\n.tkrir69f32e745854d {\r\ntext-align: center;\r\n}\r\n@media screen and (min-width: 1201px) {\r\n.tkrir69f32e745854d {\r\ndisplay: none;\r\n}\r\n}\r\n@media screen and (min-width: 993px) and (max-width: 1200px) {\r\n.tkrir69f32e745854d {\r\ndisplay: none;\r\n}\r\n}\r\n@media screen and (min-width: 769px) and (max-width: 992px) {\r\n.tkrir69f32e745854d {\r\ndisplay: none;\r\n}\r\n}\r\n@media screen and (min-width: 768px) and (max-width: 768px) {\r\n.tkrir69f32e745854d {\r\ndisplay: block;\r\n}\r\n}\r\n@media screen and (max-width: 767px) {\r\n.tkrir69f32e745854d {\r\ndisplay: block;\r\n}\r\n}\r\n<\/style>\r\n<div class=\"jzaec69f32e7458536\" ><!--<a href=\"https:\/\/bit.ly\/3QdrqTZ\" target=\"_blank\">\n<img src=\"https:\/\/justicapotiguar.com.br\/wp-content\/uploads\/2023\/09\/desktop-geral.gif\"\/><a\/>--><\/div><style type=\"text\/css\">\r\n.jzaec69f32e7458536 {\r\ntext-align: center;\nmargin-bottom: 1em;\r\n}\r\n@media screen and (min-width: 1201px) {\r\n.jzaec69f32e7458536 {\r\ndisplay: block;\r\n}\r\n}\r\n@media screen and (min-width: 993px) and (max-width: 1200px) {\r\n.jzaec69f32e7458536 {\r\ndisplay: block;\r\n}\r\n}\r\n@media screen and (min-width: 769px) and (max-width: 992px) {\r\n.jzaec69f32e7458536 {\r\ndisplay: block;\r\n}\r\n}\r\n@media screen and (min-width: 768px) and (max-width: 768px) {\r\n.jzaec69f32e7458536 {\r\ndisplay: none;\r\n}\r\n}\r\n@media screen and (max-width: 767px) {\r\n.jzaec69f32e7458536 {\r\ndisplay: none;\r\n}\r\n}\r\n<\/style>\r\n\n\n\n\n<figure class=\"wp-block-image size-large\"><img loading=\"lazy\" width=\"512\" height=\"340\" src=\"https:\/\/justicapotiguar.com.br\/wp-content\/uploads\/2020\/09\/mpf.jpg\" alt=\"\" class=\"wp-image-13031\" srcset=\"https:\/\/justicapotiguar.com.br\/wp-content\/uploads\/2020\/09\/mpf.jpg 512w, https:\/\/justicapotiguar.com.br\/wp-content\/uploads\/2020\/09\/mpf-300x199.jpg 300w\" sizes=\"(max-width: 512px) 100vw, 512px\" \/><figcaption>Reprodu\u00e7\u00e3o<\/figcaption><\/figure>\n\n\n\n<p><br><strong>Recorr\u00eancia&nbsp;<\/strong>&#8211; \u201cAtos violentos praticados por quem tem a fun\u00e7\u00e3o de proteger a sociedade v\u00eam sendo cada vez mais recorrentes, seja em raz\u00e3o de problemas ligados \u00e0 sa\u00fade mental dos envolvidos ou em decorr\u00eancia da aparente falta de preparo e controle emocional\u201d, destaca Emanuel Ferreira. A a\u00e7\u00e3o cita casos como o do policial federal Lucas Valen\u00e7a, morto em mar\u00e7o deste ano ap\u00f3s invadir uma propriedade no interior de Goi\u00e1s, sob um surto psic\u00f3tico, bem como a morte de Genivaldo de Jesus dentro uma viatura da Pol\u00edcia Rodovi\u00e1ria Federal, ap\u00f3s uma abordagem em Sergipe.<\/p>\n\n\n\n<p><br>\u201cOs fatos mencionados nesta a\u00e7\u00e3o configuram, infelizmente, apenas mais um caso tr\u00e1gico envolvendo agentes da \u00e1rea da seguran\u00e7a p\u00fablica, o qual poderia ser evitado caso houvesse a ado\u00e7\u00e3o de medidas efetivas voltadas ao preparo t\u00e9cnico e suporte psicol\u00f3gico aos agentes envolvidos\u201d, refor\u00e7a o representante do MPF.<\/p>\n\n\n\n<p><br><strong>Risco constante&nbsp;<\/strong>&#8211; Emanuel Ferreira lembra que o ambiente de pris\u00e3o, \u201cpor si s\u00f3, j\u00e1 apresenta situa\u00e7\u00f5es bem adversas e que causam um desgaste emocional em todos os envolvidos, notadamente nos agentes federais de execu\u00e7\u00e3o penal, os quais est\u00e3o em contato direto com os presos\u201d. No Sistema Penitenci\u00e1rio Federal isso se amplia ainda mais, devido ao grau de extrema periculosidade de muitos dos apenados.<\/p>\n\n\n\n<p><br>Quatro agentes federais de execu\u00e7\u00e3o penal foram mortos por integrantes de organiza\u00e7\u00f5es criminosas entre 2012 e 2017, dois deles exatamente em Mossor\u00f3. \u201cTodo esse contexto exige dos profissionais grande capacidade e higidez mental para executarem suas atividades e gozarem de um m\u00ednimo de qualidade de vida.\u201d Problemas como ansiedade, depress\u00e3o, estresse e ideias suicidas se tornam cada vez mais comuns.<\/p>\n\n\n\n<p><br><strong>Atendimento&nbsp;<\/strong>\u2013 No pedido liminar, o MPF requer atendimento psicol\u00f3gico ao agente que efetuou os disparos, bem como uma nova avalia\u00e7\u00e3o de sua aptid\u00e3o t\u00e9cnica ou psicol\u00f3gica, \u201cgarantido o contradit\u00f3rio e ampla defesa ao servidor\u201d. J\u00e1 no m\u00e9rito, o Minist\u00e9rio P\u00fablico pede a oferta do atendimento psicol\u00f3gico a toda a categoria, um maior detalhamento dos dados e a implanta\u00e7\u00e3o efetiva do programa de sa\u00fade mental, entre outras medidas, al\u00e9m da cobran\u00e7a da indeniza\u00e7\u00e3o \u00e0 Uni\u00e3o.<\/p>\n","protected":false},"excerpt":{"rendered":"<p>O Minist\u00e9rio P\u00fablico Federal (MPF) ingressou com uma a\u00e7\u00e3o civil p\u00fablica contra a Uni\u00e3o levando em conta o disparo efetuado por um agente federal de execu\u00e7\u00e3o penal em Mossor\u00f3, no \u00faltimo dia 13 de abril, e que acertou uma crian\u00e7a de oito anos, de rasp\u00e3o, no bra\u00e7o esquerdo. Para al\u00e9m da atitude equivocada do agente,<br \/><a class=\"more-link\" href=\"https:\/\/justicapotiguar.com.br\/index.php\/2022\/06\/06\/mpf-processa-uniao-em-decorrencia-de-disparo-de-agente-penal-que-atingiu-crianca-em-mossoro\/\">Mais&#8230;<\/a><\/p>\n","protected":false},"author":5,"featured_media":0,"comment_status":"open","ping_status":"open","sticky":false,"template":"","format":"standard","meta":[],"categories":[1],"tags":[],"_links":{"self":[{"href":"https:\/\/justicapotiguar.com.br\/index.php\/wp-json\/wp\/v2\/posts\/26471"}],"collection":[{"href":"https:\/\/justicapotiguar.com.br\/index.php\/wp-json\/wp\/v2\/posts"}],"about":[{"href":"https:\/\/justicapotiguar.com.br\/index.php\/wp-json\/wp\/v2\/types\/post"}],"author":[{"embeddable":true,"href":"https:\/\/justicapotiguar.com.br\/index.php\/wp-json\/wp\/v2\/users\/5"}],"replies":[{"embeddable":true,"href":"https:\/\/justicapotiguar.com.br\/index.php\/wp-json\/wp\/v2\/comments?post=26471"}],"version-history":[{"count":1,"href":"https:\/\/justicapotiguar.com.br\/index.php\/wp-json\/wp\/v2\/posts\/26471\/revisions"}],"predecessor-version":[{"id":26472,"href":"https:\/\/justicapotiguar.com.br\/index.php\/wp-json\/wp\/v2\/posts\/26471\/revisions\/26472"}],"wp:attachment":[{"href":"https:\/\/justicapotiguar.com.br\/index.php\/wp-json\/wp\/v2\/media?parent=26471"}],"wp:term":[{"taxonomy":"category","embeddable":true,"href":"https:\/\/justicapotiguar.com.br\/index.php\/wp-json\/wp\/v2\/categories?post=26471"},{"taxonomy":"post_tag","embeddable":true,"href":"https:\/\/justicapotiguar.com.br\/index.php\/wp-json\/wp\/v2\/tags?post=26471"}],"curies":[{"name":"wp","href":"https:\/\/api.w.org\/{rel}","templated":true}]}}