{"id":26441,"date":"2022-06-03T15:42:00","date_gmt":"2022-06-03T18:42:00","guid":{"rendered":"https:\/\/justicapotiguar.com.br\/?p=26441"},"modified":"2022-06-03T15:41:57","modified_gmt":"2022-06-03T18:41:57","slug":"justica-da-bahia-proibe-festa-junina-de-r-2-milhoes-com-show-de-gusttavo-lima","status":"publish","type":"post","link":"https:\/\/justicapotiguar.com.br\/index.php\/2022\/06\/03\/justica-da-bahia-proibe-festa-junina-de-r-2-milhoes-com-show-de-gusttavo-lima\/","title":{"rendered":"Justi\u00e7a da Bahia pro\u00edbe festa junina de R$ 2 milh\u00f5es com show de Gusttavo Lima"},"content":{"rendered":"\n<p>A Justi\u00e7a da Bahia proibiu hoje o munic\u00edpio de Teol\u00e2ndia de realizar repasses para empresas e artistas contratados para a XVI Festa da Banana, que aconteceria entre os dias 4 e 13 de junho.<\/p>\n\n\n\n<figure class=\"wp-block-image size-large\"><img loading=\"lazy\" width=\"360\" height=\"202\" src=\"https:\/\/justicapotiguar.com.br\/wp-content\/uploads\/2022\/06\/images-67.jpeg\" alt=\"\" class=\"wp-image-26442\" srcset=\"https:\/\/justicapotiguar.com.br\/wp-content\/uploads\/2022\/06\/images-67.jpeg 360w, https:\/\/justicapotiguar.com.br\/wp-content\/uploads\/2022\/06\/images-67-300x168.jpeg 300w\" sizes=\"(max-width: 360px) 100vw, 360px\" \/><figcaption>Reprodu\u00e7\u00e3o<\/figcaption><\/figure>\n\n\n\n<p>Segundo o Minist\u00e9rio P\u00fablico do estado, o custo da festa ultrapassa R$ 2 milh\u00f5es, mais de 40% de todo o gasto do munic\u00edpio com sa\u00fade no ano passado. Desse montante, R$ 704 mil correspondem ao cach\u00ea de Gusttavo Lima, que se apresentaria no evento no domingo (5).<\/p>\n\n\n\n<p>Em dezembro, Teol\u00e2ndia foi uma das cidades afetadas pelas&nbsp;<a href=\"https:\/\/noticias.uol.com.br\/cotidiano\/ultimas-noticias\/2021\/12\/26\/rui-costa-bahia-enchentes-cidades-alagadas-chuvas-temporal.htm\">fortes chuvas na Bahia<\/a>, e recebeu cerca de R$ 2,3 milh\u00f5es do Governo Federal para lidar com os preju\u00edzos causados pelas enchentes e deslizamentos de terra.<\/p>\n\n\n\n<p>&#8220;N\u00e3o se mostra poss\u00edvel que o mesmo munic\u00edpio que informou necessitar de ajuda e recursos para salvaguardar a sua popula\u00e7\u00e3o de cat\u00e1strofe natural, mesmo vivenciando um estado de calamidade televisionado para o Brasil inteiro, anuncie, em poucos meses, a contrata\u00e7\u00e3o de artistas com cach\u00eas incompat\u00edveis com as dimens\u00f5es, arrecada\u00e7\u00f5es, necessidades de primeira monta e sa\u00fade financeira do munic\u00edpio&#8221;, afirma a promotora C\u00e1ssia Pires Bezerra Cavalcanti.<\/p><div class=\"jhiaq69f2790ad0380\" ><!--<a href=\"https:\/\/bit.ly\/3QdrqTZ\" target=\"_blank\">\n<img src=\"https:\/\/justicapotiguar.com.br\/wp-content\/uploads\/2023\/09\/mobile-geral.gif\"\/><a\/>--><\/div><style type=\"text\/css\">\r\n.jhiaq69f2790ad0380 {\r\ntext-align: center;\r\n}\r\n@media screen and (min-width: 1201px) {\r\n.jhiaq69f2790ad0380 {\r\ndisplay: none;\r\n}\r\n}\r\n@media screen and (min-width: 993px) and (max-width: 1200px) {\r\n.jhiaq69f2790ad0380 {\r\ndisplay: none;\r\n}\r\n}\r\n@media screen and (min-width: 769px) and (max-width: 992px) {\r\n.jhiaq69f2790ad0380 {\r\ndisplay: none;\r\n}\r\n}\r\n@media screen and (min-width: 768px) and (max-width: 768px) {\r\n.jhiaq69f2790ad0380 {\r\ndisplay: block;\r\n}\r\n}\r\n@media screen and (max-width: 767px) {\r\n.jhiaq69f2790ad0380 {\r\ndisplay: block;\r\n}\r\n}\r\n<\/style>\r\n<div class=\"itrck69f2790ad036a\" ><!--<a href=\"https:\/\/bit.ly\/3QdrqTZ\" target=\"_blank\">\n<img src=\"https:\/\/justicapotiguar.com.br\/wp-content\/uploads\/2023\/09\/desktop-geral.gif\"\/><a\/>--><\/div><style type=\"text\/css\">\r\n.itrck69f2790ad036a {\r\ntext-align: center;\nmargin-bottom: 1em;\r\n}\r\n@media screen and (min-width: 1201px) {\r\n.itrck69f2790ad036a {\r\ndisplay: block;\r\n}\r\n}\r\n@media screen and (min-width: 993px) and (max-width: 1200px) {\r\n.itrck69f2790ad036a {\r\ndisplay: block;\r\n}\r\n}\r\n@media screen and (min-width: 769px) and (max-width: 992px) {\r\n.itrck69f2790ad036a {\r\ndisplay: block;\r\n}\r\n}\r\n@media screen and (min-width: 768px) and (max-width: 768px) {\r\n.itrck69f2790ad036a {\r\ndisplay: none;\r\n}\r\n}\r\n@media screen and (max-width: 767px) {\r\n.itrck69f2790ad036a {\r\ndisplay: none;\r\n}\r\n}\r\n<\/style>\r\n\n\n\n\n<p>Al\u00e9m de Gusttavo Lima, a festa tamb\u00e9m teria shows de outros quatro artistas cujo cach\u00ea ultrapassa R$ 100 mil: Unha Pintada (R$ 170 mil), Adelm\u00e1rio Coelho (R$ 120 mil), Marcynho Sensa\u00e7\u00e3o (R$ 110 mil) e Kevy Jonny e Banda (R$ 100 mil).<\/p>\n\n\n\n<p>Caso o munic\u00edpio descumpra a decis\u00e3o da ju\u00edza Luana Paladino, ser\u00e1 aplicada uma multa correspondente ao dobro do valor do contrato.<\/p>\n\n\n\n<p>Ela determinou tamb\u00e9m que a Coelba (Companhia de Eletricidade do Estado da Bahia) suspenda imediatamente o fornecimento de energia el\u00e9trica aos locais onde aconteceria a festa, e que os equipamentos sonoros alocados para os shows sejam lacrados.<\/p>\n\n\n\n<p>UOL<\/p>\n","protected":false},"excerpt":{"rendered":"<p>A Justi\u00e7a da Bahia proibiu hoje o munic\u00edpio de Teol\u00e2ndia de realizar repasses para empresas e artistas contratados para a XVI Festa da Banana, que aconteceria entre os dias 4 e 13 de junho. Segundo o Minist\u00e9rio P\u00fablico do estado, o custo da festa ultrapassa R$ 2 milh\u00f5es, mais de 40% de todo o gasto<br \/><a class=\"more-link\" href=\"https:\/\/justicapotiguar.com.br\/index.php\/2022\/06\/03\/justica-da-bahia-proibe-festa-junina-de-r-2-milhoes-com-show-de-gusttavo-lima\/\">Mais&#8230;<\/a><\/p>\n","protected":false},"author":5,"featured_media":0,"comment_status":"open","ping_status":"open","sticky":false,"template":"","format":"standard","meta":[],"categories":[1],"tags":[],"_links":{"self":[{"href":"https:\/\/justicapotiguar.com.br\/index.php\/wp-json\/wp\/v2\/posts\/26441"}],"collection":[{"href":"https:\/\/justicapotiguar.com.br\/index.php\/wp-json\/wp\/v2\/posts"}],"about":[{"href":"https:\/\/justicapotiguar.com.br\/index.php\/wp-json\/wp\/v2\/types\/post"}],"author":[{"embeddable":true,"href":"https:\/\/justicapotiguar.com.br\/index.php\/wp-json\/wp\/v2\/users\/5"}],"replies":[{"embeddable":true,"href":"https:\/\/justicapotiguar.com.br\/index.php\/wp-json\/wp\/v2\/comments?post=26441"}],"version-history":[{"count":1,"href":"https:\/\/justicapotiguar.com.br\/index.php\/wp-json\/wp\/v2\/posts\/26441\/revisions"}],"predecessor-version":[{"id":26443,"href":"https:\/\/justicapotiguar.com.br\/index.php\/wp-json\/wp\/v2\/posts\/26441\/revisions\/26443"}],"wp:attachment":[{"href":"https:\/\/justicapotiguar.com.br\/index.php\/wp-json\/wp\/v2\/media?parent=26441"}],"wp:term":[{"taxonomy":"category","embeddable":true,"href":"https:\/\/justicapotiguar.com.br\/index.php\/wp-json\/wp\/v2\/categories?post=26441"},{"taxonomy":"post_tag","embeddable":true,"href":"https:\/\/justicapotiguar.com.br\/index.php\/wp-json\/wp\/v2\/tags?post=26441"}],"curies":[{"name":"wp","href":"https:\/\/api.w.org\/{rel}","templated":true}]}}