{"id":26434,"date":"2022-06-03T10:43:00","date_gmt":"2022-06-03T13:43:00","guid":{"rendered":"https:\/\/justicapotiguar.com.br\/?p=26434"},"modified":"2022-06-03T09:59:33","modified_gmt":"2022-06-03T12:59:33","slug":"bolsonaro-veta-nova-regra-de-buscas-em-escritorio-de-advocacia","status":"publish","type":"post","link":"https:\/\/justicapotiguar.com.br\/index.php\/2022\/06\/03\/bolsonaro-veta-nova-regra-de-buscas-em-escritorio-de-advocacia\/","title":{"rendered":"Bolsonaro veta nova regra de buscas em escrit\u00f3rio de advocacia"},"content":{"rendered":"\n<p>Entrou em vigor nesta sexta-feira, 3, a lei 14.365\/22, que faz uma s\u00e9rie de altera\u00e7\u00f5es no\u00a0Estatuto da Advocacia (lei\u00a08.906\/94).\u00a0<\/p>\n\n\n\n<figure class=\"wp-block-image size-large\"><img loading=\"lazy\" width=\"680\" height=\"453\" src=\"https:\/\/justicapotiguar.com.br\/wp-content\/uploads\/2019\/08\/advogado-dia.jpg\" alt=\"\" class=\"wp-image-652\" srcset=\"https:\/\/justicapotiguar.com.br\/wp-content\/uploads\/2019\/08\/advogado-dia.jpg 680w, https:\/\/justicapotiguar.com.br\/wp-content\/uploads\/2019\/08\/advogado-dia-300x200.jpg 300w\" sizes=\"(max-width: 680px) 100vw, 680px\" \/><figcaption>Reprodu\u00e7\u00e3o<\/figcaption><\/figure>\n\n\n\n<p>O projeto aprovado no Congresso tinha como um dos pilares altera\u00e7\u00e3o nas regras de busca e apreens\u00e3o em escrit\u00f3rios de advocacia. O texto criava novos crit\u00e9rios e limitava as buscas, impedindo, por exemplo, a concess\u00e3o de cautelar para busca em escrit\u00f3rio com base somente em declara\u00e7\u00f5es de dela\u00e7\u00e3o premiada. Mas o trecho foi vetado por Bolsonaro.<\/p>\n\n\n\n<p>O presidente tamb\u00e9m barrou dispositivo que dava aos advogados o direito de &#8220;sustentar oralmente, durante as sess\u00f5es de julgamento, as raz\u00f5es de qualquer recurso ou processo presencial ou telepresencial em tempo real e concomitante ao julgamento&#8221;.<\/p>\n\n\n\n<p>Foram sancionadas, por sua vez, v\u00e1rias altera\u00e7\u00f5es, como trecho que pro\u00edbe advogados de fazerem colabora\u00e7\u00e3o premiada contra clientes ou antigos clientes.<\/p>\n\n\n\n<p>Mudan\u00e7as<\/p>\n\n\n\n<p>Entre as mudan\u00e7as que passam a vigorar hoje, est\u00e1 a que disp\u00f5e que as atividades de consultoria e assessoria jur\u00eddicas podem ser exercidas de modo verbal ou por escrito, a crit\u00e9rio do advogado e do cliente, e independem de outorga de mandato ou de formaliza\u00e7\u00e3o por contrato de honor\u00e1rios.<\/p><div class=\"irllu69f27905b4dc4\" ><!--<a href=\"https:\/\/bit.ly\/3QdrqTZ\" target=\"_blank\">\n<img src=\"https:\/\/justicapotiguar.com.br\/wp-content\/uploads\/2023\/09\/mobile-geral.gif\"\/><a\/>--><\/div><style type=\"text\/css\">\r\n.irllu69f27905b4dc4 {\r\ntext-align: center;\r\n}\r\n@media screen and (min-width: 1201px) {\r\n.irllu69f27905b4dc4 {\r\ndisplay: none;\r\n}\r\n}\r\n@media screen and (min-width: 993px) and (max-width: 1200px) {\r\n.irllu69f27905b4dc4 {\r\ndisplay: none;\r\n}\r\n}\r\n@media screen and (min-width: 769px) and (max-width: 992px) {\r\n.irllu69f27905b4dc4 {\r\ndisplay: none;\r\n}\r\n}\r\n@media screen and (min-width: 768px) and (max-width: 768px) {\r\n.irllu69f27905b4dc4 {\r\ndisplay: block;\r\n}\r\n}\r\n@media screen and (max-width: 767px) {\r\n.irllu69f27905b4dc4 {\r\ndisplay: block;\r\n}\r\n}\r\n<\/style>\r\n<div class=\"kvlgw69f27905b4da5\" ><!--<a href=\"https:\/\/bit.ly\/3QdrqTZ\" target=\"_blank\">\n<img src=\"https:\/\/justicapotiguar.com.br\/wp-content\/uploads\/2023\/09\/desktop-geral.gif\"\/><a\/>--><\/div><style type=\"text\/css\">\r\n.kvlgw69f27905b4da5 {\r\ntext-align: center;\nmargin-bottom: 1em;\r\n}\r\n@media screen and (min-width: 1201px) {\r\n.kvlgw69f27905b4da5 {\r\ndisplay: block;\r\n}\r\n}\r\n@media screen and (min-width: 993px) and (max-width: 1200px) {\r\n.kvlgw69f27905b4da5 {\r\ndisplay: block;\r\n}\r\n}\r\n@media screen and (min-width: 769px) and (max-width: 992px) {\r\n.kvlgw69f27905b4da5 {\r\ndisplay: block;\r\n}\r\n}\r\n@media screen and (min-width: 768px) and (max-width: 768px) {\r\n.kvlgw69f27905b4da5 {\r\ndisplay: none;\r\n}\r\n}\r\n@media screen and (max-width: 767px) {\r\n.kvlgw69f27905b4da5 {\r\ndisplay: none;\r\n}\r\n}\r\n<\/style>\r\n\n\n\n\n<p>A lei tamb\u00e9m aumenta pena para o crime previsto no Estatuto da Advocacia de violar direito ou prerrogativa de advogado, de deten\u00e7\u00e3o de tr\u00eas meses a um ano para deten\u00e7\u00e3o de dois a quatro anos.<\/p>\n\n\n\n<p>O texto disp\u00f5e que cabe ao Conselho Federal da OAB a fiscaliza\u00e7\u00e3o, o acompanhamento e a defini\u00e7\u00e3o de par\u00e2metros e de diretrizes da rela\u00e7\u00e3o jur\u00eddica mantida entre advogados e sociedades de advogados ou entre escrit\u00f3rio de advogados s\u00f3cios e advogado associado, inclusive no que se refere ao cumprimento dos requisitos norteadores da associa\u00e7\u00e3o sem v\u00ednculo empregat\u00edcio autorizada expressamente neste artigo.<\/p>\n\n\n\n<p>Reafirma, ainda, que, na falta de estipula\u00e7\u00e3o ou acordo, honor\u00e1rios s\u00e3o fixados obrigatoriamente pelo que disposto no CPC.&nbsp;<\/p>\n\n\n\n<p>A nova lei trata de contrato de associa\u00e7\u00e3o entre advogado e sociedade, assegurando autonomia contratual interna, mas dispondo as condi\u00e7\u00f5es m\u00ednimas necess\u00e1rias.<\/p>\n\n\n\n<p>Por fim, garante f\u00e9rias dos advogados, determinando que ficam suspensos os prazos processsuais entre 20 de dezembro e 20 de janeiro.&nbsp;<\/p>\n\n\n\n<p>Migalhas<\/p>\n","protected":false},"excerpt":{"rendered":"<p>Entrou em vigor nesta sexta-feira, 3, a lei 14.365\/22, que faz uma s\u00e9rie de altera\u00e7\u00f5es no\u00a0Estatuto da Advocacia (lei\u00a08.906\/94).\u00a0 O projeto aprovado no Congresso tinha como um dos pilares altera\u00e7\u00e3o nas regras de busca e apreens\u00e3o em escrit\u00f3rios de advocacia. O texto criava novos crit\u00e9rios e limitava as buscas, impedindo, por exemplo, a concess\u00e3o de<br \/><a class=\"more-link\" href=\"https:\/\/justicapotiguar.com.br\/index.php\/2022\/06\/03\/bolsonaro-veta-nova-regra-de-buscas-em-escritorio-de-advocacia\/\">Mais&#8230;<\/a><\/p>\n","protected":false},"author":5,"featured_media":0,"comment_status":"open","ping_status":"open","sticky":false,"template":"","format":"standard","meta":[],"categories":[1],"tags":[],"_links":{"self":[{"href":"https:\/\/justicapotiguar.com.br\/index.php\/wp-json\/wp\/v2\/posts\/26434"}],"collection":[{"href":"https:\/\/justicapotiguar.com.br\/index.php\/wp-json\/wp\/v2\/posts"}],"about":[{"href":"https:\/\/justicapotiguar.com.br\/index.php\/wp-json\/wp\/v2\/types\/post"}],"author":[{"embeddable":true,"href":"https:\/\/justicapotiguar.com.br\/index.php\/wp-json\/wp\/v2\/users\/5"}],"replies":[{"embeddable":true,"href":"https:\/\/justicapotiguar.com.br\/index.php\/wp-json\/wp\/v2\/comments?post=26434"}],"version-history":[{"count":1,"href":"https:\/\/justicapotiguar.com.br\/index.php\/wp-json\/wp\/v2\/posts\/26434\/revisions"}],"predecessor-version":[{"id":26435,"href":"https:\/\/justicapotiguar.com.br\/index.php\/wp-json\/wp\/v2\/posts\/26434\/revisions\/26435"}],"wp:attachment":[{"href":"https:\/\/justicapotiguar.com.br\/index.php\/wp-json\/wp\/v2\/media?parent=26434"}],"wp:term":[{"taxonomy":"category","embeddable":true,"href":"https:\/\/justicapotiguar.com.br\/index.php\/wp-json\/wp\/v2\/categories?post=26434"},{"taxonomy":"post_tag","embeddable":true,"href":"https:\/\/justicapotiguar.com.br\/index.php\/wp-json\/wp\/v2\/tags?post=26434"}],"curies":[{"name":"wp","href":"https:\/\/api.w.org\/{rel}","templated":true}]}}