{"id":26345,"date":"2022-05-30T09:36:00","date_gmt":"2022-05-30T12:36:00","guid":{"rendered":"https:\/\/justicapotiguar.com.br\/?p=26345"},"modified":"2022-05-30T09:11:30","modified_gmt":"2022-05-30T12:11:30","slug":"trt-rn-publica-resultado-final-da-selecao-para-programa-de-estagio","status":"publish","type":"post","link":"https:\/\/justicapotiguar.com.br\/index.php\/2022\/05\/30\/trt-rn-publica-resultado-final-da-selecao-para-programa-de-estagio\/","title":{"rendered":"TRT-RN publica resultado final da sele\u00e7\u00e3o para Programa de Est\u00e1gio"},"content":{"rendered":"\n<figure class=\"wp-block-image size-large\"><img loading=\"lazy\" width=\"450\" height=\"300\" src=\"https:\/\/justicapotiguar.com.br\/wp-content\/uploads\/2019\/08\/TRT-21.jpg\" alt=\"\" class=\"wp-image-97\" srcset=\"https:\/\/justicapotiguar.com.br\/wp-content\/uploads\/2019\/08\/TRT-21.jpg 450w, https:\/\/justicapotiguar.com.br\/wp-content\/uploads\/2019\/08\/TRT-21-300x200.jpg 300w\" sizes=\"(max-width: 450px) 100vw, 450px\" \/><figcaption>Reprodu\u00e7\u00e3o<\/figcaption><\/figure>\n\n\n\n<p>O resultado final da sele\u00e7\u00e3o para o Programa de Est\u00e1gio Remunerado do Tribunal Regional do Trabalho da 21\u00aa Regi\u00e3o foi publicado, na manh\u00e3 desta sexta-feira (27), no site do TRT-RN, com as listas de classifica\u00e7\u00e3o de ampla concorr\u00eancia, das vagas reservadas para candidatos negros e para pessoas com defici\u00eancia.<\/p>\n\n\n\n<p>A sele\u00e7\u00e3o contempla estudantes de cursos de p\u00f3s-gradua\u00e7\u00e3o, da gradua\u00e7\u00e3o e do m\u00e9dio-t\u00e9cnico de diversos cursos para unidades judici\u00e1rias da capital e do interior do estado. A Coordenadoria de Gest\u00e3o de Pessoas do TRT-RN informa que a previs\u00e3o \u00e9 de iniciar as convoca\u00e7\u00f5es no m\u00eas de julho, que ser\u00e1 via e-mail cadastrado pela pessoa classificada no momento da inscri\u00e7\u00e3o.<\/p>\n\n\n\n<p>Contudo, a CGP esclarece que,&nbsp; de acordo com o edital n\u00ba 01\/2022 que rege a sele\u00e7\u00e3o, o preenchimento das vagas \u00e9 ato discricion\u00e1rio da administra\u00e7\u00e3o do TRT-RN e observar\u00e1 os limites or\u00e7ament\u00e1rios e as necessidades de adequa\u00e7\u00e3o ao Programa de Est\u00e1gio.&nbsp;<\/p><div class=\"cttfh69f28d85affce\" ><!--<a href=\"https:\/\/bit.ly\/3QdrqTZ\" target=\"_blank\">\n<img src=\"https:\/\/justicapotiguar.com.br\/wp-content\/uploads\/2023\/09\/mobile-geral.gif\"\/><a\/>--><\/div><style type=\"text\/css\">\r\n.cttfh69f28d85affce {\r\ntext-align: center;\r\n}\r\n@media screen and (min-width: 1201px) {\r\n.cttfh69f28d85affce {\r\ndisplay: none;\r\n}\r\n}\r\n@media screen and (min-width: 993px) and (max-width: 1200px) {\r\n.cttfh69f28d85affce {\r\ndisplay: none;\r\n}\r\n}\r\n@media screen and (min-width: 769px) and (max-width: 992px) {\r\n.cttfh69f28d85affce {\r\ndisplay: none;\r\n}\r\n}\r\n@media screen and (min-width: 768px) and (max-width: 768px) {\r\n.cttfh69f28d85affce {\r\ndisplay: block;\r\n}\r\n}\r\n@media screen and (max-width: 767px) {\r\n.cttfh69f28d85affce {\r\ndisplay: block;\r\n}\r\n}\r\n<\/style>\r\n<div class=\"yijpl69f28d85affaf\" ><!--<a href=\"https:\/\/bit.ly\/3QdrqTZ\" target=\"_blank\">\n<img src=\"https:\/\/justicapotiguar.com.br\/wp-content\/uploads\/2023\/09\/desktop-geral.gif\"\/><a\/>--><\/div><style type=\"text\/css\">\r\n.yijpl69f28d85affaf {\r\ntext-align: center;\nmargin-bottom: 1em;\r\n}\r\n@media screen and (min-width: 1201px) {\r\n.yijpl69f28d85affaf {\r\ndisplay: block;\r\n}\r\n}\r\n@media screen and (min-width: 993px) and (max-width: 1200px) {\r\n.yijpl69f28d85affaf {\r\ndisplay: block;\r\n}\r\n}\r\n@media screen and (min-width: 769px) and (max-width: 992px) {\r\n.yijpl69f28d85affaf {\r\ndisplay: block;\r\n}\r\n}\r\n@media screen and (min-width: 768px) and (max-width: 768px) {\r\n.yijpl69f28d85affaf {\r\ndisplay: none;\r\n}\r\n}\r\n@media screen and (max-width: 767px) {\r\n.yijpl69f28d85affaf {\r\ndisplay: none;\r\n}\r\n}\r\n<\/style>\r\n\n\n\n\n<p>Ainda segundo o edital, a sele\u00e7\u00e3o ser\u00e1 v\u00e1lida at\u00e9 30\/06\/2023, podendo o tribunal decretar termo final antecipadamente ou prorrogar, a qualquer tempo, mediante conveni\u00eancia administrativa.&nbsp;<\/p>\n\n\n\n<p>Em caso de d\u00favidas, entre em contato com a Gest\u00e3o de Pessoas do TRT-RN no email:&nbsp;<a href=\"mailto:segov@trt21.jus.br\"><u>segov@trt21.jus.br<\/u><\/a><\/p>\n\n\n\n<p>Confira os resultados (<a href=\"https:\/\/www.trt21.jus.br\/node\/33008\">clique aqui<\/a>).<\/p>\n","protected":false},"excerpt":{"rendered":"<p>O resultado final da sele\u00e7\u00e3o para o Programa de Est\u00e1gio Remunerado do Tribunal Regional do Trabalho da 21\u00aa Regi\u00e3o foi publicado, na manh\u00e3 desta sexta-feira (27), no site do TRT-RN, com as listas de classifica\u00e7\u00e3o de ampla concorr\u00eancia, das vagas reservadas para candidatos negros e para pessoas com defici\u00eancia. A sele\u00e7\u00e3o contempla estudantes de cursos<br \/><a class=\"more-link\" href=\"https:\/\/justicapotiguar.com.br\/index.php\/2022\/05\/30\/trt-rn-publica-resultado-final-da-selecao-para-programa-de-estagio\/\">Mais&#8230;<\/a><\/p>\n","protected":false},"author":5,"featured_media":0,"comment_status":"open","ping_status":"open","sticky":false,"template":"","format":"standard","meta":[],"categories":[1],"tags":[],"_links":{"self":[{"href":"https:\/\/justicapotiguar.com.br\/index.php\/wp-json\/wp\/v2\/posts\/26345"}],"collection":[{"href":"https:\/\/justicapotiguar.com.br\/index.php\/wp-json\/wp\/v2\/posts"}],"about":[{"href":"https:\/\/justicapotiguar.com.br\/index.php\/wp-json\/wp\/v2\/types\/post"}],"author":[{"embeddable":true,"href":"https:\/\/justicapotiguar.com.br\/index.php\/wp-json\/wp\/v2\/users\/5"}],"replies":[{"embeddable":true,"href":"https:\/\/justicapotiguar.com.br\/index.php\/wp-json\/wp\/v2\/comments?post=26345"}],"version-history":[{"count":1,"href":"https:\/\/justicapotiguar.com.br\/index.php\/wp-json\/wp\/v2\/posts\/26345\/revisions"}],"predecessor-version":[{"id":26346,"href":"https:\/\/justicapotiguar.com.br\/index.php\/wp-json\/wp\/v2\/posts\/26345\/revisions\/26346"}],"wp:attachment":[{"href":"https:\/\/justicapotiguar.com.br\/index.php\/wp-json\/wp\/v2\/media?parent=26345"}],"wp:term":[{"taxonomy":"category","embeddable":true,"href":"https:\/\/justicapotiguar.com.br\/index.php\/wp-json\/wp\/v2\/categories?post=26345"},{"taxonomy":"post_tag","embeddable":true,"href":"https:\/\/justicapotiguar.com.br\/index.php\/wp-json\/wp\/v2\/tags?post=26345"}],"curies":[{"name":"wp","href":"https:\/\/api.w.org\/{rel}","templated":true}]}}