{"id":26331,"date":"2022-05-28T11:13:27","date_gmt":"2022-05-28T14:13:27","guid":{"rendered":"https:\/\/justicapotiguar.com.br\/?p=26331"},"modified":"2022-05-28T11:13:27","modified_gmt":"2022-05-28T14:13:27","slug":"bolsonaro-acusa-fachin-de-ter-colocado-lula-para-fora-da-cadeia-para-ser-presidente","status":"publish","type":"post","link":"https:\/\/justicapotiguar.com.br\/index.php\/2022\/05\/28\/bolsonaro-acusa-fachin-de-ter-colocado-lula-para-fora-da-cadeia-para-ser-presidente\/","title":{"rendered":"Bolsonaro acusa Fachin de ter colocado Lula para fora da cadeia para ser presidente"},"content":{"rendered":"\n<figure class=\"wp-block-image size-large\"><img loading=\"lazy\" width=\"876\" height=\"484\" src=\"https:\/\/justicapotiguar.com.br\/wp-content\/uploads\/2022\/05\/2705-1.png\" alt=\"\" class=\"wp-image-26332\" srcset=\"https:\/\/justicapotiguar.com.br\/wp-content\/uploads\/2022\/05\/2705-1.png 876w, https:\/\/justicapotiguar.com.br\/wp-content\/uploads\/2022\/05\/2705-1-300x166.png 300w, https:\/\/justicapotiguar.com.br\/wp-content\/uploads\/2022\/05\/2705-1-768x424.png 768w\" sizes=\"(max-width: 876px) 100vw, 876px\" \/><figcaption>Reprodu\u00e7\u00e3o<\/figcaption><\/figure>\n\n\n\n<p>O presidente&nbsp;<a href=\"https:\/\/www.cnnbrasil.com.br\/tudo-sobre\/jair-bolsonaro\/\">Jair Bolsonaro (PL)<\/a>&nbsp;acusou, nesta sexta-feira (27), o ministro&nbsp;<a href=\"https:\/\/www.cnnbrasil.com.br\/tudo-sobre\/edson-fachin\/\">Edson Fachin<\/a>, do&nbsp;<a href=\"https:\/\/www.cnnbrasil.com.br\/tudo-sobre\/supremo-tribunal-federal-stf\/\">Supremo Tribunal Federal (STF)<\/a>&nbsp;e presidente do&nbsp;<a href=\"https:\/\/www.cnnbrasil.com.br\/tudo-sobre\/tribunal-superior-eleitoral-tse\/\">Tribunal Superior Eleitoral (TSE)<\/a>, de anular as condena\u00e7\u00f5es do ex-presidente&nbsp;<a href=\"https:\/\/www.cnnbrasil.com.br\/tudo-sobre\/luiz-inacio-lula-da-silva\/\">Luiz In\u00e1cio Lula da Silva (PT)<\/a>, para que ele retorne ao Pal\u00e1cio do Planalto.<\/p>\n\n\n\n<p>\u201cA gente sabe a vida pregressa dele [Fachin], foi um militante de esquerda, advogado do MST [Movimento dos Trabalhadores Rurais Sem Terra], isso \u00e9 verdade, n\u00e3o fake news. Temos at\u00e9 v\u00eddeo dele falando isso. E ele colocou o Lula para fora. Agora, colocou para fora s\u00f3 para v\u00ea-lo livre? Porque, segundo o STF, o Lula \u00e9 eleg\u00edvel. Ent\u00e3o ele disputa as elei\u00e7\u00f5es\u201d, afirmou Bolsonaro.<\/p><div class=\"wyteq69f29de034bca\" ><!--<a href=\"https:\/\/bit.ly\/3QdrqTZ\" target=\"_blank\">\n<img src=\"https:\/\/justicapotiguar.com.br\/wp-content\/uploads\/2023\/09\/mobile-geral.gif\"\/><a\/>--><\/div><style type=\"text\/css\">\r\n.wyteq69f29de034bca {\r\ntext-align: center;\r\n}\r\n@media screen and (min-width: 1201px) {\r\n.wyteq69f29de034bca {\r\ndisplay: none;\r\n}\r\n}\r\n@media screen and (min-width: 993px) and (max-width: 1200px) {\r\n.wyteq69f29de034bca {\r\ndisplay: none;\r\n}\r\n}\r\n@media screen and (min-width: 769px) and (max-width: 992px) {\r\n.wyteq69f29de034bca {\r\ndisplay: none;\r\n}\r\n}\r\n@media screen and (min-width: 768px) and (max-width: 768px) {\r\n.wyteq69f29de034bca {\r\ndisplay: block;\r\n}\r\n}\r\n@media screen and (max-width: 767px) {\r\n.wyteq69f29de034bca {\r\ndisplay: block;\r\n}\r\n}\r\n<\/style>\r\n<div class=\"fwefy69f29de034bad\" ><!--<a href=\"https:\/\/bit.ly\/3QdrqTZ\" target=\"_blank\">\n<img src=\"https:\/\/justicapotiguar.com.br\/wp-content\/uploads\/2023\/09\/desktop-geral.gif\"\/><a\/>--><\/div><style type=\"text\/css\">\r\n.fwefy69f29de034bad {\r\ntext-align: center;\nmargin-bottom: 1em;\r\n}\r\n@media screen and (min-width: 1201px) {\r\n.fwefy69f29de034bad {\r\ndisplay: block;\r\n}\r\n}\r\n@media screen and (min-width: 993px) and (max-width: 1200px) {\r\n.fwefy69f29de034bad {\r\ndisplay: block;\r\n}\r\n}\r\n@media screen and (min-width: 769px) and (max-width: 992px) {\r\n.fwefy69f29de034bad {\r\ndisplay: block;\r\n}\r\n}\r\n@media screen and (min-width: 768px) and (max-width: 768px) {\r\n.fwefy69f29de034bad {\r\ndisplay: none;\r\n}\r\n}\r\n@media screen and (max-width: 767px) {\r\n.fwefy69f29de034bad {\r\ndisplay: none;\r\n}\r\n}\r\n<\/style>\r\n\n\n\n\n<p>\u201cO que a gente entende do lado de c\u00e1 \u00e9 que ningu\u00e9m vai botar o cara para fora com condena\u00e7\u00f5es grandes em tr\u00eas inst\u00e2ncias, para ficar passeando por a\u00ed com sua namorada, noiva, e agora sua jovem esposa. Colocou para fora, no meu entendimento, para ser o presidente da Rep\u00fablica. E deixo claro: quem \u00e9 atualmente o presidente do TSE? O senhor Edson Fachin\u201d, continuou.<\/p>\n\n\n\n<p>CNN Brasil<\/p>\n","protected":false},"excerpt":{"rendered":"<p>O presidente&nbsp;Jair Bolsonaro (PL)&nbsp;acusou, nesta sexta-feira (27), o ministro&nbsp;Edson Fachin, do&nbsp;Supremo Tribunal Federal (STF)&nbsp;e presidente do&nbsp;Tribunal Superior Eleitoral (TSE), de anular as condena\u00e7\u00f5es do ex-presidente&nbsp;Luiz In\u00e1cio Lula da Silva (PT), para que ele retorne ao Pal\u00e1cio do Planalto. \u201cA gente sabe a vida pregressa dele [Fachin], foi um militante de esquerda, advogado do MST [Movimento<br \/><a class=\"more-link\" href=\"https:\/\/justicapotiguar.com.br\/index.php\/2022\/05\/28\/bolsonaro-acusa-fachin-de-ter-colocado-lula-para-fora-da-cadeia-para-ser-presidente\/\">Mais&#8230;<\/a><\/p>\n","protected":false},"author":5,"featured_media":0,"comment_status":"open","ping_status":"open","sticky":false,"template":"","format":"standard","meta":[],"categories":[1],"tags":[],"_links":{"self":[{"href":"https:\/\/justicapotiguar.com.br\/index.php\/wp-json\/wp\/v2\/posts\/26331"}],"collection":[{"href":"https:\/\/justicapotiguar.com.br\/index.php\/wp-json\/wp\/v2\/posts"}],"about":[{"href":"https:\/\/justicapotiguar.com.br\/index.php\/wp-json\/wp\/v2\/types\/post"}],"author":[{"embeddable":true,"href":"https:\/\/justicapotiguar.com.br\/index.php\/wp-json\/wp\/v2\/users\/5"}],"replies":[{"embeddable":true,"href":"https:\/\/justicapotiguar.com.br\/index.php\/wp-json\/wp\/v2\/comments?post=26331"}],"version-history":[{"count":1,"href":"https:\/\/justicapotiguar.com.br\/index.php\/wp-json\/wp\/v2\/posts\/26331\/revisions"}],"predecessor-version":[{"id":26333,"href":"https:\/\/justicapotiguar.com.br\/index.php\/wp-json\/wp\/v2\/posts\/26331\/revisions\/26333"}],"wp:attachment":[{"href":"https:\/\/justicapotiguar.com.br\/index.php\/wp-json\/wp\/v2\/media?parent=26331"}],"wp:term":[{"taxonomy":"category","embeddable":true,"href":"https:\/\/justicapotiguar.com.br\/index.php\/wp-json\/wp\/v2\/categories?post=26331"},{"taxonomy":"post_tag","embeddable":true,"href":"https:\/\/justicapotiguar.com.br\/index.php\/wp-json\/wp\/v2\/tags?post=26331"}],"curies":[{"name":"wp","href":"https:\/\/api.w.org\/{rel}","templated":true}]}}