{"id":26296,"date":"2022-05-26T11:02:00","date_gmt":"2022-05-26T14:02:00","guid":{"rendered":"https:\/\/justicapotiguar.com.br\/?p=26296"},"modified":"2022-05-26T09:03:54","modified_gmt":"2022-05-26T12:03:54","slug":"governo-do-rn-dispensa-obrigatoriedade-de-comprovacao-do-esquema-vacinal","status":"publish","type":"post","link":"https:\/\/justicapotiguar.com.br\/index.php\/2022\/05\/26\/governo-do-rn-dispensa-obrigatoriedade-de-comprovacao-do-esquema-vacinal\/","title":{"rendered":"Governo do RN dispensa obrigatoriedade de comprova\u00e7\u00e3o do esquema vacinal"},"content":{"rendered":"\n<p><\/p>\n\n\n\n<figure class=\"wp-block-image size-large\"><img loading=\"lazy\" width=\"984\" height=\"738\" src=\"https:\/\/justicapotiguar.com.br\/wp-content\/uploads\/2021\/09\/sem_titulo-1vacina.jpg\" alt=\"\" class=\"wp-image-21962\" srcset=\"https:\/\/justicapotiguar.com.br\/wp-content\/uploads\/2021\/09\/sem_titulo-1vacina.jpg 984w, https:\/\/justicapotiguar.com.br\/wp-content\/uploads\/2021\/09\/sem_titulo-1vacina-300x225.jpg 300w, https:\/\/justicapotiguar.com.br\/wp-content\/uploads\/2021\/09\/sem_titulo-1vacina-768x576.jpg 768w\" sizes=\"(max-width: 984px) 100vw, 984px\" \/><figcaption>Ilustrativa<\/figcaption><\/figure>\n\n\n\n<p>O Governo do Estado do Rio Grande do Norte publicou nesta quinta-feira (26), o Decreto n\u00ba 31.541, de 25 de maio de 2022, que dispensa a obrigatoriedade de comprova\u00e7\u00e3o do esquema vacinal em equipamentos p\u00fablicos e privados destinados ao p\u00fablico em geral, como est\u00e1dios, gin\u00e1sios e eventos esportivos com p\u00fablico, cinemas, teatros, salas de concertos e museus.<br>A decis\u00e3o leva em considera\u00e7\u00e3o a ades\u00e3o da sociedade potiguar ao plano nacional de vacina\u00e7\u00e3o contra a Covid-19. Segundo o monitoramento de vacina\u00e7\u00e3o do RN + Vacina, desenvolvido pelo Laborat\u00f3rio de Inova\u00e7\u00e3o Tecnol\u00f3gica em Sa\u00fade (LAIS\/UFRN) em parceria com a Secretaria de Estado da Sa\u00fade P\u00fablica (Sesap), 84% da popula\u00e7\u00e3o do Estado encontra-se totalmente vacinada.<br>Para a dispensa, o Decreto considera que o combate \u00e0 pandemia e a ado\u00e7\u00e3o de medidas de preven\u00e7\u00e3o s\u00e3o quest\u00f5es que devem ser enfrentadas por toda a sociedade, e que o esfor\u00e7o para a supera\u00e7\u00e3o da crise \u00e9 de responsabilidade conjunta de governos, de empresas e de cidad\u00e3os.<br>Permanece obrigat\u00f3ria a comprova\u00e7\u00e3o do esquema vacinal como condi\u00e7\u00e3o para acesso aos eventos de massa, sociais, recreativos, confer\u00eancias, conven\u00e7\u00f5es, simp\u00f3sios e afins, realizados em locais fechados, com participa\u00e7\u00e3o simult\u00e2nea superior a 2.000 pessoas.<\/p><div class=\"wvxeo69f29e0b26dbf\" ><!--<a href=\"https:\/\/bit.ly\/3QdrqTZ\" target=\"_blank\">\n<img src=\"https:\/\/justicapotiguar.com.br\/wp-content\/uploads\/2023\/09\/mobile-geral.gif\"\/><a\/>--><\/div><style type=\"text\/css\">\r\n.wvxeo69f29e0b26dbf {\r\ntext-align: center;\r\n}\r\n@media screen and (min-width: 1201px) {\r\n.wvxeo69f29e0b26dbf {\r\ndisplay: none;\r\n}\r\n}\r\n@media screen and (min-width: 993px) and (max-width: 1200px) {\r\n.wvxeo69f29e0b26dbf {\r\ndisplay: none;\r\n}\r\n}\r\n@media screen and (min-width: 769px) and (max-width: 992px) {\r\n.wvxeo69f29e0b26dbf {\r\ndisplay: none;\r\n}\r\n}\r\n@media screen and (min-width: 768px) and (max-width: 768px) {\r\n.wvxeo69f29e0b26dbf {\r\ndisplay: block;\r\n}\r\n}\r\n@media screen and (max-width: 767px) {\r\n.wvxeo69f29e0b26dbf {\r\ndisplay: block;\r\n}\r\n}\r\n<\/style>\r\n<div class=\"mouqk69f29e0b26da5\" ><!--<a href=\"https:\/\/bit.ly\/3QdrqTZ\" target=\"_blank\">\n<img src=\"https:\/\/justicapotiguar.com.br\/wp-content\/uploads\/2023\/09\/desktop-geral.gif\"\/><a\/>--><\/div><style type=\"text\/css\">\r\n.mouqk69f29e0b26da5 {\r\ntext-align: center;\nmargin-bottom: 1em;\r\n}\r\n@media screen and (min-width: 1201px) {\r\n.mouqk69f29e0b26da5 {\r\ndisplay: block;\r\n}\r\n}\r\n@media screen and (min-width: 993px) and (max-width: 1200px) {\r\n.mouqk69f29e0b26da5 {\r\ndisplay: block;\r\n}\r\n}\r\n@media screen and (min-width: 769px) and (max-width: 992px) {\r\n.mouqk69f29e0b26da5 {\r\ndisplay: block;\r\n}\r\n}\r\n@media screen and (min-width: 768px) and (max-width: 768px) {\r\n.mouqk69f29e0b26da5 {\r\ndisplay: none;\r\n}\r\n}\r\n@media screen and (max-width: 767px) {\r\n.mouqk69f29e0b26da5 {\r\ndisplay: none;\r\n}\r\n}\r\n<\/style>\r\n\n\n\n\n<p>O Governo do Estado refor\u00e7a a import\u00e2ncia de que todo cidad\u00e3o complete o esquema vacinal contra covid-19. O mais recente relat\u00f3rio gerado pelo portal RN + Vacina, com dados at\u00e9 o in\u00edcio da tarde da segunda-feira (23), aponta que o Rio Grande do Norte tem um total de 767.796 pessoas com a terceira dose da vacina contra a Covid-19 em atraso, ou seja, j\u00e1 passaram do per\u00edodo de quatro meses recomendado ap\u00f3s a segunda dose. A Secretaria de Estado da Sa\u00fade P\u00fablica (Sesap) refor\u00e7a que a imuniza\u00e7\u00e3o vem se mostrando a forma mais eficaz de controle da pandemia, evitando os casos graves e interna\u00e7\u00f5es pela doen\u00e7a.<\/p>\n\n\n\n<p><\/p>\n","protected":false},"excerpt":{"rendered":"<p>O Governo do Estado do Rio Grande do Norte publicou nesta quinta-feira (26), o Decreto n\u00ba 31.541, de 25 de maio de 2022, que dispensa a obrigatoriedade de comprova\u00e7\u00e3o do esquema vacinal em equipamentos p\u00fablicos e privados destinados ao p\u00fablico em geral, como est\u00e1dios, gin\u00e1sios e eventos esportivos com p\u00fablico, cinemas, teatros, salas de concertos<br \/><a class=\"more-link\" href=\"https:\/\/justicapotiguar.com.br\/index.php\/2022\/05\/26\/governo-do-rn-dispensa-obrigatoriedade-de-comprovacao-do-esquema-vacinal\/\">Mais&#8230;<\/a><\/p>\n","protected":false},"author":5,"featured_media":0,"comment_status":"open","ping_status":"open","sticky":false,"template":"","format":"standard","meta":[],"categories":[1],"tags":[],"_links":{"self":[{"href":"https:\/\/justicapotiguar.com.br\/index.php\/wp-json\/wp\/v2\/posts\/26296"}],"collection":[{"href":"https:\/\/justicapotiguar.com.br\/index.php\/wp-json\/wp\/v2\/posts"}],"about":[{"href":"https:\/\/justicapotiguar.com.br\/index.php\/wp-json\/wp\/v2\/types\/post"}],"author":[{"embeddable":true,"href":"https:\/\/justicapotiguar.com.br\/index.php\/wp-json\/wp\/v2\/users\/5"}],"replies":[{"embeddable":true,"href":"https:\/\/justicapotiguar.com.br\/index.php\/wp-json\/wp\/v2\/comments?post=26296"}],"version-history":[{"count":1,"href":"https:\/\/justicapotiguar.com.br\/index.php\/wp-json\/wp\/v2\/posts\/26296\/revisions"}],"predecessor-version":[{"id":26297,"href":"https:\/\/justicapotiguar.com.br\/index.php\/wp-json\/wp\/v2\/posts\/26296\/revisions\/26297"}],"wp:attachment":[{"href":"https:\/\/justicapotiguar.com.br\/index.php\/wp-json\/wp\/v2\/media?parent=26296"}],"wp:term":[{"taxonomy":"category","embeddable":true,"href":"https:\/\/justicapotiguar.com.br\/index.php\/wp-json\/wp\/v2\/categories?post=26296"},{"taxonomy":"post_tag","embeddable":true,"href":"https:\/\/justicapotiguar.com.br\/index.php\/wp-json\/wp\/v2\/tags?post=26296"}],"curies":[{"name":"wp","href":"https:\/\/api.w.org\/{rel}","templated":true}]}}