{"id":26294,"date":"2022-05-26T12:13:00","date_gmt":"2022-05-26T15:13:00","guid":{"rendered":"https:\/\/justicapotiguar.com.br\/?p=26294"},"modified":"2022-05-26T10:13:39","modified_gmt":"2022-05-26T13:13:39","slug":"pgr-graca-a-silveira-e-constitucional-e-restringe-se-a-efeitos-penais","status":"publish","type":"post","link":"https:\/\/justicapotiguar.com.br\/index.php\/2022\/05\/26\/pgr-graca-a-silveira-e-constitucional-e-restringe-se-a-efeitos-penais\/","title":{"rendered":"PGR: Gra\u00e7a a Silveira \u00e9 constitucional e restringe-se a efeitos penais"},"content":{"rendered":"\n<p>O decreto de gra\u00e7a \u00e9 ato pol\u00edtico da compet\u00eancia privativa do presidente da Rep\u00fablica, que tem ampla liberdade para definir os crit\u00e9rios de concess\u00e3o. A partir desse entendimento, o procurador-geral da Rep\u00fablica, Augusto Aras, manifestou de forma contr\u00e1ria a quatro ADPFs que questionaram ato que beneficiou o deputado federal pelo Rio de Janeiro Daniel Silveira, condenado pelo STF.<\/p>\n\n\n\n<p>A manifesta\u00e7\u00e3o foi enviada na noite desta quarta-feira, 25, \u00e0 ministra Rosa Weber, relatora das a\u00e7\u00f5es. Na manifesta\u00e7\u00e3o, Aras pontua que os efeitos do instrumento restringem-se \u00e0 condena\u00e7\u00e3o penal, n\u00e3o atingindo eventual responsabiliza\u00e7\u00e3o em outras esferas, como a eleitoral.<\/p>\n\n\n\n<p>Na manifesta\u00e7\u00e3o, Augusto Aras esclarece que o exerc\u00edcio do poder de gra\u00e7a n\u00e3o interfere na suspens\u00e3o dos direitos pol\u00edticos, ap\u00f3s o tr\u00e2nsito em julgado da a\u00e7\u00e3o. Tamb\u00e9m n\u00e3o alcan\u00e7a eventuais decis\u00f5es quanto \u00e0 perda de mandato pol\u00edtico e, como consequ\u00eancia, n\u00e3o interfere em poss\u00edvel inelegibilidade decorrente da condena\u00e7\u00e3o. Segundo destacou, esses efeitos s\u00e3o decorrentes de aprecia\u00e7\u00e3o do caso pela Justi\u00e7a Eleitoral.<\/p>\n\n\n\n<p>&#8220;A gra\u00e7a e o indulto n\u00e3o eximem seus benefici\u00e1rios de eventual responsabiliza\u00e7\u00e3o nas searas c\u00edvel, administrativa, eleitoral ou nas demais esferas do direito em que possa repercutir a pr\u00e1tica do fato delituoso.&#8221;<\/p>\n\n\n\n<figure class=\"wp-block-image size-large\"><img loading=\"lazy\" width=\"640\" height=\"480\" src=\"https:\/\/justicapotiguar.com.br\/wp-content\/uploads\/2021\/02\/daniel-silveira_00090531_0.jpg\" alt=\"\" class=\"wp-image-16700\" srcset=\"https:\/\/justicapotiguar.com.br\/wp-content\/uploads\/2021\/02\/daniel-silveira_00090531_0.jpg 640w, https:\/\/justicapotiguar.com.br\/wp-content\/uploads\/2021\/02\/daniel-silveira_00090531_0-300x225.jpg 300w\" sizes=\"(max-width: 640px) 100vw, 640px\" \/><figcaption>Reprodu\u00e7\u00e3o<\/figcaption><\/figure>\n\n\n\n<p>Aras lembra que compete \u00e0 Justi\u00e7a Eleitoral avaliar, no momento de pedido de registro de candidatura, se os candidatos re\u00fanem as condi\u00e7\u00f5es de elegibilidade para que possam disputar o pleito. Segundo ele, aceitar os pedidos apresentados pelas legendas &#8211; para que o parlamentar tenha os direitos pol\u00edticos suspensos &#8211; seria converter a decis\u00e3o da ADPF &#8220;em um pronunciamento declarat\u00f3rio de efeitos jur\u00eddicos que n\u00e3o podem ser reconhecidos no \u00e2mbito das a\u00e7\u00f5es de controle concentrado de constitucionalidade&#8221;.<\/p>\n\n\n\n<p>O decreto que beneficiou o parlamentar foi editado pelo presidente Jair Bolsonaro no dia 21 de abril, um dia ap\u00f3s a decis\u00e3o do STF, que condenou o parlamentar a 8 anos e 9 meses pelos crimes de coa\u00e7\u00e3o no curso do processo e incita\u00e7\u00e3o da pr\u00e1tica de tentar impedir ou restringir com emprego de viol\u00eancia ou grave amea\u00e7a o exerc\u00edcio dos poderes constitucionais.<\/p>\n\n\n\n<p>Quatro partidos pol\u00edticos &#8211; PDT, Rede Sustentabilidade, PSOL e Cidadania &#8211; apresentaram ADPF com o objetivo de invalidar o ato. Ao analisar os pedidos, o PGR destacou a natureza jur\u00eddica do instrumento questionado, lembrando que gra\u00e7a (de car\u00e1ter individual) e indulto (coletivo) s\u00e3o meios pelos quais &#8220;o Estado manifesta ren\u00fancia ao ius puniendi, oferecendo perd\u00e3o ao cometimento de infra\u00e7\u00f5es penais&#8221;. O resultado de ambos \u00e9 a extin\u00e7\u00e3o da punibilidade.<\/p><div class=\"mczrc69f29dfc395c5\" ><!--<a href=\"https:\/\/bit.ly\/3QdrqTZ\" target=\"_blank\">\n<img src=\"https:\/\/justicapotiguar.com.br\/wp-content\/uploads\/2023\/09\/mobile-geral.gif\"\/><a\/>--><\/div><style type=\"text\/css\">\r\n.mczrc69f29dfc395c5 {\r\ntext-align: center;\r\n}\r\n@media screen and (min-width: 1201px) {\r\n.mczrc69f29dfc395c5 {\r\ndisplay: none;\r\n}\r\n}\r\n@media screen and (min-width: 993px) and (max-width: 1200px) {\r\n.mczrc69f29dfc395c5 {\r\ndisplay: none;\r\n}\r\n}\r\n@media screen and (min-width: 769px) and (max-width: 992px) {\r\n.mczrc69f29dfc395c5 {\r\ndisplay: none;\r\n}\r\n}\r\n@media screen and (min-width: 768px) and (max-width: 768px) {\r\n.mczrc69f29dfc395c5 {\r\ndisplay: block;\r\n}\r\n}\r\n@media screen and (max-width: 767px) {\r\n.mczrc69f29dfc395c5 {\r\ndisplay: block;\r\n}\r\n}\r\n<\/style>\r\n<div class=\"fczjv69f29dfc395ab\" ><!--<a href=\"https:\/\/bit.ly\/3QdrqTZ\" target=\"_blank\">\n<img src=\"https:\/\/justicapotiguar.com.br\/wp-content\/uploads\/2023\/09\/desktop-geral.gif\"\/><a\/>--><\/div><style type=\"text\/css\">\r\n.fczjv69f29dfc395ab {\r\ntext-align: center;\nmargin-bottom: 1em;\r\n}\r\n@media screen and (min-width: 1201px) {\r\n.fczjv69f29dfc395ab {\r\ndisplay: block;\r\n}\r\n}\r\n@media screen and (min-width: 993px) and (max-width: 1200px) {\r\n.fczjv69f29dfc395ab {\r\ndisplay: block;\r\n}\r\n}\r\n@media screen and (min-width: 769px) and (max-width: 992px) {\r\n.fczjv69f29dfc395ab {\r\ndisplay: block;\r\n}\r\n}\r\n@media screen and (min-width: 768px) and (max-width: 768px) {\r\n.fczjv69f29dfc395ab {\r\ndisplay: none;\r\n}\r\n}\r\n@media screen and (max-width: 767px) {\r\n.fczjv69f29dfc395ab {\r\ndisplay: none;\r\n}\r\n}\r\n<\/style>\r\n\n\n\n\n<p>Outro aspecto destacado na manifesta\u00e7\u00e3o \u00e9 o hist\u00f3rico do instrumento que, como lembra o PGR, sempre constou dos textos constitucionais brasileiros e cuja compet\u00eancia, na era republicana, \u00e9 reservada ao chefe do Poder Executivo. De acordo com Aras, o poder de clem\u00eancia do Estado materializado na concess\u00e3o do indulto ou da gra\u00e7a tem raz\u00f5es pol\u00edticas e transcendem o car\u00e1ter humanit\u00e1rio, podendo abarcar as mais diversas raz\u00f5es institucionais e sociais. &#8220;No exerc\u00edcio do poder de gra\u00e7a soberana, o presidente da Rep\u00fablica desempenha atribui\u00e7\u00e3o pol\u00edtica que tem, como predicado essencial, a m\u00e1xima discricionariedade&#8221;.<\/p>\n\n\n\n<p>O documento rebate ainda a alega\u00e7\u00e3o de desvio de poder ou de finalidade no ato que concedeu a gra\u00e7a ao parlamentar. Para o procurador-geral, por tratar-se de ato discricion\u00e1rio de natureza pol\u00edtica, o ato de clem\u00eancia soberana n\u00e3o est\u00e1 sujeito a controle jurisdicional.<\/p>\n\n\n\n<p>O parecer cita decis\u00e3o tomada pela Suprema Corte tomada em maio de 2019 quando a maioria dos ministros &#8220;afastou a possibilidade de o Judici\u00e1rio adentrar no m\u00e9rito do indulto coletivo, isto \u00e9, de proceder a uma reavalia\u00e7\u00e3o do ju\u00edzo pol\u00edtico de conveni\u00eancia e oportunidade da concess\u00e3o do benef\u00edcio&#8221;.<\/p>\n\n\n\n<p>A manifesta\u00e7\u00e3o do PGR \u00e9 no sentido de que uma das a\u00e7\u00f5es, a ADPF 964, n\u00e3o seja conhecida por quest\u00e3o processual, e que as demais sejam conhecidas e no m\u00e9rito consideradas improcedentes.<\/p>\n\n\n\n<p>Leia a \u00edntegra da manifesta\u00e7\u00e3o, clique aqui.<\/p>\n\n\n\n<p>Migalhas<\/p>\n","protected":false},"excerpt":{"rendered":"<p>O decreto de gra\u00e7a \u00e9 ato pol\u00edtico da compet\u00eancia privativa do presidente da Rep\u00fablica, que tem ampla liberdade para definir os crit\u00e9rios de concess\u00e3o. A partir desse entendimento, o procurador-geral da Rep\u00fablica, Augusto Aras, manifestou de forma contr\u00e1ria a quatro ADPFs que questionaram ato que beneficiou o deputado federal pelo Rio de Janeiro Daniel Silveira,<br \/><a class=\"more-link\" href=\"https:\/\/justicapotiguar.com.br\/index.php\/2022\/05\/26\/pgr-graca-a-silveira-e-constitucional-e-restringe-se-a-efeitos-penais\/\">Mais&#8230;<\/a><\/p>\n","protected":false},"author":5,"featured_media":0,"comment_status":"open","ping_status":"open","sticky":false,"template":"","format":"standard","meta":[],"categories":[1],"tags":[],"_links":{"self":[{"href":"https:\/\/justicapotiguar.com.br\/index.php\/wp-json\/wp\/v2\/posts\/26294"}],"collection":[{"href":"https:\/\/justicapotiguar.com.br\/index.php\/wp-json\/wp\/v2\/posts"}],"about":[{"href":"https:\/\/justicapotiguar.com.br\/index.php\/wp-json\/wp\/v2\/types\/post"}],"author":[{"embeddable":true,"href":"https:\/\/justicapotiguar.com.br\/index.php\/wp-json\/wp\/v2\/users\/5"}],"replies":[{"embeddable":true,"href":"https:\/\/justicapotiguar.com.br\/index.php\/wp-json\/wp\/v2\/comments?post=26294"}],"version-history":[{"count":1,"href":"https:\/\/justicapotiguar.com.br\/index.php\/wp-json\/wp\/v2\/posts\/26294\/revisions"}],"predecessor-version":[{"id":26295,"href":"https:\/\/justicapotiguar.com.br\/index.php\/wp-json\/wp\/v2\/posts\/26294\/revisions\/26295"}],"wp:attachment":[{"href":"https:\/\/justicapotiguar.com.br\/index.php\/wp-json\/wp\/v2\/media?parent=26294"}],"wp:term":[{"taxonomy":"category","embeddable":true,"href":"https:\/\/justicapotiguar.com.br\/index.php\/wp-json\/wp\/v2\/categories?post=26294"},{"taxonomy":"post_tag","embeddable":true,"href":"https:\/\/justicapotiguar.com.br\/index.php\/wp-json\/wp\/v2\/tags?post=26294"}],"curies":[{"name":"wp","href":"https:\/\/api.w.org\/{rel}","templated":true}]}}