{"id":26261,"date":"2022-05-25T08:22:00","date_gmt":"2022-05-25T11:22:00","guid":{"rendered":"https:\/\/justicapotiguar.com.br\/?p=26261"},"modified":"2022-05-24T21:58:06","modified_gmt":"2022-05-25T00:58:06","slug":"bolsonaro-recorre-de-decisao-de-toffoli-que-rejeitou-pedido-de-investigacao-contra-moraes","status":"publish","type":"post","link":"https:\/\/justicapotiguar.com.br\/index.php\/2022\/05\/25\/bolsonaro-recorre-de-decisao-de-toffoli-que-rejeitou-pedido-de-investigacao-contra-moraes\/","title":{"rendered":"Bolsonaro recorre de decis\u00e3o de Toffoli que rejeitou pedido de investiga\u00e7\u00e3o contra Moraes"},"content":{"rendered":"\n<p>O presidente&nbsp;<a href=\"https:\/\/g1.globo.com\/politica\/politico\/jair-bolsonaro\/\">Jair Bolsonaro<\/a>&nbsp;recorreu nesta ter\u00e7a-feira (24) da decis\u00e3o do ministro&nbsp;<a href=\"https:\/\/g1.globo.com\/tudo-sobre\/dias-toffoli\/\">Dias Toffoli<\/a>&nbsp;que&nbsp;<a href=\"https:\/\/g1.globo.com\/politica\/noticia\/2022\/05\/18\/toffoli-rejeita-pedido-de-investigacao-de-bolsonaro-contra-moraes.ghtml\">rejeitou<\/a>&nbsp;o&nbsp;<a href=\"https:\/\/g1.globo.com\/economia\/blog\/ana-flor\/post\/2022\/05\/17\/bolsonaro-acusa-alexandre-de-moraes-de-abuso-de-autoridade-e-move-acao-contra-ministro-no-stf.ghtml\">pedido de investiga\u00e7\u00e3o<\/a>&nbsp;contra o ministro&nbsp;<a href=\"https:\/\/g1.globo.com\/tudo-sobre\/alexandre-de-moraes\/\">Alexandre de Moraes<\/a>.<\/p>\n\n\n\n<p>O pedido foi&nbsp;<a href=\"https:\/\/g1.globo.com\/economia\/blog\/ana-flor\/post\/2022\/05\/17\/bolsonaro-acusa-alexandre-de-moraes-de-abuso-de-autoridade-e-move-acao-contra-ministro-no-stf.ghtml\">apresentado por Bolsonaro no dia 17&nbsp;<\/a>e alegou suposto abuso de autoridade de Moraes em decis\u00f5es no chamado&nbsp;<a href=\"https:\/\/g1.globo.com\/politica\/noticia\/2019\/04\/16\/entenda-o-inquerito-do-supremo-que-investiga-ameacas-a-corte-e-veja-os-pontos-polemicos.ghtml\">inqu\u00e9rito das fake news<\/a>.<\/p>\n\n\n\n<p>Relator do caso, Toffoli entendeu que&nbsp;<a href=\"https:\/\/g1.globo.com\/politica\/noticia\/2022\/05\/18\/toffoli-rejeita-pedido-de-investigacao-de-bolsonaro-contra-moraes.ghtml\">n\u00e3o h\u00e1 crime na conduta do ministro e rejeitou o pedido<\/a>&nbsp;de Bolsonaro<em>.<\/em><\/p>\n\n\n\n<figure class=\"wp-block-image size-large\"><img loading=\"lazy\" width=\"1024\" height=\"553\" src=\"https:\/\/justicapotiguar.com.br\/wp-content\/uploads\/2021\/12\/bolsonaro-alexandre-moraes-1024x553.jpg\" alt=\"\" class=\"wp-image-23361\" srcset=\"https:\/\/justicapotiguar.com.br\/wp-content\/uploads\/2021\/12\/bolsonaro-alexandre-moraes-1024x553.jpg 1024w, https:\/\/justicapotiguar.com.br\/wp-content\/uploads\/2021\/12\/bolsonaro-alexandre-moraes-300x162.jpg 300w, https:\/\/justicapotiguar.com.br\/wp-content\/uploads\/2021\/12\/bolsonaro-alexandre-moraes-768x414.jpg 768w, https:\/\/justicapotiguar.com.br\/wp-content\/uploads\/2021\/12\/bolsonaro-alexandre-moraes.jpg 1260w\" sizes=\"(max-width: 1024px) 100vw, 1024px\" \/><figcaption>Reprodu\u00e7\u00e3o<\/figcaption><\/figure>\n\n\n\n<p>O recurso apresentado ao STF foi levado pelo mesmo advogado do Paran\u00e1 que enviou a&nbsp;<a href=\"https:\/\/g1.globo.com\/economia\/blog\/ana-flor\/post\/2022\/05\/17\/bolsonaro-acusa-alexandre-de-moraes-de-abuso-de-autoridade-e-move-acao-contra-ministro-no-stf.ghtml\">not\u00edcia-crime<\/a>&nbsp;ao Supremo na semana passada. O pedido quer que Toffoli reconsidere a decis\u00e3o e envie o caso \u00e0 Procuradoria Geral da Rep\u00fablica (PGR) ou que o caso seja analisado pelo plen\u00e1rio.<\/p>\n\n\n\n<p>J\u00e1 h\u00e1 um pedido de investiga\u00e7\u00e3o contra Moraes feito pelo mesmo advogado&nbsp;<a href=\"https:\/\/g1.globo.com\/politica\/blog\/valdo-cruz\/post\/2022\/05\/18\/apos-toffoli-rejeitar-noticia-crime-contra-alexandre-de-moraes-bolsonaro-aciona-a-pgr.ghtml\">em an\u00e1lise na PGR<\/a>.<\/p>\n\n\n\n<p>Toffoli rejeita pedido de investiga\u00e7\u00e3o apresentado por Bolsonaro contra Alexandre Moraes<\/p>\n\n\n\n<h2>A decis\u00e3o de Toffoli<\/h2>\n\n\n\n<p>Na decis\u00e3o em que rejeitou a investiga\u00e7\u00e3o contra&nbsp;<a href=\"https:\/\/g1.globo.com\/tudo-sobre\/alexandre-de-moraes\/\">Alexandre de Moraes<\/a>, o ministro&nbsp;<a href=\"https:\/\/g1.globo.com\/tudo-sobre\/dias-toffoli\/\">Dias Toffoli<\/a>&nbsp;deixou claro que n\u00e3o h\u00e1 crime na conduta do magistrado.<\/p><div class=\"ncnrk69f2b07b84132\" ><!--<a href=\"https:\/\/bit.ly\/3QdrqTZ\" target=\"_blank\">\n<img src=\"https:\/\/justicapotiguar.com.br\/wp-content\/uploads\/2023\/09\/mobile-geral.gif\"\/><a\/>--><\/div><style type=\"text\/css\">\r\n.ncnrk69f2b07b84132 {\r\ntext-align: center;\r\n}\r\n@media screen and (min-width: 1201px) {\r\n.ncnrk69f2b07b84132 {\r\ndisplay: none;\r\n}\r\n}\r\n@media screen and (min-width: 993px) and (max-width: 1200px) {\r\n.ncnrk69f2b07b84132 {\r\ndisplay: none;\r\n}\r\n}\r\n@media screen and (min-width: 769px) and (max-width: 992px) {\r\n.ncnrk69f2b07b84132 {\r\ndisplay: none;\r\n}\r\n}\r\n@media screen and (min-width: 768px) and (max-width: 768px) {\r\n.ncnrk69f2b07b84132 {\r\ndisplay: block;\r\n}\r\n}\r\n@media screen and (max-width: 767px) {\r\n.ncnrk69f2b07b84132 {\r\ndisplay: block;\r\n}\r\n}\r\n<\/style>\r\n<div class=\"xqtpn69f2b07b84112\" ><!--<a href=\"https:\/\/bit.ly\/3QdrqTZ\" target=\"_blank\">\n<img src=\"https:\/\/justicapotiguar.com.br\/wp-content\/uploads\/2023\/09\/desktop-geral.gif\"\/><a\/>--><\/div><style type=\"text\/css\">\r\n.xqtpn69f2b07b84112 {\r\ntext-align: center;\nmargin-bottom: 1em;\r\n}\r\n@media screen and (min-width: 1201px) {\r\n.xqtpn69f2b07b84112 {\r\ndisplay: block;\r\n}\r\n}\r\n@media screen and (min-width: 993px) and (max-width: 1200px) {\r\n.xqtpn69f2b07b84112 {\r\ndisplay: block;\r\n}\r\n}\r\n@media screen and (min-width: 769px) and (max-width: 992px) {\r\n.xqtpn69f2b07b84112 {\r\ndisplay: block;\r\n}\r\n}\r\n@media screen and (min-width: 768px) and (max-width: 768px) {\r\n.xqtpn69f2b07b84112 {\r\ndisplay: none;\r\n}\r\n}\r\n@media screen and (max-width: 767px) {\r\n.xqtpn69f2b07b84112 {\r\ndisplay: none;\r\n}\r\n}\r\n<\/style>\r\n\n\n\n\n<p>Toffoli entendeu ainda que o fato de Moraes ser o relator do inqu\u00e9rito das fake news &#8220;n\u00e3o \u00e9 motivo para concluir que teria algum interesse espec\u00edfico&#8221;.<\/p>\n\n\n\n<p>&#8220;Considerando-se que os fatos narrados na inicial evidentemente n\u00e3o constituem crime e que n\u00e3o h\u00e1 justa causa para o prosseguimento do feito, nego seguimento&#8221;, escreveu Toffoli na decis\u00e3o. <\/p>\n\n\n\n<p>O ministro afirmou tamb\u00e9m que o estado democr\u00e1tico de direito imp\u00f5e a todos deveres e obriga\u00e7\u00f5es e que um juiz n\u00e3o pode ser transformado em r\u00e9u &#8220;pelo simples fato de ser juiz&#8221;.<\/p>\n\n\n\n<p>Toffoli afirmou, ainda, que a maioria das alega\u00e7\u00f5es de Bolsonaro \u00e9 mat\u00e9ria de defesa, isto \u00e9, deve ser apresentada nos inqu\u00e9ritos aos quais o presidente responde.<\/p>\n\n\n\n<p>Al\u00e9m disso, declarou que os &#8220;recursos contra atos praticados por ministros da Suprema Corte nos inqu\u00e9ritos ou nas a\u00e7\u00f5es penais s\u00e3o apreciados pelo Colegiado, que, inclusive, j\u00e1 teve a oportunidade de se debru\u00e7ar sobre algumas das quest\u00f5es aqui ventiladas&#8221;.<\/p>\n\n\n\n<p>G1<\/p>\n","protected":false},"excerpt":{"rendered":"<p>O presidente&nbsp;Jair Bolsonaro&nbsp;recorreu nesta ter\u00e7a-feira (24) da decis\u00e3o do ministro&nbsp;Dias Toffoli&nbsp;que&nbsp;rejeitou&nbsp;o&nbsp;pedido de investiga\u00e7\u00e3o&nbsp;contra o ministro&nbsp;Alexandre de Moraes. O pedido foi&nbsp;apresentado por Bolsonaro no dia 17&nbsp;e alegou suposto abuso de autoridade de Moraes em decis\u00f5es no chamado&nbsp;inqu\u00e9rito das fake news. Relator do caso, Toffoli entendeu que&nbsp;n\u00e3o h\u00e1 crime na conduta do ministro e rejeitou o pedido&nbsp;de<br \/><a class=\"more-link\" href=\"https:\/\/justicapotiguar.com.br\/index.php\/2022\/05\/25\/bolsonaro-recorre-de-decisao-de-toffoli-que-rejeitou-pedido-de-investigacao-contra-moraes\/\">Mais&#8230;<\/a><\/p>\n","protected":false},"author":5,"featured_media":0,"comment_status":"open","ping_status":"open","sticky":false,"template":"","format":"standard","meta":[],"categories":[1],"tags":[],"_links":{"self":[{"href":"https:\/\/justicapotiguar.com.br\/index.php\/wp-json\/wp\/v2\/posts\/26261"}],"collection":[{"href":"https:\/\/justicapotiguar.com.br\/index.php\/wp-json\/wp\/v2\/posts"}],"about":[{"href":"https:\/\/justicapotiguar.com.br\/index.php\/wp-json\/wp\/v2\/types\/post"}],"author":[{"embeddable":true,"href":"https:\/\/justicapotiguar.com.br\/index.php\/wp-json\/wp\/v2\/users\/5"}],"replies":[{"embeddable":true,"href":"https:\/\/justicapotiguar.com.br\/index.php\/wp-json\/wp\/v2\/comments?post=26261"}],"version-history":[{"count":2,"href":"https:\/\/justicapotiguar.com.br\/index.php\/wp-json\/wp\/v2\/posts\/26261\/revisions"}],"predecessor-version":[{"id":26269,"href":"https:\/\/justicapotiguar.com.br\/index.php\/wp-json\/wp\/v2\/posts\/26261\/revisions\/26269"}],"wp:attachment":[{"href":"https:\/\/justicapotiguar.com.br\/index.php\/wp-json\/wp\/v2\/media?parent=26261"}],"wp:term":[{"taxonomy":"category","embeddable":true,"href":"https:\/\/justicapotiguar.com.br\/index.php\/wp-json\/wp\/v2\/categories?post=26261"},{"taxonomy":"post_tag","embeddable":true,"href":"https:\/\/justicapotiguar.com.br\/index.php\/wp-json\/wp\/v2\/tags?post=26261"}],"curies":[{"name":"wp","href":"https:\/\/api.w.org\/{rel}","templated":true}]}}