{"id":26242,"date":"2022-05-24T08:41:00","date_gmt":"2022-05-24T11:41:00","guid":{"rendered":"https:\/\/justicapotiguar.com.br\/?p=26242"},"modified":"2022-05-23T22:43:40","modified_gmt":"2022-05-24T01:43:40","slug":"juiz-mantem-prisao-de-delegada-encontrada-com-r-18-milhoes-em-operacao","status":"publish","type":"post","link":"https:\/\/justicapotiguar.com.br\/index.php\/2022\/05\/24\/juiz-mantem-prisao-de-delegada-encontrada-com-r-18-milhoes-em-operacao\/","title":{"rendered":"Juiz mant\u00e9m pris\u00e3o de delegada encontrada com R$ 1,8 milh\u00f5es em opera\u00e7\u00e3o"},"content":{"rendered":"\n<p>A 1\u00aa vara Criminal Especializada do RJ indeferiu pedido de revoga\u00e7\u00e3o da pris\u00e3o da delegada Adriana Bel\u00e9m e dos r\u00e9us Marcos Cipriano, Leandro Souza e Jefferson Monteiro da Silva, investigados em opera\u00e7\u00e3o que apura rede de jogos de azar.<\/p>\n\n\n\n<p>De acordo com a decis\u00e3o, as defesas n\u00e3o comprovaram qualquer fato que altere o panorama de provas atual. &#8220;Ao contr\u00e1rio do que alegam as defesas, n\u00e3o h\u00e1 qualquer possibilidade de substitui\u00e7\u00e3o das pris\u00f5es por medidas cautelares, eis que presentes os pressupostos da pris\u00e3o preventiva&#8221;, destacou o juiz Marcello Rubioli na decis\u00e3o.<\/p>\n\n\n\n<p>O magistrado tamb\u00e9m pediu a intima\u00e7\u00e3o da secret\u00e1ria de Estado de Administra\u00e7\u00e3o Penitenci\u00e1ria para que informe se realmente houve resposta \u00e0 Adepol no sentido de que n\u00e3o h\u00e1 condi\u00e7\u00f5es de cautela de delegadas de pol\u00edcia &#8211; conforme divulgado na m\u00eddia &#8211; e para dar ci\u00eancia sobre as condi\u00e7\u00f5es de pris\u00f5es especiais.<\/p>\n\n\n\n<figure class=\"wp-block-image size-large\"><img loading=\"lazy\" width=\"678\" height=\"452\" src=\"https:\/\/justicapotiguar.com.br\/wp-content\/uploads\/2022\/05\/images-62.jpeg\" alt=\"\" class=\"wp-image-26243\" srcset=\"https:\/\/justicapotiguar.com.br\/wp-content\/uploads\/2022\/05\/images-62.jpeg 678w, https:\/\/justicapotiguar.com.br\/wp-content\/uploads\/2022\/05\/images-62-300x200.jpeg 300w\" sizes=\"(max-width: 678px) 100vw, 678px\" \/><figcaption>Reprodu\u00e7\u00e3o<\/figcaption><\/figure>\n\n\n\n<p><br>Na decis\u00e3o, o magistrado esclarece ainda que, por lei, n\u00e3o se exige a exist\u00eancia de unidade exclusiva para presos com direito \u00e0 pris\u00e3o especial e que os requisitos necess\u00e1rios neste caso estariam sendo cumpridos pela Secretaria de Administra\u00e7\u00e3o Penitenci\u00e1ria.<\/p>\n\n\n\n<p>&#8220;A lei determina que &#8216;o&#8217; ou &#8216;a&#8217; presa que fa\u00e7a jus \u00e0 pris\u00e3o especial tenha garantido o recolhimento em local distinto da pris\u00e3o comum, podendo consistir em alojamento coletivo, atendidos os requisitos de salubridade do ambiente, pela concorr\u00eancia dos fatores de aera\u00e7\u00e3o, insola\u00e7\u00e3o e condicionamento t\u00e9rmico adequados \u00e0 exist\u00eancia humana. N\u00e3o havendo estabelecimento espec\u00edfico para o preso especial, este ser\u00e1 recolhido em cela distinta do mesmo estabelecimento. Tais requisitos me parecem cumpridos pela Seap como informado por of\u00edcio.&#8221;<\/p><div class=\"elbqy69f2b055950dc\" ><!--<a href=\"https:\/\/bit.ly\/3QdrqTZ\" target=\"_blank\">\n<img src=\"https:\/\/justicapotiguar.com.br\/wp-content\/uploads\/2023\/09\/mobile-geral.gif\"\/><a\/>--><\/div><style type=\"text\/css\">\r\n.elbqy69f2b055950dc {\r\ntext-align: center;\r\n}\r\n@media screen and (min-width: 1201px) {\r\n.elbqy69f2b055950dc {\r\ndisplay: none;\r\n}\r\n}\r\n@media screen and (min-width: 993px) and (max-width: 1200px) {\r\n.elbqy69f2b055950dc {\r\ndisplay: none;\r\n}\r\n}\r\n@media screen and (min-width: 769px) and (max-width: 992px) {\r\n.elbqy69f2b055950dc {\r\ndisplay: none;\r\n}\r\n}\r\n@media screen and (min-width: 768px) and (max-width: 768px) {\r\n.elbqy69f2b055950dc {\r\ndisplay: block;\r\n}\r\n}\r\n@media screen and (max-width: 767px) {\r\n.elbqy69f2b055950dc {\r\ndisplay: block;\r\n}\r\n}\r\n<\/style>\r\n<div class=\"rhrpz69f2b055950c5\" ><!--<a href=\"https:\/\/bit.ly\/3QdrqTZ\" target=\"_blank\">\n<img src=\"https:\/\/justicapotiguar.com.br\/wp-content\/uploads\/2023\/09\/desktop-geral.gif\"\/><a\/>--><\/div><style type=\"text\/css\">\r\n.rhrpz69f2b055950c5 {\r\ntext-align: center;\nmargin-bottom: 1em;\r\n}\r\n@media screen and (min-width: 1201px) {\r\n.rhrpz69f2b055950c5 {\r\ndisplay: block;\r\n}\r\n}\r\n@media screen and (min-width: 993px) and (max-width: 1200px) {\r\n.rhrpz69f2b055950c5 {\r\ndisplay: block;\r\n}\r\n}\r\n@media screen and (min-width: 769px) and (max-width: 992px) {\r\n.rhrpz69f2b055950c5 {\r\ndisplay: block;\r\n}\r\n}\r\n@media screen and (min-width: 768px) and (max-width: 768px) {\r\n.rhrpz69f2b055950c5 {\r\ndisplay: none;\r\n}\r\n}\r\n@media screen and (max-width: 767px) {\r\n.rhrpz69f2b055950c5 {\r\ndisplay: none;\r\n}\r\n}\r\n<\/style>\r\n\n\n\n\n<p>De acordo com a den\u00fancia oferecida pelo Minist\u00e9rio P\u00fablico, os denunciados fariam parte de associa\u00e7\u00e3o criminosa armada para obter vantagens com jogos de azar, envolvendo crimes como corrup\u00e7\u00e3o ativa, les\u00e3o corporal de natureza grave, homic\u00eddio, lavagem de dinheiro, entre outros.<\/p>\n\n\n\n<p>J\u00e1 a delegada Adriana Cardoso Bel\u00e9m e o policial civil Jorge Luiz Camillo Alves s\u00e3o acusados de praticar, omitir e retardar atos de of\u00edcio, infringindo seus deveres funcionais, em troca de vantagens indevidas.<\/p>\n\n\n\n<p>Processo: 102332-71.2022.8.19.0001<br>Informa\u00e7\u00f5es: TJ\/RJ.<\/p>\n\n\n\n<p>Migalhas<\/p>\n","protected":false},"excerpt":{"rendered":"<p>A 1\u00aa vara Criminal Especializada do RJ indeferiu pedido de revoga\u00e7\u00e3o da pris\u00e3o da delegada Adriana Bel\u00e9m e dos r\u00e9us Marcos Cipriano, Leandro Souza e Jefferson Monteiro da Silva, investigados em opera\u00e7\u00e3o que apura rede de jogos de azar. De acordo com a decis\u00e3o, as defesas n\u00e3o comprovaram qualquer fato que altere o panorama de<br \/><a class=\"more-link\" href=\"https:\/\/justicapotiguar.com.br\/index.php\/2022\/05\/24\/juiz-mantem-prisao-de-delegada-encontrada-com-r-18-milhoes-em-operacao\/\">Mais&#8230;<\/a><\/p>\n","protected":false},"author":5,"featured_media":0,"comment_status":"open","ping_status":"open","sticky":false,"template":"","format":"standard","meta":[],"categories":[1],"tags":[],"_links":{"self":[{"href":"https:\/\/justicapotiguar.com.br\/index.php\/wp-json\/wp\/v2\/posts\/26242"}],"collection":[{"href":"https:\/\/justicapotiguar.com.br\/index.php\/wp-json\/wp\/v2\/posts"}],"about":[{"href":"https:\/\/justicapotiguar.com.br\/index.php\/wp-json\/wp\/v2\/types\/post"}],"author":[{"embeddable":true,"href":"https:\/\/justicapotiguar.com.br\/index.php\/wp-json\/wp\/v2\/users\/5"}],"replies":[{"embeddable":true,"href":"https:\/\/justicapotiguar.com.br\/index.php\/wp-json\/wp\/v2\/comments?post=26242"}],"version-history":[{"count":1,"href":"https:\/\/justicapotiguar.com.br\/index.php\/wp-json\/wp\/v2\/posts\/26242\/revisions"}],"predecessor-version":[{"id":26244,"href":"https:\/\/justicapotiguar.com.br\/index.php\/wp-json\/wp\/v2\/posts\/26242\/revisions\/26244"}],"wp:attachment":[{"href":"https:\/\/justicapotiguar.com.br\/index.php\/wp-json\/wp\/v2\/media?parent=26242"}],"wp:term":[{"taxonomy":"category","embeddable":true,"href":"https:\/\/justicapotiguar.com.br\/index.php\/wp-json\/wp\/v2\/categories?post=26242"},{"taxonomy":"post_tag","embeddable":true,"href":"https:\/\/justicapotiguar.com.br\/index.php\/wp-json\/wp\/v2\/tags?post=26242"}],"curies":[{"name":"wp","href":"https:\/\/api.w.org\/{rel}","templated":true}]}}