{"id":2623,"date":"2019-09-26T16:16:40","date_gmt":"2019-09-26T19:16:40","guid":{"rendered":"https:\/\/justicapotiguar.com.br\/?p=2623"},"modified":"2019-09-26T16:18:24","modified_gmt":"2019-09-26T19:18:24","slug":"tj-pe-gasta-r-1-milhao-e-omite-dados-sobre-viagem-de-magistrados-a-alemanha","status":"publish","type":"post","link":"https:\/\/justicapotiguar.com.br\/index.php\/2019\/09\/26\/tj-pe-gasta-r-1-milhao-e-omite-dados-sobre-viagem-de-magistrados-a-alemanha\/","title":{"rendered":"TJ-PE gasta R$ 1 milh\u00e3o e omite dados sobre viagem de magistrados \u00e0 Alemanha"},"content":{"rendered":"\n<p>O Tribunal de Justi\u00e7a de Pernambuco&nbsp;gastou cerca de R$ 1 milh\u00e3o em di\u00e1rias para enviar&nbsp;46 magistrados e servidores em maio deste ano a um&nbsp;<a href=\"https:\/\/www1.folha.uol.com.br\/poder\/2019\/05\/tribunal-de-justica-de-pe-infla-premio-banca-viagem-de-25-a-europa-e-omite-custo.shtml\">treinamento de oito dias na Faculdade de Direito de Frankfurt, na Alemanha<\/a>, com todas as despesas pagas pela corte.<\/p>\n\n\n\n<p>O tribunal omitiu o valor total dos gastos e outros dados requeridos pela reportagem nos \u00faltimos meses. Ao reproduzir&nbsp;informa\u00e7\u00f5es parciais do tribunal, a&nbsp;<strong>Folha<\/strong>&nbsp;<a href=\"https:\/\/www1.folha.uol.com.br\/poder\/2019\/05\/tribunal-de-justica-de-pe-infla-premio-banca-viagem-de-25-a-europa-e-omite-custo.shtml\">publicou em maio que viajariam \u00e0 Alemanha 25 magistrados e servidores<\/a>.<\/p>\n\n\n\n<p>Na ocasi\u00e3o, foi divulgado que &#8220;o tribunal premiou oito ju\u00edzes, mas facultou a inscri\u00e7\u00e3o de outros 17 participantes: quatro desembargadores, nove ju\u00edzes e quatro servidores, escolhidos pelo Conselho da Magistratura&#8221;. \u200b<\/p>\n\n\n\n<figure class=\"wp-block-image\"><img src=\"https:\/\/f.i.uol.com.br\/fotografia\/2019\/09\/18\/15688533865d82cd8abc95b_1568853386_3x2_md.jpg\" alt=\"Edif\u00edcio-sede do TJ-PE (Tribunal de Justi\u00e7a do estado de Pernambuco)\"\/><figcaption>Divulga\u00e7\u00e3o\/TJ-PE<\/figcaption><\/figure>\n\n\n\n<p>Ao contr\u00e1rio de outros tribunais, que adquirem as passagens e registram os respectivos valores na p\u00e1gina relativa \u00e0 transpar\u00eancia, o TJ-PE informou que os selecionados receberiam oito di\u00e1rias para cobrir os gastos com passagens, transporte terrestre, hospedagem e alimenta\u00e7\u00e3o. Mas n\u00e3o informou o valor total.<\/p>\n\n\n\n<p>Neste m\u00eas, a reportagem identificou no site do tribunal&nbsp;o pagamento de R$ 969 mil em di\u00e1rias a 46 ju\u00edzes e servidores no m\u00eas de maio. Em abril, o tribunal pagou o total de R$ 255,7 mil em di\u00e1rias, e,&nbsp;em junho, R$ 306,4 mil.<\/p>\n\n\n\n<p>O corregedor nacional de Justi\u00e7a, ministro Humberto Martins, n\u00e3o quis comentar se esse gasto \u00e9 condizente com as restri\u00e7\u00f5es or\u00e7ament\u00e1rias do Judici\u00e1rio. Na ter\u00e7a-feira passada (17), a reportagem voltou a procurar o TJ-PE para saber como o tribunal &#8220;explica o acr\u00e9scimo de participantes&nbsp;e como justifica o gasto&#8221;. A corte estadual informou que n\u00e3o iria se manifestar.<\/p>\n\n\n\n<h3>AL\u00c9M DAS METAS<\/h3>\n\n\n\n<p>Em 2018, o tribunal criou o programa &#8220;Muito Al\u00e9m das Metas&#8221;, inspirado numa resolu\u00e7\u00e3o editada pelo Conselho Nacional de Justi\u00e7a (CNJ) em 2014, ainda na gest\u00e3o do ministro Joaquim Barbosa.<\/p>\n\n\n\n<p>Naquele ano, o CNJ criou a Pol\u00edtica Nacional de Aten\u00e7\u00e3o Priorit\u00e1ria ao Primeiro Grau de Jurisdi\u00e7\u00e3o, para estimular a produtividade nas varas ou se\u00e7\u00f5es onde atuam os ju\u00edzes de direito, segmento mais sobrecarregado do Judici\u00e1rio.<\/p>\n\n\n\n<p>O programa do tribunal pernambucano tamb\u00e9m beneficiou desembargadores, ou seja, magistrados de segunda inst\u00e2ncia. Quando a viagem da comitiva a Frankfurt foi realizada, ju\u00edzes concursados no TJ-PE ainda aguardavam nomea\u00e7\u00e3o.<\/p><div class=\"bgluz69f4d04db761e\" ><!--<a href=\"https:\/\/bit.ly\/3QdrqTZ\" target=\"_blank\">\n<img src=\"https:\/\/justicapotiguar.com.br\/wp-content\/uploads\/2023\/09\/mobile-geral.gif\"\/><a\/>--><\/div><style type=\"text\/css\">\r\n.bgluz69f4d04db761e {\r\ntext-align: center;\r\n}\r\n@media screen and (min-width: 1201px) {\r\n.bgluz69f4d04db761e {\r\ndisplay: none;\r\n}\r\n}\r\n@media screen and (min-width: 993px) and (max-width: 1200px) {\r\n.bgluz69f4d04db761e {\r\ndisplay: none;\r\n}\r\n}\r\n@media screen and (min-width: 769px) and (max-width: 992px) {\r\n.bgluz69f4d04db761e {\r\ndisplay: none;\r\n}\r\n}\r\n@media screen and (min-width: 768px) and (max-width: 768px) {\r\n.bgluz69f4d04db761e {\r\ndisplay: block;\r\n}\r\n}\r\n@media screen and (max-width: 767px) {\r\n.bgluz69f4d04db761e {\r\ndisplay: block;\r\n}\r\n}\r\n<\/style>\r\n<div class=\"rkzbg69f4d04db7608\" ><!--<a href=\"https:\/\/bit.ly\/3QdrqTZ\" target=\"_blank\">\n<img src=\"https:\/\/justicapotiguar.com.br\/wp-content\/uploads\/2023\/09\/desktop-geral.gif\"\/><a\/>--><\/div><style type=\"text\/css\">\r\n.rkzbg69f4d04db7608 {\r\ntext-align: center;\nmargin-bottom: 1em;\r\n}\r\n@media screen and (min-width: 1201px) {\r\n.rkzbg69f4d04db7608 {\r\ndisplay: block;\r\n}\r\n}\r\n@media screen and (min-width: 993px) and (max-width: 1200px) {\r\n.rkzbg69f4d04db7608 {\r\ndisplay: block;\r\n}\r\n}\r\n@media screen and (min-width: 769px) and (max-width: 992px) {\r\n.rkzbg69f4d04db7608 {\r\ndisplay: block;\r\n}\r\n}\r\n@media screen and (min-width: 768px) and (max-width: 768px) {\r\n.rkzbg69f4d04db7608 {\r\ndisplay: none;\r\n}\r\n}\r\n@media screen and (max-width: 767px) {\r\n.rkzbg69f4d04db7608 {\r\ndisplay: none;\r\n}\r\n}\r\n<\/style>\r\n\n\n\n\n<p>Na primeira semana de junho, a reportagem requereu, com base na Lei de Acesso \u00e0 Informa\u00e7\u00e3o, os nomes dos ju\u00edzes premiados e dos escolhidos pelo Conselho da Magistratura, al\u00e9m do custo total das di\u00e1rias. Em julho, o tribunal informou que os dados solicitados estavam sendo enviados ao CNJ.<\/p>\n\n\n\n<p>O assessor especial da presid\u00eancia e coordenador cient\u00edfico do curso de extens\u00e3o em Frankfurt, desembargador S\u00edlvio Romero Beltr\u00e3o, informou que &#8220;o pr\u00f3prio CNJ determinou que as referidas informa\u00e7\u00f5es tramitassem em segredo de Justi\u00e7a&#8221;, e que somente o CNJ poderia dar os detalhes sobre tais informa\u00e7\u00f5es&#8221;.<\/p>\n\n\n\n<p>O CNJ informou que a Corregedoria Nacional de Justi\u00e7a vinha apurando os fatos desde abril deste ano.<\/p>\n\n\n\n<p>Ap\u00f3s inspe\u00e7\u00e3o ordin\u00e1ria (com relat\u00f3rio aprovado pelo colegiado),&nbsp;foi aberto pedido de provid\u00eancias (procedimento que corria em sigilo)&nbsp;para esclarecer o programa de premia\u00e7\u00e3o da Escola Judicial do TJ-PE.<\/p>\n\n\n\n<p>O corregedor nacional publicou no Di\u00e1rio de Justi\u00e7a Eletr\u00f4nico do CNJ as seguintes determina\u00e7\u00f5es \u00e0 presid\u00eancia do TJ-PE: a) prestar informa\u00e7\u00f5es, no prazo de 30 dias, acerca das premia\u00e7\u00f5es, das normas e dos custos fixados para o programa; b) \u201cque a respectiva gratifica\u00e7\u00e3o n\u00e3o seja utilizada para remunerar trabalho de natureza permanente e continuada\u201d.<\/p>\n\n\n\n<h3>SIGILO SUSPENSO<\/h3>\n\n\n\n<p>Neste m\u00eas, o CNJ noticiou que &#8220;o TJ-PE esclareceu os fundamentos legais e regulamentares da premia\u00e7\u00e3o, bem como os crit\u00e9rios de classifica\u00e7\u00e3o dos contemplados e o valor pago pela di\u00e1ria internacional, no montante de U$$ 691,00, para cada magistrado, conforme tabela de valor estabelecida pelo CNJ&#8221;.<\/p>\n\n\n\n<p>No \u00faltimo dia 11, o corregedor determinou que o tribunal comprove \u2014em dez dias\u2014&nbsp;a efetiva participa\u00e7\u00e3o de magistrados e servidores no curso de aprimoramento na Alemanha, fornecendo os certificados individuais de frequ\u00eancia.<\/p>\n\n\n\n<p>Humberto Martins determinou que fosse retirado o sigilo do procedimento administrativo. &#8220;N\u00e3o existe raz\u00e3o para restri\u00e7\u00e3o de acesso aos autos, que devem ser p\u00fablicos&#8221;, afirmou em despacho. Mesmo com o sigilo retirado, a Corregedoria Nacional de Justi\u00e7a e o Tribunal de Justi\u00e7a de Pernambuco ainda n\u00e3o confirmaram o gasto total com a viagem \u00e0 Alemanha.<\/p>\n\n\n\n<p><strong>Folha<\/strong><\/p>\n","protected":false},"excerpt":{"rendered":"<p>Tribunal omitiu valor total dos gastos e outros dados requeridos pela reportagem nos \u00faltimos meses<\/p>\n<p><a class=\"more-link\" href=\"https:\/\/justicapotiguar.com.br\/index.php\/2019\/09\/26\/tj-pe-gasta-r-1-milhao-e-omite-dados-sobre-viagem-de-magistrados-a-alemanha\/\">Mais&#8230;<\/a><\/p>\n","protected":false},"author":5,"featured_media":2624,"comment_status":"open","ping_status":"open","sticky":false,"template":"","format":"standard","meta":[],"categories":[3],"tags":[],"_links":{"self":[{"href":"https:\/\/justicapotiguar.com.br\/index.php\/wp-json\/wp\/v2\/posts\/2623"}],"collection":[{"href":"https:\/\/justicapotiguar.com.br\/index.php\/wp-json\/wp\/v2\/posts"}],"about":[{"href":"https:\/\/justicapotiguar.com.br\/index.php\/wp-json\/wp\/v2\/types\/post"}],"author":[{"embeddable":true,"href":"https:\/\/justicapotiguar.com.br\/index.php\/wp-json\/wp\/v2\/users\/5"}],"replies":[{"embeddable":true,"href":"https:\/\/justicapotiguar.com.br\/index.php\/wp-json\/wp\/v2\/comments?post=2623"}],"version-history":[{"count":2,"href":"https:\/\/justicapotiguar.com.br\/index.php\/wp-json\/wp\/v2\/posts\/2623\/revisions"}],"predecessor-version":[{"id":2626,"href":"https:\/\/justicapotiguar.com.br\/index.php\/wp-json\/wp\/v2\/posts\/2623\/revisions\/2626"}],"wp:featuredmedia":[{"embeddable":true,"href":"https:\/\/justicapotiguar.com.br\/index.php\/wp-json\/wp\/v2\/media\/2624"}],"wp:attachment":[{"href":"https:\/\/justicapotiguar.com.br\/index.php\/wp-json\/wp\/v2\/media?parent=2623"}],"wp:term":[{"taxonomy":"category","embeddable":true,"href":"https:\/\/justicapotiguar.com.br\/index.php\/wp-json\/wp\/v2\/categories?post=2623"},{"taxonomy":"post_tag","embeddable":true,"href":"https:\/\/justicapotiguar.com.br\/index.php\/wp-json\/wp\/v2\/tags?post=2623"}],"curies":[{"name":"wp","href":"https:\/\/api.w.org\/{rel}","templated":true}]}}