{"id":2620,"date":"2019-09-26T15:30:34","date_gmt":"2019-09-26T18:30:34","guid":{"rendered":"https:\/\/justicapotiguar.com.br\/?p=2620"},"modified":"2019-09-26T15:04:55","modified_gmt":"2019-09-26T18:04:55","slug":"novo-pgr-augusto-aras-toma-posse-diz-que-atuara-com-independencia-e-autonomia","status":"publish","type":"post","link":"https:\/\/justicapotiguar.com.br\/index.php\/2019\/09\/26\/novo-pgr-augusto-aras-toma-posse-diz-que-atuara-com-independencia-e-autonomia\/","title":{"rendered":"NOVO PGR: Augusto Aras toma posse, diz que atuar\u00e1 com independ\u00eancia e autonomia"},"content":{"rendered":"\n<figure class=\"wp-block-image\"><img loading=\"lazy\" width=\"1024\" height=\"578\" src=\"https:\/\/justicapotiguar.com.br\/wp-content\/uploads\/2019\/09\/jjj-7-1024x578.jpg\" alt=\"\" class=\"wp-image-2621\" srcset=\"https:\/\/justicapotiguar.com.br\/wp-content\/uploads\/2019\/09\/jjj-7.jpg 1024w, https:\/\/justicapotiguar.com.br\/wp-content\/uploads\/2019\/09\/jjj-7-300x169.jpg 300w, https:\/\/justicapotiguar.com.br\/wp-content\/uploads\/2019\/09\/jjj-7-768x434.jpg 768w\" sizes=\"(max-width: 1024px) 100vw, 1024px\" \/><figcaption>Foto: Reprodu\u00e7\u00e3o<\/figcaption><\/figure>\n\n\n\n<p>O novo procurador-geral da Rep\u00fablica,&nbsp;<a href=\"https:\/\/g1.globo.com\/politica\/noticia\/2019\/09\/05\/bolsonaro-indica-augusto-aras-para-procurador-geral-da-republica.ghtml\">Augusto Aras<\/a>, afirmou nesta quinta-feira (26), em seu discurso de posse, que atuar\u00e1 com &#8220;independ\u00eancia&#8221; e &#8220;autonomia&#8221; durante os dois anos em que comandar\u00e1 o Minist\u00e9rio P\u00fablico. Aras substitui a procuradora&nbsp;<a href=\"https:\/\/g1.globo.com\/politica\/noticia\/2019\/09\/16\/raquel-dodge-deixa-comando-da-procuradoria-geral-da-republica-apos-2-anos-interino-assume.ghtml\">Raquel Dodge<\/a>.<\/p>\n\n\n\n<p>Aras, que tomou posse em cerim\u00f4nia no Pal\u00e1cio do Planalto, disse ainda que a &#8220;nota forte&#8221; de sua gest\u00e3o ser\u00e1 o &#8220;di\u00e1logo&#8221;.<\/p>\n\n\n\n<p>O novo PGR afirmou que o Minist\u00e9rio P\u00fablico, que ser\u00e1 chefiado por ele, tem a miss\u00e3o de defender o estado democr\u00e1tico de direito, as liberdades individuais e os valores que permeiam a Constitui\u00e7\u00e3o Federal.<\/p>\n\n\n\n<blockquote class=\"wp-block-quote\"><p>&#8220;O Minist\u00e9rio P\u00fablico tem o sagrado dever de velar todos esses valores, e o haver\u00e1 de fazer com a independ\u00eancia, a autonomia, aqui referida pelo senhor presidente&#8221;, afirmou o novo procurador-geral.<\/p><\/blockquote>\n\n\n\n<p>Ele tamb\u00e9m afirmou que, nos limites de sua atribui\u00e7\u00e3o, a Procuradoria-Geral da Rep\u00fablica (PGR) atuar\u00e1, de forma democr\u00e1tica, para induzir pol\u00edticas p\u00fablicas econ\u00f4micas, sociais e de defesa das minorias, respeitando sempre a &#8220;dignidade da pessoa humana&#8221;.<\/p>\n\n\n\n<p>[Nossa miss\u00e3o ser\u00e1] induzir sem gerir, que \u00e9 miss\u00e3o do Executivo, [n\u00e3o] legislando, que \u00e9 miss\u00e3o do Legislativo, n\u00e3o julgando, que \u00e9 miss\u00e3o do Judici\u00e1rio, mas induzir pol\u00edticas p\u00fablicas econ\u00f4micas, pol\u00edticas p\u00fablicas sociais, de defesa das minorias, e acima de tudo: que tudo se fa\u00e7a com respeito \u00e0 dignidade da pessoa humana&#8221;, afirmou Aras, que complementou dizendo que esse \u00e9 o seu &#8220;compromisso existencial&#8221;.<\/p>\n\n\n\n<p>Ao concluir o discurso, Augusto Aras afirmou que a &#8220;nota forte&#8221; da sua gest\u00e3o ser\u00e1 o di\u00e1logo.<\/p>\n\n\n\n<p>&#8220;Por esse di\u00e1logo, entendo que podemos contribuir para solucionar os grandes problemas do Brasil. Por favor, contem comigo porque a vontade \u00e9 de servir a P\u00e1tria&#8221;, complementou.<\/p>\n\n\n\n<p>Ap\u00f3s a cerim\u00f4nia, Aras afirmou em entrevista que haver\u00e1 uma solenidade \u201cformal\u201d de posse na pr\u00f3xima quarta-feira, 2 de outubro, \u00e0s 10h, na sede da PGR em Bras\u00edlia.<\/p>\n\n\n\n<p>O procurador-geral informou que a partir desta quinta come\u00e7a a \u201creorganizar os trabalhos administrativos\u201d, por meio de reuni\u00f5es na PGR.<\/p>\n\n\n\n<p>Questionado, Aras n\u00e3o adiantou nomes de sua equipe e lembrou que \u00e9 preciso fazer uma &#8220;transi\u00e7\u00e3o&#8221;, j\u00e1 que o mandato de Dodge se encerrou no dia 17 e o subprocurador Alcides Martins respondeu de forma interina pela PGR nas \u00faltimas semanas.<\/p><div class=\"ontrq69f4be289b0e3\" ><!--<a href=\"https:\/\/bit.ly\/3QdrqTZ\" target=\"_blank\">\n<img src=\"https:\/\/justicapotiguar.com.br\/wp-content\/uploads\/2023\/09\/mobile-geral.gif\"\/><a\/>--><\/div><style type=\"text\/css\">\r\n.ontrq69f4be289b0e3 {\r\ntext-align: center;\r\n}\r\n@media screen and (min-width: 1201px) {\r\n.ontrq69f4be289b0e3 {\r\ndisplay: none;\r\n}\r\n}\r\n@media screen and (min-width: 993px) and (max-width: 1200px) {\r\n.ontrq69f4be289b0e3 {\r\ndisplay: none;\r\n}\r\n}\r\n@media screen and (min-width: 769px) and (max-width: 992px) {\r\n.ontrq69f4be289b0e3 {\r\ndisplay: none;\r\n}\r\n}\r\n@media screen and (min-width: 768px) and (max-width: 768px) {\r\n.ontrq69f4be289b0e3 {\r\ndisplay: block;\r\n}\r\n}\r\n@media screen and (max-width: 767px) {\r\n.ontrq69f4be289b0e3 {\r\ndisplay: block;\r\n}\r\n}\r\n<\/style>\r\n<div class=\"xfhiq69f4be289b0c3\" ><!--<a href=\"https:\/\/bit.ly\/3QdrqTZ\" target=\"_blank\">\n<img src=\"https:\/\/justicapotiguar.com.br\/wp-content\/uploads\/2023\/09\/desktop-geral.gif\"\/><a\/>--><\/div><style type=\"text\/css\">\r\n.xfhiq69f4be289b0c3 {\r\ntext-align: center;\nmargin-bottom: 1em;\r\n}\r\n@media screen and (min-width: 1201px) {\r\n.xfhiq69f4be289b0c3 {\r\ndisplay: block;\r\n}\r\n}\r\n@media screen and (min-width: 993px) and (max-width: 1200px) {\r\n.xfhiq69f4be289b0c3 {\r\ndisplay: block;\r\n}\r\n}\r\n@media screen and (min-width: 769px) and (max-width: 992px) {\r\n.xfhiq69f4be289b0c3 {\r\ndisplay: block;\r\n}\r\n}\r\n@media screen and (min-width: 768px) and (max-width: 768px) {\r\n.xfhiq69f4be289b0c3 {\r\ndisplay: none;\r\n}\r\n}\r\n@media screen and (max-width: 767px) {\r\n.xfhiq69f4be289b0c3 {\r\ndisplay: none;\r\n}\r\n}\r\n<\/style>\r\n\n\n\n\n<p>&#8220;Ainda hoje estaremos reunidos com os colegas para resolver como ser\u00e1 montada a equipe, ainda que seja uma equipe na fase de transi\u00e7\u00e3o&#8221;, disse Aras.<\/p>\n\n\n\n<p>O novo procurador-geral foi perguntado se endossa os m\u00e9todos da Opera\u00e7\u00e3o Lava Jato, por\u00e9m disse que s\u00f3 responder\u00e1 quest\u00f5es de \u201cm\u00e9rito\u201d ap\u00f3s a cerim\u00f4nia da pr\u00f3xima semana.<\/p>\n\n\n\n<h2>Discurso do presidente<\/h2>\n\n\n\n<p>Em discurso durante a cerim\u00f4nia de posse, o presidente&nbsp;<a href=\"https:\/\/g1.globo.com\/politica\/politico\/jair-bolsonaro\/\">Jair Bolsonaro<\/a>&nbsp;disse que o Minist\u00e9rio P\u00fablico tem que continuar &#8220;altivo&#8221;, &#8220;independente&#8221; e &#8220;respons\u00e1vel&#8221;, e que os brasileiros estar\u00e3o &#8220;alinhados&#8221; com suas decis\u00f5es.<\/p>\n\n\n\n<p>&#8220;[O Minist\u00e9rio P\u00fablico] N\u00e3o \u00e9 apenas um fiscal da lei, outras atribui\u00e7\u00f5es cabem a ele. Em grande parte, n\u00f3s brasileiros, estaremos perfeitamente alinhados com suas decis\u00f5es. O Minist\u00e9rio P\u00fablico tem que continuar altivo, independente e obviamente extremamente respons\u00e1vel. \u00c9 isso que todos n\u00f3s do Brasil queremos&#8221;, afirmou Bolsonaro.<\/p>\n\n\n\n<p>&#8220;Pe\u00e7o a Deus que nesse momento ilumine o doutor Aras, que ele tome boas decis\u00f5es, interfira onde tem que interferir e colabore tamb\u00e9m, como sei que \u00e9 da tradi\u00e7\u00e3o dele, um bom andamento das pol\u00edticas de interesse no nosso querido Brasil&#8221;, concluiu o presidente.<\/p>\n\n\n\n<figure><iframe loading=\"lazy\" src=\"https:\/\/tpc.googlesyndication.com\/safeframe\/1-0-35\/html\/container.html\" width=\"970\" height=\"150\"><\/iframe><\/figure>\n\n\n\n<p>A posse de Aras no cargo ocorreu na manh\u00e3 seguinte a sua aprova\u00e7\u00e3o no Senado para a fun\u00e7\u00e3o PGR, com&nbsp;<a href=\"https:\/\/g1.globo.com\/politica\/noticia\/2019\/09\/25\/senado-aprova-indicacao-de-augusto-aras-para-a-procuradoria-geral-da-republica.ghtml\">68 votos favor\u00e1veis e 10 contr\u00e1rios<\/a>.<\/p>\n\n\n\n<p>Antes da vota\u00e7\u00e3o em plen\u00e1rio, tamb\u00e9m na quarta-feira, Aras&nbsp;<a href=\"https:\/\/g1.globo.com\/politica\/noticia\/2019\/09\/25\/ccj-do-senado-aprova-indicacao-de-augusto-aras-para-comandar-a-procuradoria-geral-da-republica.ghtml\">passou por uma sabatina de mais de cinco horas<\/a>&nbsp;na Comiss\u00e3o de Constitui\u00e7\u00e3o e Justi\u00e7a (CCJ) da Casa.<\/p>\n\n\n\n<h4>Escolha<\/h4>\n\n\n\n<p>O novo procurador-geral foi indicado por Bolsonaro, que optou por n\u00e3o seguir a sugest\u00e3o da&nbsp;<a href=\"https:\/\/g1.globo.com\/politica\/blog\/matheus-leitao\/post\/2019\/09\/05\/primeiro-e-segundo-colocados-na-lista-triplice-criticam-escolha-de-bolsonaro-para-a-pgr.ghtml\">lista tr\u00edplice<\/a>&nbsp;elaborada pela Associa\u00e7\u00e3o Nacional dos Procuradores da Rep\u00fablica (ANPR).<\/p>\n\n\n\n<p>Desde 2003, o presidente da Rep\u00fablica escolheu um procurador dentro da lista, o que n\u00e3o ocorreu desta vez. Apesar de outros presidentes terem respeitado a lista tr\u00edplice, essa n\u00e3o \u00e9 uma exig\u00eancia legal.<\/p>\n\n\n\n<p>Aras teve entre os defensores de sua indica\u00e7\u00e3o o ex-deputado federal Alberto Fraga, amigo de Bolsonaro. O presidente afirmou nos \u00faltimos meses que desejava um PGR sem atua\u00e7\u00e3o &#8220;radical&#8221; na \u00e1rea ambiental.<\/p>\n\n\n\n<p><strong>G1<\/strong><\/p>\n","protected":false},"excerpt":{"rendered":"<p>Aras, que tomou posse em cerim\u00f4nia no Pal\u00e1cio do Planalto, disse ainda que a &#8220;nota forte&#8221; de sua gest\u00e3o ser\u00e1 o &#8220;di\u00e1logo&#8221;.<br \/><a class=\"more-link\" href=\"https:\/\/justicapotiguar.com.br\/index.php\/2019\/09\/26\/novo-pgr-augusto-aras-toma-posse-diz-que-atuara-com-independencia-e-autonomia\/\">Mais&#8230;<\/a><\/p>\n","protected":false},"author":5,"featured_media":2621,"comment_status":"open","ping_status":"open","sticky":false,"template":"","format":"standard","meta":[],"categories":[3],"tags":[],"_links":{"self":[{"href":"https:\/\/justicapotiguar.com.br\/index.php\/wp-json\/wp\/v2\/posts\/2620"}],"collection":[{"href":"https:\/\/justicapotiguar.com.br\/index.php\/wp-json\/wp\/v2\/posts"}],"about":[{"href":"https:\/\/justicapotiguar.com.br\/index.php\/wp-json\/wp\/v2\/types\/post"}],"author":[{"embeddable":true,"href":"https:\/\/justicapotiguar.com.br\/index.php\/wp-json\/wp\/v2\/users\/5"}],"replies":[{"embeddable":true,"href":"https:\/\/justicapotiguar.com.br\/index.php\/wp-json\/wp\/v2\/comments?post=2620"}],"version-history":[{"count":1,"href":"https:\/\/justicapotiguar.com.br\/index.php\/wp-json\/wp\/v2\/posts\/2620\/revisions"}],"predecessor-version":[{"id":2622,"href":"https:\/\/justicapotiguar.com.br\/index.php\/wp-json\/wp\/v2\/posts\/2620\/revisions\/2622"}],"wp:featuredmedia":[{"embeddable":true,"href":"https:\/\/justicapotiguar.com.br\/index.php\/wp-json\/wp\/v2\/media\/2621"}],"wp:attachment":[{"href":"https:\/\/justicapotiguar.com.br\/index.php\/wp-json\/wp\/v2\/media?parent=2620"}],"wp:term":[{"taxonomy":"category","embeddable":true,"href":"https:\/\/justicapotiguar.com.br\/index.php\/wp-json\/wp\/v2\/categories?post=2620"},{"taxonomy":"post_tag","embeddable":true,"href":"https:\/\/justicapotiguar.com.br\/index.php\/wp-json\/wp\/v2\/tags?post=2620"}],"curies":[{"name":"wp","href":"https:\/\/api.w.org\/{rel}","templated":true}]}}