{"id":26161,"date":"2022-05-18T15:09:37","date_gmt":"2022-05-18T18:09:37","guid":{"rendered":"https:\/\/justicapotiguar.com.br\/?p=26161"},"modified":"2022-05-18T15:09:37","modified_gmt":"2022-05-18T18:09:37","slug":"toffoli-rejeita-noticia-crime-de-bolsonaro-contra-ministro-alexandre-de-moraes","status":"publish","type":"post","link":"https:\/\/justicapotiguar.com.br\/index.php\/2022\/05\/18\/toffoli-rejeita-noticia-crime-de-bolsonaro-contra-ministro-alexandre-de-moraes\/","title":{"rendered":"Toffoli rejeita not\u00edcia-crime de Bolsonaro contra ministro Alexandre de Moraes"},"content":{"rendered":"\n<p>A not\u00edcia-crime apresentada pelo presidente Jair Bolsonaro contra o ministro do Supremo Tribunal Federal Alexandre de Moraes foi rejeitada pelo relator do caso, o ministro Dias Toffoli, nesta quarta-feira (18\/5). O relator determinou o arquivamento do processo, pois n\u00e3o verificou exist\u00eancia de cometimento de crime por parte do ministro.<\/p>\n\n\n\n<div class=\"wp-block-image\"><figure class=\"aligncenter is-resized\"><img loading=\"lazy\" src=\"https:\/\/www.conjur.com.br\/img\/b\/alexandre-moraes-20182.png\" alt=\"\" width=\"391\" height=\"293\"\/><figcaption>Para Toffoli, Alexandre n\u00e3o cometeu qualquer crime narrado na not\u00edcia-crime<\/figcaption><\/figure><\/div>\n\n\n\n<p>&#8220;Os fatos descritos na &#8216;not\u00edcia-crime&#8217;&nbsp;n\u00e3o trazem ind\u00edcios, ainda que m\u00ednimos, de materialidade delitiva, n\u00e3o havendo nenhuma possibilidade de enquadrar as condutas imputadas em qualquer das figuras t\u00edpicas apontadas. Ante o exposto, considerando-se que os fatos narrados na inicial evidentemente n\u00e3o constituem crime e que n\u00e3o h\u00e1 justa causa para o prosseguimento do feito, nego seguimento \u00e0 inicial, nos termos do art. 21, \u00a7 1\u00ba, do RISTF, rejeitando, desde logo, o m\u00e9rito da peti\u00e7\u00e3o&#8221;, consta na decis\u00e3o de Toffoli.<\/p>\n\n\n\n<p>Toffoli tamb\u00e9m destacou que as alega\u00e7\u00f5es apresentadas na not\u00edcia s\u00e3o referentes aos processos que o presidente j\u00e1 responde, logo, devem ser apresentadas como tese de defesa nos autos dos referidos inqu\u00e9ritos.<\/p>\n\n\n\n<p>&#8220;Ademais, cumpre salientar que a maior parte das alega\u00e7\u00f5es do requerente dizem respeito \u00e0 mat\u00e9ria de defesa, que deve ser apresentada nos referidos procedimentos investigat\u00f3rios, n\u00e3o se mostrando vi\u00e1vel que sejam analisadas fora do contexto daqueles autos, ainda mais por outro Ministro que n\u00e3o seja o pr\u00f3prio relator&#8221;, destacou o relator.<\/p>\n\n\n\n<p>Toffoli ainda ressaltou que as obje\u00e7\u00f5es apontadas na peti\u00e7\u00e3o n\u00e3o poderiam nem sequer ter sido apresentadas para arguir a suspei\u00e7\u00e3o do relator, uma vez que o artigo&nbsp;256 do C\u00f3digo de Processo Penal alerta que &#8220;a suspei\u00e7\u00e3o n\u00e3o poder\u00e1 ser declarada nem reconhecida, quando a parte injuriar o juiz ou de prop\u00f3sito der motivo para cri\u00e1-la&#8221;.<\/p><div class=\"pgbyd69f2d77aebf20\" ><!--<a href=\"https:\/\/bit.ly\/3QdrqTZ\" target=\"_blank\">\n<img src=\"https:\/\/justicapotiguar.com.br\/wp-content\/uploads\/2023\/09\/mobile-geral.gif\"\/><a\/>--><\/div><style type=\"text\/css\">\r\n.pgbyd69f2d77aebf20 {\r\ntext-align: center;\r\n}\r\n@media screen and (min-width: 1201px) {\r\n.pgbyd69f2d77aebf20 {\r\ndisplay: none;\r\n}\r\n}\r\n@media screen and (min-width: 993px) and (max-width: 1200px) {\r\n.pgbyd69f2d77aebf20 {\r\ndisplay: none;\r\n}\r\n}\r\n@media screen and (min-width: 769px) and (max-width: 992px) {\r\n.pgbyd69f2d77aebf20 {\r\ndisplay: none;\r\n}\r\n}\r\n@media screen and (min-width: 768px) and (max-width: 768px) {\r\n.pgbyd69f2d77aebf20 {\r\ndisplay: block;\r\n}\r\n}\r\n@media screen and (max-width: 767px) {\r\n.pgbyd69f2d77aebf20 {\r\ndisplay: block;\r\n}\r\n}\r\n<\/style>\r\n<div class=\"julbd69f2d77aebf04\" ><!--<a href=\"https:\/\/bit.ly\/3QdrqTZ\" target=\"_blank\">\n<img src=\"https:\/\/justicapotiguar.com.br\/wp-content\/uploads\/2023\/09\/desktop-geral.gif\"\/><a\/>--><\/div><style type=\"text\/css\">\r\n.julbd69f2d77aebf04 {\r\ntext-align: center;\nmargin-bottom: 1em;\r\n}\r\n@media screen and (min-width: 1201px) {\r\n.julbd69f2d77aebf04 {\r\ndisplay: block;\r\n}\r\n}\r\n@media screen and (min-width: 993px) and (max-width: 1200px) {\r\n.julbd69f2d77aebf04 {\r\ndisplay: block;\r\n}\r\n}\r\n@media screen and (min-width: 769px) and (max-width: 992px) {\r\n.julbd69f2d77aebf04 {\r\ndisplay: block;\r\n}\r\n}\r\n@media screen and (min-width: 768px) and (max-width: 768px) {\r\n.julbd69f2d77aebf04 {\r\ndisplay: none;\r\n}\r\n}\r\n@media screen and (max-width: 767px) {\r\n.julbd69f2d77aebf04 {\r\ndisplay: none;\r\n}\r\n}\r\n<\/style>\r\n\n\n\n\n<p>Por fim, considerando a divulga\u00e7\u00e3o pela imprensa do teor da peti\u00e7\u00e3o inicial, o ministro levantou o sigilo dos autos.<\/p>\n\n\n\n<p><strong>A not\u00edcia crime<\/strong><br>Nesta segunda-feira (16\/5), o presidente Jair Bolsonaro (PL) apresentou STF uma&nbsp;<strong><a href=\"https:\/\/www.conjur.com.br\/2022-mai-18\/bolsonaro-apresenta-noticia-crime-alexandre-supremo\" target=\"_blank\" rel=\"noreferrer noopener\">not\u00edcia-crime<\/a><\/strong>&nbsp;acusando Moraes de abuso de autoridade, ao ter inclu\u00eddo o presidente em um inqu\u00e9rito sem qualquer ind\u00edcio de pr\u00e1tica de crime, conduta com pena de reclus\u00e3o de 6 meses a 2 anos pela Lei 13.869. A norma disp\u00f5e sobre pr\u00e1ticas abusivas cometidas por agentes p\u00fablicos.<\/p>\n\n\n\n<p>A not\u00edcia-crime \u00e9 uma esp\u00e9cie de boletim de ocorr\u00eancia, e \u00e9 por meio dela que pessoas f\u00edsicas ou jur\u00eddicas comunicam que determinado crime pode ter sido cometido, e as autoridades decidem se v\u00e3o ou n\u00e3o autorizar a investiga\u00e7\u00e3o. Ocorre que not\u00edcias-crime s\u00e3o encaminhados ao Minist\u00e9rio P\u00fablico, \u00f3rg\u00e3o com compet\u00eancia para investigar e propor den\u00fancias, e n\u00e3o ao STF. A proposi\u00e7\u00e3o da not\u00edcia-crime contra um ministro da corte no Supremo acirra os \u00e2nimos entre os poderes.<\/p>\n\n\n\n<p><strong>Clique\u00a0<a rel=\"noreferrer noopener\" href=\"https:\/\/www.conjur.com.br\/dl\/toffoli-indefere-bolsonaro.pdf\" target=\"_blank\">aqui<\/a>\u00a0para ler a decis\u00e3o<br>PET 10.368<\/strong><\/p>\n\n\n\n<p>Conjur<\/p>\n","protected":false},"excerpt":{"rendered":"<p>A not\u00edcia-crime apresentada pelo presidente Jair Bolsonaro contra o ministro do Supremo Tribunal Federal Alexandre de Moraes foi rejeitada pelo relator do caso, o ministro Dias Toffoli, nesta quarta-feira (18\/5). O relator determinou o arquivamento do processo, pois n\u00e3o verificou exist\u00eancia de cometimento de crime por parte do ministro. &#8220;Os fatos descritos na &#8216;not\u00edcia-crime&#8217;&nbsp;n\u00e3o trazem<br \/><a class=\"more-link\" href=\"https:\/\/justicapotiguar.com.br\/index.php\/2022\/05\/18\/toffoli-rejeita-noticia-crime-de-bolsonaro-contra-ministro-alexandre-de-moraes\/\">Mais&#8230;<\/a><\/p>\n","protected":false},"author":5,"featured_media":0,"comment_status":"open","ping_status":"open","sticky":false,"template":"","format":"standard","meta":[],"categories":[1],"tags":[],"_links":{"self":[{"href":"https:\/\/justicapotiguar.com.br\/index.php\/wp-json\/wp\/v2\/posts\/26161"}],"collection":[{"href":"https:\/\/justicapotiguar.com.br\/index.php\/wp-json\/wp\/v2\/posts"}],"about":[{"href":"https:\/\/justicapotiguar.com.br\/index.php\/wp-json\/wp\/v2\/types\/post"}],"author":[{"embeddable":true,"href":"https:\/\/justicapotiguar.com.br\/index.php\/wp-json\/wp\/v2\/users\/5"}],"replies":[{"embeddable":true,"href":"https:\/\/justicapotiguar.com.br\/index.php\/wp-json\/wp\/v2\/comments?post=26161"}],"version-history":[{"count":1,"href":"https:\/\/justicapotiguar.com.br\/index.php\/wp-json\/wp\/v2\/posts\/26161\/revisions"}],"predecessor-version":[{"id":26162,"href":"https:\/\/justicapotiguar.com.br\/index.php\/wp-json\/wp\/v2\/posts\/26161\/revisions\/26162"}],"wp:attachment":[{"href":"https:\/\/justicapotiguar.com.br\/index.php\/wp-json\/wp\/v2\/media?parent=26161"}],"wp:term":[{"taxonomy":"category","embeddable":true,"href":"https:\/\/justicapotiguar.com.br\/index.php\/wp-json\/wp\/v2\/categories?post=26161"},{"taxonomy":"post_tag","embeddable":true,"href":"https:\/\/justicapotiguar.com.br\/index.php\/wp-json\/wp\/v2\/tags?post=26161"}],"curies":[{"name":"wp","href":"https:\/\/api.w.org\/{rel}","templated":true}]}}