{"id":2615,"date":"2019-09-26T14:26:37","date_gmt":"2019-09-26T17:26:37","guid":{"rendered":"https:\/\/justicapotiguar.com.br\/?p=2615"},"modified":"2019-09-26T12:28:44","modified_gmt":"2019-09-26T15:28:44","slug":"presidente-da-amb-destaca-democracia-como-garantia-para-pleno-funcionamento-do-judiciario-em-natal","status":"publish","type":"post","link":"https:\/\/justicapotiguar.com.br\/index.php\/2019\/09\/26\/presidente-da-amb-destaca-democracia-como-garantia-para-pleno-funcionamento-do-judiciario-em-natal\/","title":{"rendered":"Presidente da AMB destaca democracia como garantia para pleno funcionamento do Judici\u00e1rio em Natal"},"content":{"rendered":"\n<figure class=\"wp-block-image\"><img loading=\"lazy\" width=\"1024\" height=\"683\" src=\"https:\/\/justicapotiguar.com.br\/wp-content\/uploads\/2019\/09\/Cojud_5-1024x683.jpg\" alt=\"\" class=\"wp-image-2616\" srcset=\"https:\/\/justicapotiguar.com.br\/wp-content\/uploads\/2019\/09\/Cojud_5-1024x683.jpg 1024w, https:\/\/justicapotiguar.com.br\/wp-content\/uploads\/2019\/09\/Cojud_5-300x200.jpg 300w, https:\/\/justicapotiguar.com.br\/wp-content\/uploads\/2019\/09\/Cojud_5-768x512.jpg 768w\" sizes=\"(max-width: 1024px) 100vw, 1024px\" \/><figcaption>Divulga\u00e7\u00e3o\/TJRN<\/figcaption><\/figure>\n\n\n\n<p>O 5\u00ba Encontro do Col\u00e9gio Nacional de Ouvidores Judiciais, realizado nesta quinta-feira, 26, no hotel Ocean Palace, Via Costeira, debateu, dentre os temas abordados junto aos ouvidores dos tribunais brasileiros, a Independ\u00eancia do Poder Judici\u00e1rio e o alerta para que as reformas pol\u00edticas, por meio de Projetos de Emenda Constitucional (PEC&#8217;s), n\u00e3o restrinjam ou &#8220;amordacem&#8221; o Poder Judici\u00e1rio em todo o pa\u00eds. Enfoque esse, destacado pelo juiz Jayme de Oliveira Filho, presidente da Associa\u00e7\u00e3o de Magistrados Brasileiros (AMB), respons\u00e1vel pela palestra de abertura do evento.<\/p>\n\n\n\n<p>&#8220;A democracia funcionando plenamente \u00e9 garantia de um Judici\u00e1rio independente. Houve tempos em que a democracia funcionava, mas que restringiu o Judici\u00e1rio. Mas \u00e9 preciso a manuten\u00e7\u00e3o do alcance das garantias e da autonomia do Judici\u00e1rio&#8221;, analisa o presidente da AMB, que fez um painel com uma linha de tempo em que emendas e restri\u00e7\u00f5es e novos avan\u00e7os marcaram a Justi\u00e7a brasileira, ao longo das reformas constitucionais.<\/p><div class=\"ycpqd69f497b429d7b\" ><!--<a href=\"https:\/\/bit.ly\/3QdrqTZ\" target=\"_blank\">\n<img src=\"https:\/\/justicapotiguar.com.br\/wp-content\/uploads\/2023\/09\/mobile-geral.gif\"\/><a\/>--><\/div><style type=\"text\/css\">\r\n.ycpqd69f497b429d7b {\r\ntext-align: center;\r\n}\r\n@media screen and (min-width: 1201px) {\r\n.ycpqd69f497b429d7b {\r\ndisplay: none;\r\n}\r\n}\r\n@media screen and (min-width: 993px) and (max-width: 1200px) {\r\n.ycpqd69f497b429d7b {\r\ndisplay: none;\r\n}\r\n}\r\n@media screen and (min-width: 769px) and (max-width: 992px) {\r\n.ycpqd69f497b429d7b {\r\ndisplay: none;\r\n}\r\n}\r\n@media screen and (min-width: 768px) and (max-width: 768px) {\r\n.ycpqd69f497b429d7b {\r\ndisplay: block;\r\n}\r\n}\r\n@media screen and (max-width: 767px) {\r\n.ycpqd69f497b429d7b {\r\ndisplay: block;\r\n}\r\n}\r\n<\/style>\r\n<div class=\"euuvg69f497b429d5a\" ><!--<a href=\"https:\/\/bit.ly\/3QdrqTZ\" target=\"_blank\">\n<img src=\"https:\/\/justicapotiguar.com.br\/wp-content\/uploads\/2023\/09\/desktop-geral.gif\"\/><a\/>--><\/div><style type=\"text\/css\">\r\n.euuvg69f497b429d5a {\r\ntext-align: center;\nmargin-bottom: 1em;\r\n}\r\n@media screen and (min-width: 1201px) {\r\n.euuvg69f497b429d5a {\r\ndisplay: block;\r\n}\r\n}\r\n@media screen and (min-width: 993px) and (max-width: 1200px) {\r\n.euuvg69f497b429d5a {\r\ndisplay: block;\r\n}\r\n}\r\n@media screen and (min-width: 769px) and (max-width: 992px) {\r\n.euuvg69f497b429d5a {\r\ndisplay: block;\r\n}\r\n}\r\n@media screen and (min-width: 768px) and (max-width: 768px) {\r\n.euuvg69f497b429d5a {\r\ndisplay: none;\r\n}\r\n}\r\n@media screen and (max-width: 767px) {\r\n.euuvg69f497b429d5a {\r\ndisplay: none;\r\n}\r\n}\r\n<\/style>\r\n\n\n\n\n<p>&#8220;Minha fala busca refletir sobre um panorama geral no pa\u00eds e em outros pa\u00edses; se relaciona a refletirmos sobre propostas legislativas que talvez restrinjam garantias de magistrados e do Judici\u00e1rio&#8221;, debate, ao ressaltar o fen\u00f4meno das &#8220;fake news&#8221; com not\u00edcias falsas ou mal apuradas direcionadas \u00e0 Justi\u00e7a brasileira.<\/p>\n\n\n\n<p>&#8220;Trago essas reflex\u00f5es e inquieta\u00e7\u00f5es para nos posicionarmos ativamente&#8221;, refor\u00e7a.<\/p>\n","protected":false},"excerpt":{"rendered":"<p>Enfoque esse, destacado pelo juiz Jayme de Oliveira Filho, presidente da Associa\u00e7\u00e3o de Magistrados Brasileiros (AMB), respons\u00e1vel pela palestra de abertura do evento<br \/><a class=\"more-link\" href=\"https:\/\/justicapotiguar.com.br\/index.php\/2019\/09\/26\/presidente-da-amb-destaca-democracia-como-garantia-para-pleno-funcionamento-do-judiciario-em-natal\/\">Mais&#8230;<\/a><\/p>\n","protected":false},"author":5,"featured_media":2616,"comment_status":"open","ping_status":"open","sticky":false,"template":"","format":"standard","meta":[],"categories":[3],"tags":[],"_links":{"self":[{"href":"https:\/\/justicapotiguar.com.br\/index.php\/wp-json\/wp\/v2\/posts\/2615"}],"collection":[{"href":"https:\/\/justicapotiguar.com.br\/index.php\/wp-json\/wp\/v2\/posts"}],"about":[{"href":"https:\/\/justicapotiguar.com.br\/index.php\/wp-json\/wp\/v2\/types\/post"}],"author":[{"embeddable":true,"href":"https:\/\/justicapotiguar.com.br\/index.php\/wp-json\/wp\/v2\/users\/5"}],"replies":[{"embeddable":true,"href":"https:\/\/justicapotiguar.com.br\/index.php\/wp-json\/wp\/v2\/comments?post=2615"}],"version-history":[{"count":1,"href":"https:\/\/justicapotiguar.com.br\/index.php\/wp-json\/wp\/v2\/posts\/2615\/revisions"}],"predecessor-version":[{"id":2617,"href":"https:\/\/justicapotiguar.com.br\/index.php\/wp-json\/wp\/v2\/posts\/2615\/revisions\/2617"}],"wp:featuredmedia":[{"embeddable":true,"href":"https:\/\/justicapotiguar.com.br\/index.php\/wp-json\/wp\/v2\/media\/2616"}],"wp:attachment":[{"href":"https:\/\/justicapotiguar.com.br\/index.php\/wp-json\/wp\/v2\/media?parent=2615"}],"wp:term":[{"taxonomy":"category","embeddable":true,"href":"https:\/\/justicapotiguar.com.br\/index.php\/wp-json\/wp\/v2\/categories?post=2615"},{"taxonomy":"post_tag","embeddable":true,"href":"https:\/\/justicapotiguar.com.br\/index.php\/wp-json\/wp\/v2\/tags?post=2615"}],"curies":[{"name":"wp","href":"https:\/\/api.w.org\/{rel}","templated":true}]}}