{"id":26136,"date":"2022-05-17T15:57:28","date_gmt":"2022-05-17T18:57:28","guid":{"rendered":"https:\/\/justicapotiguar.com.br\/?p=26136"},"modified":"2022-05-17T15:57:28","modified_gmt":"2022-05-17T18:57:28","slug":"amarn-solicita-que-tjrn-acompanhe-caso-de-juiza-morta-em-belem-pa","status":"publish","type":"post","link":"https:\/\/justicapotiguar.com.br\/index.php\/2022\/05\/17\/amarn-solicita-que-tjrn-acompanhe-caso-de-juiza-morta-em-belem-pa\/","title":{"rendered":"Amarn solicita que TJRN acompanhe caso de ju\u00edza morta em Bel\u00e9m\/PA"},"content":{"rendered":"\n<figure class=\"wp-block-image size-large\"><img loading=\"lazy\" width=\"516\" height=\"396\" src=\"https:\/\/justicapotiguar.com.br\/wp-content\/uploads\/2022\/05\/Captura-de-Tela-2022-05-17-a\u0300s-15.11.16.png\" alt=\"\" class=\"wp-image-26126\" srcset=\"https:\/\/justicapotiguar.com.br\/wp-content\/uploads\/2022\/05\/Captura-de-Tela-2022-05-17-a\u0300s-15.11.16.png 516w, https:\/\/justicapotiguar.com.br\/wp-content\/uploads\/2022\/05\/Captura-de-Tela-2022-05-17-a\u0300s-15.11.16-300x230.png 300w\" sizes=\"(max-width: 516px) 100vw, 516px\" \/><figcaption>Reprodu\u00e7\u00e3o<\/figcaption><\/figure>\n\n\n\n<p>A Associa\u00e7\u00e3o de Magistrados do Rio Grande do Norte (Amarn) solicitou ao Tribunal de Justi\u00e7a do RN que \u02dcsejam tomadas as devidas provid\u00eancias de apoio institucional e material que o caso  da morte da ju\u00edza M\u00f4nica Andrade requer, nos seus diversos aspectos, inclusive no que tange as atribui\u00e7\u00f5es do Gabinete Seguran\u00e7a Institucional &#8211; GSI&#8221;.<\/p>\n\n\n\n<p>Em of\u00edcio assinado pelo presidente da Amarn, Andreo Marques, tamb\u00e9m foi informado que uma sobrinha da ju\u00edza est\u00e1 indo a Bel\u00e9m acompanhar o caso da ju\u00edza encontrada morta e que teve o corpo levado pelo marido tamb\u00e9m juiz a uma delegacia da capital paraense.<\/p>\n\n\n\n<p>Confira o documento abaixo<\/p><div class=\"ewycn69f2e90d6d0da\" ><!--<a href=\"https:\/\/bit.ly\/3QdrqTZ\" target=\"_blank\">\n<img src=\"https:\/\/justicapotiguar.com.br\/wp-content\/uploads\/2023\/09\/mobile-geral.gif\"\/><a\/>--><\/div><style type=\"text\/css\">\r\n.ewycn69f2e90d6d0da {\r\ntext-align: center;\r\n}\r\n@media screen and (min-width: 1201px) {\r\n.ewycn69f2e90d6d0da {\r\ndisplay: none;\r\n}\r\n}\r\n@media screen and (min-width: 993px) and (max-width: 1200px) {\r\n.ewycn69f2e90d6d0da {\r\ndisplay: none;\r\n}\r\n}\r\n@media screen and (min-width: 769px) and (max-width: 992px) {\r\n.ewycn69f2e90d6d0da {\r\ndisplay: none;\r\n}\r\n}\r\n@media screen and (min-width: 768px) and (max-width: 768px) {\r\n.ewycn69f2e90d6d0da {\r\ndisplay: block;\r\n}\r\n}\r\n@media screen and (max-width: 767px) {\r\n.ewycn69f2e90d6d0da {\r\ndisplay: block;\r\n}\r\n}\r\n<\/style>\r\n<div class=\"yunmp69f2e90d6d0c5\" ><!--<a href=\"https:\/\/bit.ly\/3QdrqTZ\" target=\"_blank\">\n<img src=\"https:\/\/justicapotiguar.com.br\/wp-content\/uploads\/2023\/09\/desktop-geral.gif\"\/><a\/>--><\/div><style type=\"text\/css\">\r\n.yunmp69f2e90d6d0c5 {\r\ntext-align: center;\nmargin-bottom: 1em;\r\n}\r\n@media screen and (min-width: 1201px) {\r\n.yunmp69f2e90d6d0c5 {\r\ndisplay: block;\r\n}\r\n}\r\n@media screen and (min-width: 993px) and (max-width: 1200px) {\r\n.yunmp69f2e90d6d0c5 {\r\ndisplay: block;\r\n}\r\n}\r\n@media screen and (min-width: 769px) and (max-width: 992px) {\r\n.yunmp69f2e90d6d0c5 {\r\ndisplay: block;\r\n}\r\n}\r\n@media screen and (min-width: 768px) and (max-width: 768px) {\r\n.yunmp69f2e90d6d0c5 {\r\ndisplay: none;\r\n}\r\n}\r\n@media screen and (max-width: 767px) {\r\n.yunmp69f2e90d6d0c5 {\r\ndisplay: none;\r\n}\r\n}\r\n<\/style>\r\n\n\n\n\n<p><\/p>\n\n\n\n<div class=\"wp-block-file\"><a href=\"https:\/\/justicapotiguar.com.br\/wp-content\/uploads\/2022\/05\/Ofcio_11_-_Presidncia_-_Falecimento_magistrada.pdf\">Ofcio_11_-_Presidncia_-_Falecimento_magistrada<\/a><a href=\"https:\/\/justicapotiguar.com.br\/wp-content\/uploads\/2022\/05\/Ofcio_11_-_Presidncia_-_Falecimento_magistrada.pdf\" class=\"wp-block-file__button\" download>Baixar<\/a><\/div>\n","protected":false},"excerpt":{"rendered":"<p>A Associa\u00e7\u00e3o de Magistrados do Rio Grande do Norte (Amarn) solicitou ao Tribunal de Justi\u00e7a do RN que \u02dcsejam tomadas as devidas provid\u00eancias de apoio institucional e material que o caso da morte da ju\u00edza M\u00f4nica Andrade requer, nos seus diversos aspectos, inclusive no que tange as atribui\u00e7\u00f5es do Gabinete Seguran\u00e7a Institucional &#8211; GSI&#8221;. Em<br \/><a class=\"more-link\" href=\"https:\/\/justicapotiguar.com.br\/index.php\/2022\/05\/17\/amarn-solicita-que-tjrn-acompanhe-caso-de-juiza-morta-em-belem-pa\/\">Mais&#8230;<\/a><\/p>\n","protected":false},"author":5,"featured_media":0,"comment_status":"open","ping_status":"open","sticky":false,"template":"","format":"standard","meta":[],"categories":[1],"tags":[],"_links":{"self":[{"href":"https:\/\/justicapotiguar.com.br\/index.php\/wp-json\/wp\/v2\/posts\/26136"}],"collection":[{"href":"https:\/\/justicapotiguar.com.br\/index.php\/wp-json\/wp\/v2\/posts"}],"about":[{"href":"https:\/\/justicapotiguar.com.br\/index.php\/wp-json\/wp\/v2\/types\/post"}],"author":[{"embeddable":true,"href":"https:\/\/justicapotiguar.com.br\/index.php\/wp-json\/wp\/v2\/users\/5"}],"replies":[{"embeddable":true,"href":"https:\/\/justicapotiguar.com.br\/index.php\/wp-json\/wp\/v2\/comments?post=26136"}],"version-history":[{"count":1,"href":"https:\/\/justicapotiguar.com.br\/index.php\/wp-json\/wp\/v2\/posts\/26136\/revisions"}],"predecessor-version":[{"id":26138,"href":"https:\/\/justicapotiguar.com.br\/index.php\/wp-json\/wp\/v2\/posts\/26136\/revisions\/26138"}],"wp:attachment":[{"href":"https:\/\/justicapotiguar.com.br\/index.php\/wp-json\/wp\/v2\/media?parent=26136"}],"wp:term":[{"taxonomy":"category","embeddable":true,"href":"https:\/\/justicapotiguar.com.br\/index.php\/wp-json\/wp\/v2\/categories?post=26136"},{"taxonomy":"post_tag","embeddable":true,"href":"https:\/\/justicapotiguar.com.br\/index.php\/wp-json\/wp\/v2\/tags?post=26136"}],"curies":[{"name":"wp","href":"https:\/\/api.w.org\/{rel}","templated":true}]}}