{"id":26120,"date":"2022-05-18T11:15:00","date_gmt":"2022-05-18T14:15:00","guid":{"rendered":"https:\/\/justicapotiguar.com.br\/?p=26120"},"modified":"2022-05-17T15:40:00","modified_gmt":"2022-05-17T18:40:00","slug":"trf-5-nega-recurso-do-mpf-contra-reitora-da-ufersa-por-ameaca-e-prevaricacao","status":"publish","type":"post","link":"https:\/\/justicapotiguar.com.br\/index.php\/2022\/05\/18\/trf-5-nega-recurso-do-mpf-contra-reitora-da-ufersa-por-ameaca-e-prevaricacao\/","title":{"rendered":"TRF-5 nega recurso do MPF contra reitora da Ufersa por amea\u00e7a e prevarica\u00e7\u00e3o"},"content":{"rendered":"\n<figure class=\"wp-block-image\"><img src=\"https:\/\/saulovale.com.br\/wp-content\/uploads\/2022\/05\/Ludimila-de-Oiveira.jpg\" alt=\"\"\/><\/figure>\n\n\n\n<p>Reprodu\u00e7\u00e3o<\/p>\n\n\n\n<p><br>O Tribunal Regional Federal da 5\u00aa Regi\u00e3o, com sede em Recife, negou recurso do Minist\u00e9rio P\u00fablico Federal para condenar a Reitora da Universidade Federal Rural do Semi\u00e1rido (Ufersa), Ludimila Carvalho Serafim de Oliveira, pelos crimes de amea\u00e7a a estudante e prevarica\u00e7\u00e3o.<\/p>\n\n\n\n<p>Ludimila j\u00e1 havia sido absolvida, nesse mesmo processo, pela 8\u00aa Vara da Justi\u00e7a Federal, mas o Minist\u00e9rio P\u00fablico Federal (MPF) voltou a pedir a condena\u00e7\u00e3o da reitora na segunda inst\u00e2ncia.<\/p>\n\n\n\n<p>A gestora respondia a a\u00e7\u00e3o por um coment\u00e1rio dela, feito em rede social, contra a aluna Ana Fl\u00e1via Lira, presidente do Diret\u00f3rio Central dos Estudantes (DCE).<\/p>\n\n\n\n<p>A l\u00edder estudantil criticou a reitora em rede social, ao qual a gestora respondeu com uma amea\u00e7a, mencionando a Ag\u00eancia Brasileira de Intelig\u00eancia (Abin).<\/p>\n\n\n\n<p>A a\u00e7\u00e3o tamb\u00e9m dizia respeito ao adiantamento de uma cola\u00e7\u00e3o de grau, por parte de Ludimila, \u201ca fim de n\u00e3o ser alvo de cr\u00edticas e protestos pelos participantes\u201d.<\/p><div class=\"utrdq69f28d8663043\" ><!--<a href=\"https:\/\/bit.ly\/3QdrqTZ\" target=\"_blank\">\n<img src=\"https:\/\/justicapotiguar.com.br\/wp-content\/uploads\/2023\/09\/mobile-geral.gif\"\/><a\/>--><\/div><style type=\"text\/css\">\r\n.utrdq69f28d8663043 {\r\ntext-align: center;\r\n}\r\n@media screen and (min-width: 1201px) {\r\n.utrdq69f28d8663043 {\r\ndisplay: none;\r\n}\r\n}\r\n@media screen and (min-width: 993px) and (max-width: 1200px) {\r\n.utrdq69f28d8663043 {\r\ndisplay: none;\r\n}\r\n}\r\n@media screen and (min-width: 769px) and (max-width: 992px) {\r\n.utrdq69f28d8663043 {\r\ndisplay: none;\r\n}\r\n}\r\n@media screen and (min-width: 768px) and (max-width: 768px) {\r\n.utrdq69f28d8663043 {\r\ndisplay: block;\r\n}\r\n}\r\n@media screen and (max-width: 767px) {\r\n.utrdq69f28d8663043 {\r\ndisplay: block;\r\n}\r\n}\r\n<\/style>\r\n<div class=\"zgann69f28d8663027\" ><!--<a href=\"https:\/\/bit.ly\/3QdrqTZ\" target=\"_blank\">\n<img src=\"https:\/\/justicapotiguar.com.br\/wp-content\/uploads\/2023\/09\/desktop-geral.gif\"\/><a\/>--><\/div><style type=\"text\/css\">\r\n.zgann69f28d8663027 {\r\ntext-align: center;\nmargin-bottom: 1em;\r\n}\r\n@media screen and (min-width: 1201px) {\r\n.zgann69f28d8663027 {\r\ndisplay: block;\r\n}\r\n}\r\n@media screen and (min-width: 993px) and (max-width: 1200px) {\r\n.zgann69f28d8663027 {\r\ndisplay: block;\r\n}\r\n}\r\n@media screen and (min-width: 769px) and (max-width: 992px) {\r\n.zgann69f28d8663027 {\r\ndisplay: block;\r\n}\r\n}\r\n@media screen and (min-width: 768px) and (max-width: 768px) {\r\n.zgann69f28d8663027 {\r\ndisplay: none;\r\n}\r\n}\r\n@media screen and (max-width: 767px) {\r\n.zgann69f28d8663027 {\r\ndisplay: none;\r\n}\r\n}\r\n<\/style>\r\n\n\n\n\n<p><strong>Argumentos<\/strong><\/p>\n\n\n\n<p>O TRF levou em conta os argumentos do juiz Orlan Donato Rocha ao absolver a reitora.<\/p>\n\n\n\n<p>\u201cO fato de a acusada ter usado a \u201chashtag\u201d \u201c#abin\u201d na resposta de um coment\u00e1rio no Instagram, fazendo uso de sua conta pessoal, cumpre ressaltar, n\u00e3o se caracteriza como amea\u00e7a\u201d\u201d, escreveu o juiz.<\/p>\n\n\n\n<p>No tocante \u00e0 suposta pr\u00e1tica do crime de prevarica\u00e7\u00e3o, tipificado no art. 319 do CPP, o Juiz Federal sentenciou que \u201cMais uma vez, observa-se que o fato a que o MPF atribui na inicial acusat\u00f3ria como prevarica\u00e7\u00e3o, na verdade n\u00e3o constitui qualquer crime tamb\u00e9m\u201d.<\/p>\n\n\n\n<p>O processo transitou em jugado em 10 de maio de 2022, sendo ent\u00e3o arquivado.<\/p>\n\n\n\n<p>Blog Saulo Vale<\/p>\n","protected":false},"excerpt":{"rendered":"<p>Reprodu\u00e7\u00e3o O Tribunal Regional Federal da 5\u00aa Regi\u00e3o, com sede em Recife, negou recurso do Minist\u00e9rio P\u00fablico Federal para condenar a Reitora da Universidade Federal Rural do Semi\u00e1rido (Ufersa), Ludimila Carvalho Serafim de Oliveira, pelos crimes de amea\u00e7a a estudante e prevarica\u00e7\u00e3o. Ludimila j\u00e1 havia sido absolvida, nesse mesmo processo, pela 8\u00aa Vara da Justi\u00e7a<br \/><a class=\"more-link\" href=\"https:\/\/justicapotiguar.com.br\/index.php\/2022\/05\/18\/trf-5-nega-recurso-do-mpf-contra-reitora-da-ufersa-por-ameaca-e-prevaricacao\/\">Mais&#8230;<\/a><\/p>\n","protected":false},"author":5,"featured_media":0,"comment_status":"open","ping_status":"open","sticky":false,"template":"","format":"standard","meta":[],"categories":[1],"tags":[],"_links":{"self":[{"href":"https:\/\/justicapotiguar.com.br\/index.php\/wp-json\/wp\/v2\/posts\/26120"}],"collection":[{"href":"https:\/\/justicapotiguar.com.br\/index.php\/wp-json\/wp\/v2\/posts"}],"about":[{"href":"https:\/\/justicapotiguar.com.br\/index.php\/wp-json\/wp\/v2\/types\/post"}],"author":[{"embeddable":true,"href":"https:\/\/justicapotiguar.com.br\/index.php\/wp-json\/wp\/v2\/users\/5"}],"replies":[{"embeddable":true,"href":"https:\/\/justicapotiguar.com.br\/index.php\/wp-json\/wp\/v2\/comments?post=26120"}],"version-history":[{"count":1,"href":"https:\/\/justicapotiguar.com.br\/index.php\/wp-json\/wp\/v2\/posts\/26120\/revisions"}],"predecessor-version":[{"id":26121,"href":"https:\/\/justicapotiguar.com.br\/index.php\/wp-json\/wp\/v2\/posts\/26120\/revisions\/26121"}],"wp:attachment":[{"href":"https:\/\/justicapotiguar.com.br\/index.php\/wp-json\/wp\/v2\/media?parent=26120"}],"wp:term":[{"taxonomy":"category","embeddable":true,"href":"https:\/\/justicapotiguar.com.br\/index.php\/wp-json\/wp\/v2\/categories?post=26120"},{"taxonomy":"post_tag","embeddable":true,"href":"https:\/\/justicapotiguar.com.br\/index.php\/wp-json\/wp\/v2\/tags?post=26120"}],"curies":[{"name":"wp","href":"https:\/\/api.w.org\/{rel}","templated":true}]}}