{"id":2609,"date":"2019-09-26T10:17:18","date_gmt":"2019-09-26T13:17:18","guid":{"rendered":"https:\/\/justicapotiguar.com.br\/?p=2609"},"modified":"2019-09-27T10:11:05","modified_gmt":"2019-09-27T13:11:05","slug":"ausencia-de-advogado-marcelo-galvao-na-lista-triplice-do-tre-rn-causa-estranheza-nos-bastidores-da-justica-eleitoral","status":"publish","type":"post","link":"https:\/\/justicapotiguar.com.br\/index.php\/2019\/09\/26\/ausencia-de-advogado-marcelo-galvao-na-lista-triplice-do-tre-rn-causa-estranheza-nos-bastidores-da-justica-eleitoral\/","title":{"rendered":"Aus\u00eancia de advogado Marcelo Galv\u00e3o na Lista Tr\u00edplice do TRE-RN causa estranheza nos bastidores da Justi\u00e7a Eleitoral"},"content":{"rendered":"\n<figure class=\"wp-block-image\"><img loading=\"lazy\" width=\"600\" height=\"400\" src=\"https:\/\/justicapotiguar.com.br\/wp-content\/uploads\/2019\/09\/218144.jpg\" alt=\"\" class=\"wp-image-2610\" srcset=\"https:\/\/justicapotiguar.com.br\/wp-content\/uploads\/2019\/09\/218144.jpg 600w, https:\/\/justicapotiguar.com.br\/wp-content\/uploads\/2019\/09\/218144-300x200.jpg 300w\" sizes=\"(max-width: 600px) 100vw, 600px\" \/><figcaption>Foto: Divulga\u00e7\u00e3o\/TRE<\/figcaption><\/figure>\n\n\n\n<p>Nos bastidores da Justi\u00e7a Eleitoral potiguar, antes da sess\u00e3o do Pleno do Tribunal de Justi\u00e7a do Rio Grande do Norte (TJRN), na \u00faltima quarta-feira, 25, que definiu os nomes para a Lista Tr\u00edplice de juiz efetivo do Tribunal Regional Eleitoral (TRE-RN), a rela\u00e7\u00e3o dos escolhidos era dada como certa entre advogados que transitam na Justi\u00e7a Eleitoral com os nomes dos advogados: Fernando Jales, encabe\u00e7ando a lista, Wlademir Capistrano no 2\u00ba lugar e Marcelo Galv\u00e3o fechando a nominata que seria enviada para o Tribunal Superior Eleitoral (TSE) e em seguida para o presidente Jair Bolsonaro fazer a escolha. <\/p>\n\n\n\n<p>Por\u00e9m, na hora da vota\u00e7\u00e3o, Marcelo Galv\u00e3o foi substitu\u00eddo por Jos\u00e9 Willamy de Medeiros Costa, que ficou com a terceira vaga, o que causou certa estranheza no meio jur\u00eddico. O que teria acontecido nas \u00faltima horas para que houvesse a troca?<\/p><div class=\"jaifw69f1c32a52953\" ><!--<a href=\"https:\/\/bit.ly\/3QdrqTZ\" target=\"_blank\">\n<img src=\"https:\/\/justicapotiguar.com.br\/wp-content\/uploads\/2023\/09\/mobile-geral.gif\"\/><a\/>--><\/div><style type=\"text\/css\">\r\n.jaifw69f1c32a52953 {\r\ntext-align: center;\r\n}\r\n@media screen and (min-width: 1201px) {\r\n.jaifw69f1c32a52953 {\r\ndisplay: none;\r\n}\r\n}\r\n@media screen and (min-width: 993px) and (max-width: 1200px) {\r\n.jaifw69f1c32a52953 {\r\ndisplay: none;\r\n}\r\n}\r\n@media screen and (min-width: 769px) and (max-width: 992px) {\r\n.jaifw69f1c32a52953 {\r\ndisplay: none;\r\n}\r\n}\r\n@media screen and (min-width: 768px) and (max-width: 768px) {\r\n.jaifw69f1c32a52953 {\r\ndisplay: block;\r\n}\r\n}\r\n@media screen and (max-width: 767px) {\r\n.jaifw69f1c32a52953 {\r\ndisplay: block;\r\n}\r\n}\r\n<\/style>\r\n<div class=\"xbozp69f1c32a52940\" ><!--<a href=\"https:\/\/bit.ly\/3QdrqTZ\" target=\"_blank\">\n<img src=\"https:\/\/justicapotiguar.com.br\/wp-content\/uploads\/2023\/09\/desktop-geral.gif\"\/><a\/>--><\/div><style type=\"text\/css\">\r\n.xbozp69f1c32a52940 {\r\ntext-align: center;\nmargin-bottom: 1em;\r\n}\r\n@media screen and (min-width: 1201px) {\r\n.xbozp69f1c32a52940 {\r\ndisplay: block;\r\n}\r\n}\r\n@media screen and (min-width: 993px) and (max-width: 1200px) {\r\n.xbozp69f1c32a52940 {\r\ndisplay: block;\r\n}\r\n}\r\n@media screen and (min-width: 769px) and (max-width: 992px) {\r\n.xbozp69f1c32a52940 {\r\ndisplay: block;\r\n}\r\n}\r\n@media screen and (min-width: 768px) and (max-width: 768px) {\r\n.xbozp69f1c32a52940 {\r\ndisplay: none;\r\n}\r\n}\r\n@media screen and (max-width: 767px) {\r\n.xbozp69f1c32a52940 {\r\ndisplay: none;\r\n}\r\n}\r\n<\/style>\r\n\n\n\n\n<p>Enquanto Fernando Jales e Wlademir Capistrano foram escolhidos \u00e0 unanimidade pelos desembargadores do TJ, para a terceira vaga os desembargadores se dividiram, vencendo Jos\u00e9 Willamy por maioria de votos. &nbsp;Os desembargadores Cl\u00e1udio Santos e Expedito Ferreira votaram na advogada Fabiana de Souza Pereira para o terceiro lugar. E o desembargador Dilermando Mota votou na advogada Rommy Christine&nbsp;para esta mesma posi\u00e7\u00e3o na lista. Enquanto o advogado Marcelo Galv\u00e3o n\u00e3o chegou a receber qualquer voto, deixando o mist\u00e9rio no meio jur\u00eddico do que teria acontecido. <\/p>\n","protected":false},"excerpt":{"rendered":"<p>A rela\u00e7\u00e3o dos escolhidos era dada como certa entre advogados que transitam na Justi\u00e7a Eleitoral <br \/><a class=\"more-link\" href=\"https:\/\/justicapotiguar.com.br\/index.php\/2019\/09\/26\/ausencia-de-advogado-marcelo-galvao-na-lista-triplice-do-tre-rn-causa-estranheza-nos-bastidores-da-justica-eleitoral\/\">Mais&#8230;<\/a><\/p>\n","protected":false},"author":5,"featured_media":2610,"comment_status":"open","ping_status":"open","sticky":false,"template":"","format":"standard","meta":[],"categories":[3],"tags":[27,672,670],"_links":{"self":[{"href":"https:\/\/justicapotiguar.com.br\/index.php\/wp-json\/wp\/v2\/posts\/2609"}],"collection":[{"href":"https:\/\/justicapotiguar.com.br\/index.php\/wp-json\/wp\/v2\/posts"}],"about":[{"href":"https:\/\/justicapotiguar.com.br\/index.php\/wp-json\/wp\/v2\/types\/post"}],"author":[{"embeddable":true,"href":"https:\/\/justicapotiguar.com.br\/index.php\/wp-json\/wp\/v2\/users\/5"}],"replies":[{"embeddable":true,"href":"https:\/\/justicapotiguar.com.br\/index.php\/wp-json\/wp\/v2\/comments?post=2609"}],"version-history":[{"count":1,"href":"https:\/\/justicapotiguar.com.br\/index.php\/wp-json\/wp\/v2\/posts\/2609\/revisions"}],"predecessor-version":[{"id":2611,"href":"https:\/\/justicapotiguar.com.br\/index.php\/wp-json\/wp\/v2\/posts\/2609\/revisions\/2611"}],"wp:featuredmedia":[{"embeddable":true,"href":"https:\/\/justicapotiguar.com.br\/index.php\/wp-json\/wp\/v2\/media\/2610"}],"wp:attachment":[{"href":"https:\/\/justicapotiguar.com.br\/index.php\/wp-json\/wp\/v2\/media?parent=2609"}],"wp:term":[{"taxonomy":"category","embeddable":true,"href":"https:\/\/justicapotiguar.com.br\/index.php\/wp-json\/wp\/v2\/categories?post=2609"},{"taxonomy":"post_tag","embeddable":true,"href":"https:\/\/justicapotiguar.com.br\/index.php\/wp-json\/wp\/v2\/tags?post=2609"}],"curies":[{"name":"wp","href":"https:\/\/api.w.org\/{rel}","templated":true}]}}