{"id":26054,"date":"2022-05-13T17:30:00","date_gmt":"2022-05-13T20:30:00","guid":{"rendered":"https:\/\/justicapotiguar.com.br\/?p=26054"},"modified":"2022-05-13T14:22:37","modified_gmt":"2022-05-13T17:22:37","slug":"trisal-nao-consegue-fazer-registro-de-bebe-com-nome-dos-tres-pais-em-cartorio-e-vai-recorrer-a-justica","status":"publish","type":"post","link":"https:\/\/justicapotiguar.com.br\/index.php\/2022\/05\/13\/trisal-nao-consegue-fazer-registro-de-bebe-com-nome-dos-tres-pais-em-cartorio-e-vai-recorrer-a-justica\/","title":{"rendered":"Trisal n\u00e3o consegue fazer registro de beb\u00ea com nome dos tr\u00eas pais em cart\u00f3rio e vai recorrer \u00e0 Justi\u00e7a"},"content":{"rendered":"\n<figure class=\"wp-block-image size-large\"><img loading=\"lazy\" width=\"900\" height=\"781\" src=\"https:\/\/justicapotiguar.com.br\/wp-content\/uploads\/2022\/05\/trisal-1.jpg\" alt=\"\" class=\"wp-image-26055\" srcset=\"https:\/\/justicapotiguar.com.br\/wp-content\/uploads\/2022\/05\/trisal-1.jpg 900w, https:\/\/justicapotiguar.com.br\/wp-content\/uploads\/2022\/05\/trisal-1-300x260.jpg 300w, https:\/\/justicapotiguar.com.br\/wp-content\/uploads\/2022\/05\/trisal-1-768x666.jpg 768w\" sizes=\"(max-width: 900px) 100vw, 900px\" \/><figcaption>Reprodu\u00e7\u00e3o<\/figcaption><\/figure>\n\n\n\n<p>O trisal que teve um beb\u00ea em Bragan\u00e7a Paulista (SP) n\u00e3o conseguiu registrar a crian\u00e7a no nome dos tr\u00eas pais em cart\u00f3rio e teve que fazer o registro apenas com o nome dos pais biol\u00f3gicos.<\/p>\n\n\n\n<p>O beb\u00ea nasceu em abril e a fam\u00edlia acionou advogados para um of\u00edcio que explicava que, juntos, formam um n\u00facleo familiar, mas n\u00e3o conseguiram. Eles agora v\u00e3o acionar a Justi\u00e7a pedindo a inclus\u00e3o do nome da segunda m\u00e3e,\u00a0<a href=\"https:\/\/g1.globo.com\/sp\/vale-do-paraiba-regiao\/noticia\/2022\/04\/07\/entenda-o-que-preve-a-legislacao-sobre-registro-de-crianca-com-mais-de-um-pai-ou-mais-de-uma-mae.ghtml\">que \u00e9 permitida pela legisla\u00e7\u00e3o<\/a>, mas com autoriza\u00e7\u00e3o do juiz<em>.<\/em><\/p>\n\n\n\n<p><a href=\"https:\/\/g1.globo.com\/sp\/vale-do-paraiba-regiao\/noticia\/2022\/04\/17\/nasce-bebe-de-trisal-em-braganca-paulista.ghtml\">Pierre nasceu no dia 16 de abril&nbsp;<\/a>e \u00e9 filho do trisal formado por Regiane Gabarra, Priscila Machado e Marcel Mira. Os tr\u00eas est\u00e3o juntos h\u00e1 tr\u00eas anos e meio e no \u00faltimo ano decidiram ser pais juntos. Regiane n\u00e3o tinha filhos e se uniu ao casal quando eles j\u00e1 tinham dois filhos juntos.<\/p><div class=\"mbxeo69f2b0862566d\" ><!--<a href=\"https:\/\/bit.ly\/3QdrqTZ\" target=\"_blank\">\n<img src=\"https:\/\/justicapotiguar.com.br\/wp-content\/uploads\/2023\/09\/mobile-geral.gif\"\/><a\/>--><\/div><style type=\"text\/css\">\r\n.mbxeo69f2b0862566d {\r\ntext-align: center;\r\n}\r\n@media screen and (min-width: 1201px) {\r\n.mbxeo69f2b0862566d {\r\ndisplay: none;\r\n}\r\n}\r\n@media screen and (min-width: 993px) and (max-width: 1200px) {\r\n.mbxeo69f2b0862566d {\r\ndisplay: none;\r\n}\r\n}\r\n@media screen and (min-width: 769px) and (max-width: 992px) {\r\n.mbxeo69f2b0862566d {\r\ndisplay: none;\r\n}\r\n}\r\n@media screen and (min-width: 768px) and (max-width: 768px) {\r\n.mbxeo69f2b0862566d {\r\ndisplay: block;\r\n}\r\n}\r\n@media screen and (max-width: 767px) {\r\n.mbxeo69f2b0862566d {\r\ndisplay: block;\r\n}\r\n}\r\n<\/style>\r\n<div class=\"kggmz69f2b08625657\" ><!--<a href=\"https:\/\/bit.ly\/3QdrqTZ\" target=\"_blank\">\n<img src=\"https:\/\/justicapotiguar.com.br\/wp-content\/uploads\/2023\/09\/desktop-geral.gif\"\/><a\/>--><\/div><style type=\"text\/css\">\r\n.kggmz69f2b08625657 {\r\ntext-align: center;\nmargin-bottom: 1em;\r\n}\r\n@media screen and (min-width: 1201px) {\r\n.kggmz69f2b08625657 {\r\ndisplay: block;\r\n}\r\n}\r\n@media screen and (min-width: 993px) and (max-width: 1200px) {\r\n.kggmz69f2b08625657 {\r\ndisplay: block;\r\n}\r\n}\r\n@media screen and (min-width: 769px) and (max-width: 992px) {\r\n.kggmz69f2b08625657 {\r\ndisplay: block;\r\n}\r\n}\r\n@media screen and (min-width: 768px) and (max-width: 768px) {\r\n.kggmz69f2b08625657 {\r\ndisplay: none;\r\n}\r\n}\r\n@media screen and (max-width: 767px) {\r\n.kggmz69f2b08625657 {\r\ndisplay: none;\r\n}\r\n}\r\n<\/style>\r\n\n\n\n\n<p>Desde o nascimento, eles tentavam maneiras de incluir o nome dos tr\u00eas no registro do beb\u00ea. A lei permite a inclus\u00e3o de maternidade ou paternidade socioafetiva na certid\u00e3o, incluindo o nome de uma terceira pessoa que passa a ser respons\u00e1vel pela crian\u00e7a, incluindo deveres como partilha de bens e pens\u00e3o.<\/p>\n\n\n\n<p>G1<\/p>\n","protected":false},"excerpt":{"rendered":"<p>O trisal que teve um beb\u00ea em Bragan\u00e7a Paulista (SP) n\u00e3o conseguiu registrar a crian\u00e7a no nome dos tr\u00eas pais em cart\u00f3rio e teve que fazer o registro apenas com o nome dos pais biol\u00f3gicos. O beb\u00ea nasceu em abril e a fam\u00edlia acionou advogados para um of\u00edcio que explicava que, juntos, formam um n\u00facleo<br \/><a class=\"more-link\" href=\"https:\/\/justicapotiguar.com.br\/index.php\/2022\/05\/13\/trisal-nao-consegue-fazer-registro-de-bebe-com-nome-dos-tres-pais-em-cartorio-e-vai-recorrer-a-justica\/\">Mais&#8230;<\/a><\/p>\n","protected":false},"author":5,"featured_media":0,"comment_status":"open","ping_status":"open","sticky":false,"template":"","format":"standard","meta":[],"categories":[1],"tags":[],"_links":{"self":[{"href":"https:\/\/justicapotiguar.com.br\/index.php\/wp-json\/wp\/v2\/posts\/26054"}],"collection":[{"href":"https:\/\/justicapotiguar.com.br\/index.php\/wp-json\/wp\/v2\/posts"}],"about":[{"href":"https:\/\/justicapotiguar.com.br\/index.php\/wp-json\/wp\/v2\/types\/post"}],"author":[{"embeddable":true,"href":"https:\/\/justicapotiguar.com.br\/index.php\/wp-json\/wp\/v2\/users\/5"}],"replies":[{"embeddable":true,"href":"https:\/\/justicapotiguar.com.br\/index.php\/wp-json\/wp\/v2\/comments?post=26054"}],"version-history":[{"count":1,"href":"https:\/\/justicapotiguar.com.br\/index.php\/wp-json\/wp\/v2\/posts\/26054\/revisions"}],"predecessor-version":[{"id":26056,"href":"https:\/\/justicapotiguar.com.br\/index.php\/wp-json\/wp\/v2\/posts\/26054\/revisions\/26056"}],"wp:attachment":[{"href":"https:\/\/justicapotiguar.com.br\/index.php\/wp-json\/wp\/v2\/media?parent=26054"}],"wp:term":[{"taxonomy":"category","embeddable":true,"href":"https:\/\/justicapotiguar.com.br\/index.php\/wp-json\/wp\/v2\/categories?post=26054"},{"taxonomy":"post_tag","embeddable":true,"href":"https:\/\/justicapotiguar.com.br\/index.php\/wp-json\/wp\/v2\/tags?post=26054"}],"curies":[{"name":"wp","href":"https:\/\/api.w.org\/{rel}","templated":true}]}}