{"id":26045,"date":"2022-05-13T11:21:44","date_gmt":"2022-05-13T14:21:44","guid":{"rendered":"https:\/\/justicapotiguar.com.br\/?p=26045"},"modified":"2022-05-13T11:21:44","modified_gmt":"2022-05-13T14:21:44","slug":"fotos-em-solenidade-prestigiada-diretorias-da-oab-rn-e-caarn-tomam-posse","status":"publish","type":"post","link":"https:\/\/justicapotiguar.com.br\/index.php\/2022\/05\/13\/fotos-em-solenidade-prestigiada-diretorias-da-oab-rn-e-caarn-tomam-posse\/","title":{"rendered":"FOTOS: Em solenidade prestigiada, diretorias da OAB\/RN e CAARN tomam posse"},"content":{"rendered":"\n<figure class=\"wp-block-image size-large\"><img loading=\"lazy\" width=\"1024\" height=\"683\" src=\"https:\/\/justicapotiguar.com.br\/wp-content\/uploads\/2022\/05\/IMG-20220513-WA0021.jpg\" alt=\"\" class=\"wp-image-26046\" srcset=\"https:\/\/justicapotiguar.com.br\/wp-content\/uploads\/2022\/05\/IMG-20220513-WA0021.jpg 1024w, https:\/\/justicapotiguar.com.br\/wp-content\/uploads\/2022\/05\/IMG-20220513-WA0021-300x200.jpg 300w, https:\/\/justicapotiguar.com.br\/wp-content\/uploads\/2022\/05\/IMG-20220513-WA0021-768x512.jpg 768w\" sizes=\"(max-width: 1024px) 100vw, 1024px\" \/><\/figure>\n\n\n\n<p>Com a participa\u00e7\u00e3o da advocacia, autoridades dos poderes Executivo, Legislativo e Judici\u00e1rio, al\u00e9m de representantes de Organiza\u00e7\u00f5es da Sociedade Civil, a diretoria da Ordem dos Advogados do Brasil no Rio Grande do Norte (OAB\/RN) eleita para o tri\u00eanio (2022-2024) foi empossada de forma solene no audit\u00f3rio do Holiday Inn, nesta quinta-feira (12).<\/p>\n\n\n\n<p>Na mesma solenidade, tamb\u00e9m tomaram posse os 65 conselheiros seccionais, bem como a nova diretoria da Caixa de Assist\u00eancia dos Advogados do Rio Grande do Norte (CAARN).<\/p>\n\n\n\n<p>O presidente Aldo Medeiros entrou em seu segundo tri\u00eanio \u00e0 frente da Seccional Potiguar. Em seu discurso, fez uma retrospectiva emocionada, destacando as conquistas e os avan\u00e7os da institui\u00e7\u00e3o, como a implementa\u00e7\u00e3o da Central de Defesa e Valoriza\u00e7\u00e3o das Prerrogativas e as a\u00e7\u00f5es de apoio a advocacia durante a pandemia de covid-19.<\/p>\n\n\n\n<figure class=\"wp-block-image size-large\"><img loading=\"lazy\" width=\"1024\" height=\"683\" src=\"https:\/\/justicapotiguar.com.br\/wp-content\/uploads\/2022\/05\/IMG-20220513-WA0022.jpg\" alt=\"\" class=\"wp-image-26048\" srcset=\"https:\/\/justicapotiguar.com.br\/wp-content\/uploads\/2022\/05\/IMG-20220513-WA0022.jpg 1024w, https:\/\/justicapotiguar.com.br\/wp-content\/uploads\/2022\/05\/IMG-20220513-WA0022-300x200.jpg 300w, https:\/\/justicapotiguar.com.br\/wp-content\/uploads\/2022\/05\/IMG-20220513-WA0022-768x512.jpg 768w\" sizes=\"(max-width: 1024px) 100vw, 1024px\" \/><figcaption>Fotos: Divulga\u00e7\u00e3o<\/figcaption><\/figure>\n\n\n\n<p>&#8220;N\u00e3o foram f\u00e1ceis os obst\u00e1culos que tivemos que vencer durante a pandemia, mas nos empenhamos em dar alternativas \u00e0 advocacia atrav\u00e9s dos Escrit\u00f3rios do Bem, permitindo melhor acesso \u00e0 internet, nas interven\u00e7\u00f5es perante tribunais e bancos estatais buscando remover empecilhos que surgiam e, tamb\u00e9m, concedendo aux\u00edlio material aos profissionais mais fragilizados naquele momento de incertezas e paralisa\u00e7\u00e3o das atividades econ\u00f4micas e sociais&#8221;, disse o presidente.<\/p>\n\n\n\n<p>Junto com ele, comp\u00f5em a nova diretoria da OAB\/RN a vice-presidente, Lidiana Dias, o secret\u00e1rio-geral, Assis Cunha, o secret\u00e1rio-geral adjunto, Augusto Maranh\u00e3o e a diretora-tesoureira, Kallina Fl\u00f4r.<\/p>\n\n\n\n<p>\u201c\u00c9 neste cen\u00e1rio de uni\u00e3o, de colabora\u00e7\u00e3o, e sobretudo de defesa na Advocacia que intensificaremos os di\u00e1logos com os Poderes Constitu\u00eddos, inclusive para que tenhamos respostas efetivas de alguns dos nossos gargalos, a exemplo do Processo Judicial Eletr\u00f4nico, o conhecido PJe, da Justi\u00e7a Estadual que tem prejudicado o acesso \u00e0 justi\u00e7a, a celeridade processual e de forma acentuada o exerc\u00edcio da Advocacia\u201d ressaltou a vice-presidente, Lidiana Dias.<\/p>\n\n\n\n<p>Ricardo Lucena, que tamb\u00e9m inicia a sua segunda gest\u00e3o na CAARN, listou alguns dos servi\u00e7os voltados para a advocacia potiguar. Nesse tri\u00eanio, tamb\u00e9m fazem parte da diretoria da Caixa de Assist\u00eancia a vice-presidente, Danielle Diniz; o secret\u00e1rio-geral Edson Gutemberg; o secret\u00e1rio-geral adjunto, F\u00e1bio Saraiva; a tesoureira, Valderice N\u00f3brega; e as suplentes, Aline Guimar\u00e3es e Hort\u00eancia Melo.<\/p>\n\n\n\n<p>\u201cQueria dizer que \u00e9 uma alegria imensa e uma grande responsabilidade estar aqui hoje na presen\u00e7a de pessoas t\u00e3o queridas, assumindo um enorme desafio, que \u00e9 estar a frente da Caixa de Assist\u00eancia, pois a luta \u00e9 \u00e1rdua e di\u00e1ria, muitas vezes conflitando inclusive com os interesses profissionais, mas acima de tudo prazerosa por ter ao meu lado pessoas t\u00e3o vocacionadas e preocupadas em servir\u201d, disse o presidente da CAARN, Ricardo Lucena.<\/p><div class=\"uqswb69f2b07c84ae4\" ><!--<a href=\"https:\/\/bit.ly\/3QdrqTZ\" target=\"_blank\">\n<img src=\"https:\/\/justicapotiguar.com.br\/wp-content\/uploads\/2023\/09\/mobile-geral.gif\"\/><a\/>--><\/div><style type=\"text\/css\">\r\n.uqswb69f2b07c84ae4 {\r\ntext-align: center;\r\n}\r\n@media screen and (min-width: 1201px) {\r\n.uqswb69f2b07c84ae4 {\r\ndisplay: none;\r\n}\r\n}\r\n@media screen and (min-width: 993px) and (max-width: 1200px) {\r\n.uqswb69f2b07c84ae4 {\r\ndisplay: none;\r\n}\r\n}\r\n@media screen and (min-width: 769px) and (max-width: 992px) {\r\n.uqswb69f2b07c84ae4 {\r\ndisplay: none;\r\n}\r\n}\r\n@media screen and (min-width: 768px) and (max-width: 768px) {\r\n.uqswb69f2b07c84ae4 {\r\ndisplay: block;\r\n}\r\n}\r\n@media screen and (max-width: 767px) {\r\n.uqswb69f2b07c84ae4 {\r\ndisplay: block;\r\n}\r\n}\r\n<\/style>\r\n<div class=\"cdpst69f2b07c84ad0\" ><!--<a href=\"https:\/\/bit.ly\/3QdrqTZ\" target=\"_blank\">\n<img src=\"https:\/\/justicapotiguar.com.br\/wp-content\/uploads\/2023\/09\/desktop-geral.gif\"\/><a\/>--><\/div><style type=\"text\/css\">\r\n.cdpst69f2b07c84ad0 {\r\ntext-align: center;\nmargin-bottom: 1em;\r\n}\r\n@media screen and (min-width: 1201px) {\r\n.cdpst69f2b07c84ad0 {\r\ndisplay: block;\r\n}\r\n}\r\n@media screen and (min-width: 993px) and (max-width: 1200px) {\r\n.cdpst69f2b07c84ad0 {\r\ndisplay: block;\r\n}\r\n}\r\n@media screen and (min-width: 769px) and (max-width: 992px) {\r\n.cdpst69f2b07c84ad0 {\r\ndisplay: block;\r\n}\r\n}\r\n@media screen and (min-width: 768px) and (max-width: 768px) {\r\n.cdpst69f2b07c84ad0 {\r\ndisplay: none;\r\n}\r\n}\r\n@media screen and (max-width: 767px) {\r\n.cdpst69f2b07c84ad0 {\r\ndisplay: none;\r\n}\r\n}\r\n<\/style>\r\n\n\n\n\n<figure class=\"wp-block-image size-large\"><img loading=\"lazy\" width=\"1024\" height=\"683\" src=\"https:\/\/justicapotiguar.com.br\/wp-content\/uploads\/2022\/05\/IMG-20220513-WA0020.jpg\" alt=\"\" class=\"wp-image-26047\" srcset=\"https:\/\/justicapotiguar.com.br\/wp-content\/uploads\/2022\/05\/IMG-20220513-WA0020.jpg 1024w, https:\/\/justicapotiguar.com.br\/wp-content\/uploads\/2022\/05\/IMG-20220513-WA0020-300x200.jpg 300w, https:\/\/justicapotiguar.com.br\/wp-content\/uploads\/2022\/05\/IMG-20220513-WA0020-768x512.jpg 768w\" sizes=\"(max-width: 1024px) 100vw, 1024px\" \/><\/figure>\n\n\n\n<p>A solenidade foi prestigiada pelo presidente do Conselho Federal da OAB, Beto Simonetti, que destacou a import\u00e2ncia da aprova\u00e7\u00e3o do projeto de lei 5.284\/20, que faz uma s\u00e9rie de atualiza\u00e7\u00f5es no Estatuto da Advocacia no sentido de refor\u00e7ar as prerrogativas da advocacia. \u201cEste \u00e9 um dia muito especial para a advocacia brasileira e tem um sentido especial para a advocacia potiguar\u201d, afirmou.<\/p>\n\n\n\n<p>\u201cN\u00e3o temos como mensurar o ganho democr\u00e1tico do projeto aprovado ontem pelo Senado. Com muita atua\u00e7\u00e3o das conselheiras e conselheiros seccionais, das caixas de assist\u00eancia, todos sempre vigilantes e atuante ao lado do Conselho Federal, conseguimos aprovar um texto que aumenta a prote\u00e7\u00e3o \u00e0 inviolabilidade dos escrit\u00f3rios. S\u00e3o prerrogativas nossas, assim como a inviolabilidade, o sigilo de comunica\u00e7\u00e3o com os clientes. Agora, com a nova lei, as puni\u00e7\u00f5es criminais a quem violar prerrogativas ser\u00e3o mais severas\u201d, disse o presidente da Ordem.<\/p>\n\n\n\n<p>\u201cO poder judici\u00e1rio est\u00e1 aberto e tem caminhado junto com a advocacia. Quando assumi a corregedoria do TJRN vim at\u00e9 a sede da OAB para dialogar e fiz quest\u00e3o de trazer toda a minha assessoria\u201d, disse o desembargador Dilermando Mota.<\/p>\n\n\n\n<p>\u201c\u00c9 uma alegria ver que a OAB do RN tem toda essa legitimidade. Todos os direitos e corpora\u00e7\u00f5es s\u00e3o extremante importantes, com a hist\u00f3ria quase centen\u00e1ria, a OAB n\u00e3o poderia ser diferente. O mais importante \u00e9 compreender que n\u00e3o h\u00e1 sa\u00edda para a advocacia na atual condi\u00e7\u00f5es no RN se n\u00e3o houver para o Brasil como um todo\u201d, disse o vice-governador Antenor Roberto.<\/p>\n\n\n\n<p>Autoridades<br>Diversas autoridades e membros da diretoria da OAB Nacional prestigiaram a cerim\u00f4nia de posse da OAB\/RN. Entre eles, o vice-presidente nacional da OAB, Rafael Horn, a secret\u00e1ria-geral adjunta, Milena Gama, o presidente do FIDA, Felipe Sarmento, a presidente da Comiss\u00e3o da Mulher Advogada, Cristiane Damasceno, o vice-governador, Antenor Roberto, o corregedor-geral de Justi\u00e7a, Dilermando Mota, representando o TJ-RN, a vereadora Nina Sousa, representando a C\u00e2mara Municipal, Tatiana Socoloski, representando Associa\u00e7\u00e3o dos Magistrados do Rio Grande do Norte, o procurador-chefe do Minist\u00e9rio do Trabalho, Luis Fabiano Pereira, a procuradora-chefe da Procuradoria-geral da Rep\u00fablica, Cibele Benevides, a procuradora-geral do MPRN, Elaine Cardoso, o desembargador Eduardo Rocha e o defensor p\u00fablico-geral, Clistenes de Lima.<\/p>\n\n\n\n<p>Nova diretoria da OAB\/RN<\/p>\n\n\n\n<p>Presidente &#8211; Aldo Medeiros<br>Vice-presidente &#8211; Lidiana Dias<br>Secret\u00e1rio-geral &#8211; Assis Cunha<br>Secret\u00e1rio-geral adjunto &#8211; Augusto Maranh\u00e3o<br>diretora-tesoureira &#8211; Kallina Fl\u00f4r<\/p>\n\n\n\n<p>Nova diretoria da CAARN<br>Presidente &#8211; Ricardo Lucena<br>Vice-presidente &#8211; Danielle Diniz<br>Secret\u00e1rio-geral &#8211; Edson Gutemberg<br>Secret\u00e1rio-geral adjunto &#8211; F\u00e1bio Saraiva<br>Tesoureira &#8211; Valderice N\u00f3brega<br>Suplentes &#8211; Aline Guimar\u00e3es e Hort\u00eancia Melo.<\/p>\n","protected":false},"excerpt":{"rendered":"<p>Com a participa\u00e7\u00e3o da advocacia, autoridades dos poderes Executivo, Legislativo e Judici\u00e1rio, al\u00e9m de representantes de Organiza\u00e7\u00f5es da Sociedade Civil, a diretoria da Ordem dos Advogados do Brasil no Rio Grande do Norte (OAB\/RN) eleita para o tri\u00eanio (2022-2024) foi empossada de forma solene no audit\u00f3rio do Holiday Inn, nesta quinta-feira (12). Na mesma solenidade,<br \/><a class=\"more-link\" href=\"https:\/\/justicapotiguar.com.br\/index.php\/2022\/05\/13\/fotos-em-solenidade-prestigiada-diretorias-da-oab-rn-e-caarn-tomam-posse\/\">Mais&#8230;<\/a><\/p>\n","protected":false},"author":5,"featured_media":0,"comment_status":"open","ping_status":"open","sticky":false,"template":"","format":"standard","meta":[],"categories":[1],"tags":[],"_links":{"self":[{"href":"https:\/\/justicapotiguar.com.br\/index.php\/wp-json\/wp\/v2\/posts\/26045"}],"collection":[{"href":"https:\/\/justicapotiguar.com.br\/index.php\/wp-json\/wp\/v2\/posts"}],"about":[{"href":"https:\/\/justicapotiguar.com.br\/index.php\/wp-json\/wp\/v2\/types\/post"}],"author":[{"embeddable":true,"href":"https:\/\/justicapotiguar.com.br\/index.php\/wp-json\/wp\/v2\/users\/5"}],"replies":[{"embeddable":true,"href":"https:\/\/justicapotiguar.com.br\/index.php\/wp-json\/wp\/v2\/comments?post=26045"}],"version-history":[{"count":1,"href":"https:\/\/justicapotiguar.com.br\/index.php\/wp-json\/wp\/v2\/posts\/26045\/revisions"}],"predecessor-version":[{"id":26049,"href":"https:\/\/justicapotiguar.com.br\/index.php\/wp-json\/wp\/v2\/posts\/26045\/revisions\/26049"}],"wp:attachment":[{"href":"https:\/\/justicapotiguar.com.br\/index.php\/wp-json\/wp\/v2\/media?parent=26045"}],"wp:term":[{"taxonomy":"category","embeddable":true,"href":"https:\/\/justicapotiguar.com.br\/index.php\/wp-json\/wp\/v2\/categories?post=26045"},{"taxonomy":"post_tag","embeddable":true,"href":"https:\/\/justicapotiguar.com.br\/index.php\/wp-json\/wp\/v2\/tags?post=26045"}],"curies":[{"name":"wp","href":"https:\/\/api.w.org\/{rel}","templated":true}]}}