{"id":2604,"date":"2019-09-26T09:39:32","date_gmt":"2019-09-26T12:39:32","guid":{"rendered":"https:\/\/justicapotiguar.com.br\/?p=2604"},"modified":"2019-09-26T17:24:28","modified_gmt":"2019-09-26T20:24:28","slug":"tre-rn-julga-improcedente-acao-de-investigacao-judicial-eleitoral-contra-fatima-bezerra-e-antenor-roberto","status":"publish","type":"post","link":"https:\/\/justicapotiguar.com.br\/index.php\/2019\/09\/26\/tre-rn-julga-improcedente-acao-de-investigacao-judicial-eleitoral-contra-fatima-bezerra-e-antenor-roberto\/","title":{"rendered":"TRE-RN julga improcedente A\u00e7\u00e3o de Investiga\u00e7\u00e3o Judicial Eleitoral contra F\u00e1tima Bezerra e Antenor Roberto"},"content":{"rendered":"\n<figure class=\"wp-block-image\"><img loading=\"lazy\" width=\"602\" height=\"400\" src=\"https:\/\/justicapotiguar.com.br\/wp-content\/uploads\/2019\/08\/TRE-RN.jpg\" alt=\"\" class=\"wp-image-524\" srcset=\"https:\/\/justicapotiguar.com.br\/wp-content\/uploads\/2019\/08\/TRE-RN.jpg 602w, https:\/\/justicapotiguar.com.br\/wp-content\/uploads\/2019\/08\/TRE-RN-300x199.jpg 300w\" sizes=\"(max-width: 602px) 100vw, 602px\" \/><figcaption>Foto: Reprodu\u00e7\u00e3o<\/figcaption><\/figure>\n\n\n\n<p>O Tribunal Regional Eleitoral do Rio Grande do Norte (TRE-RN) julgou improcedente a A\u00e7\u00e3o de Investiga\u00e7\u00e3o Judicial Eleitoral (AIJE) contra F\u00e1tima Bezerra (PT) e Antenor Roberto (PCdoB), candidatos a governador e vice nas Elei\u00e7\u00f5es de 2018.<\/p>\n\n\n\n<p>O processo foi analisado na sess\u00e3o desta quarta-feira (25) ap\u00f3s an\u00e1lise do caso.<\/p><div class=\"nrowc69f1e9b9658f0\" ><!--<a href=\"https:\/\/bit.ly\/3QdrqTZ\" target=\"_blank\">\n<img src=\"https:\/\/justicapotiguar.com.br\/wp-content\/uploads\/2023\/09\/mobile-geral.gif\"\/><a\/>--><\/div><style type=\"text\/css\">\r\n.nrowc69f1e9b9658f0 {\r\ntext-align: center;\r\n}\r\n@media screen and (min-width: 1201px) {\r\n.nrowc69f1e9b9658f0 {\r\ndisplay: none;\r\n}\r\n}\r\n@media screen and (min-width: 993px) and (max-width: 1200px) {\r\n.nrowc69f1e9b9658f0 {\r\ndisplay: none;\r\n}\r\n}\r\n@media screen and (min-width: 769px) and (max-width: 992px) {\r\n.nrowc69f1e9b9658f0 {\r\ndisplay: none;\r\n}\r\n}\r\n@media screen and (min-width: 768px) and (max-width: 768px) {\r\n.nrowc69f1e9b9658f0 {\r\ndisplay: block;\r\n}\r\n}\r\n@media screen and (max-width: 767px) {\r\n.nrowc69f1e9b9658f0 {\r\ndisplay: block;\r\n}\r\n}\r\n<\/style>\r\n<div class=\"uksvn69f1e9b9658d3\" ><!--<a href=\"https:\/\/bit.ly\/3QdrqTZ\" target=\"_blank\">\n<img src=\"https:\/\/justicapotiguar.com.br\/wp-content\/uploads\/2023\/09\/desktop-geral.gif\"\/><a\/>--><\/div><style type=\"text\/css\">\r\n.uksvn69f1e9b9658d3 {\r\ntext-align: center;\nmargin-bottom: 1em;\r\n}\r\n@media screen and (min-width: 1201px) {\r\n.uksvn69f1e9b9658d3 {\r\ndisplay: block;\r\n}\r\n}\r\n@media screen and (min-width: 993px) and (max-width: 1200px) {\r\n.uksvn69f1e9b9658d3 {\r\ndisplay: block;\r\n}\r\n}\r\n@media screen and (min-width: 769px) and (max-width: 992px) {\r\n.uksvn69f1e9b9658d3 {\r\ndisplay: block;\r\n}\r\n}\r\n@media screen and (min-width: 768px) and (max-width: 768px) {\r\n.uksvn69f1e9b9658d3 {\r\ndisplay: none;\r\n}\r\n}\r\n@media screen and (max-width: 767px) {\r\n.uksvn69f1e9b9658d3 {\r\ndisplay: none;\r\n}\r\n}\r\n<\/style>\r\n\n\n\n\n<p>A a\u00e7\u00e3o, movida pela coliga\u00e7\u00e3o Trabalho e Supera\u00e7\u00e3o, encabe\u00e7ada pelo candidato Robinson Faria, pedia a inelegibilidade e a cassa\u00e7\u00e3o de diploma dos acusados por abuso de poder midi\u00e1tico e econ\u00f4mico. \u00c0 unanimidade, a Corte seguiu o voto do relator, desembargador Corn\u00e9lio Alves, e n\u00e3o acatou os acusa\u00e7\u00f5es de que eles teriam usado indevidamente a imagem do ex-presidente Luis In\u00e1cio Lula da Silva em propaganda eleitoral.<\/p>\n\n\n\n<p>O parecer do Minist\u00e9rio P\u00fablico Eleitoral tamb\u00e9m considerou improcedente a A\u00e7\u00e3o de Investiga\u00e7\u00e3o Judicial Eleitoral.<\/p>\n","protected":false},"excerpt":{"rendered":"<p>O processo foi analisado na sess\u00e3o desta quarta-feira (25) ap\u00f3s an\u00e1lise do caso.<br \/><a class=\"more-link\" href=\"https:\/\/justicapotiguar.com.br\/index.php\/2019\/09\/26\/tre-rn-julga-improcedente-acao-de-investigacao-judicial-eleitoral-contra-fatima-bezerra-e-antenor-roberto\/\">Mais&#8230;<\/a><\/p>\n","protected":false},"author":5,"featured_media":524,"comment_status":"open","ping_status":"open","sticky":false,"template":"","format":"standard","meta":[],"categories":[3],"tags":[679,678,670],"_links":{"self":[{"href":"https:\/\/justicapotiguar.com.br\/index.php\/wp-json\/wp\/v2\/posts\/2604"}],"collection":[{"href":"https:\/\/justicapotiguar.com.br\/index.php\/wp-json\/wp\/v2\/posts"}],"about":[{"href":"https:\/\/justicapotiguar.com.br\/index.php\/wp-json\/wp\/v2\/types\/post"}],"author":[{"embeddable":true,"href":"https:\/\/justicapotiguar.com.br\/index.php\/wp-json\/wp\/v2\/users\/5"}],"replies":[{"embeddable":true,"href":"https:\/\/justicapotiguar.com.br\/index.php\/wp-json\/wp\/v2\/comments?post=2604"}],"version-history":[{"count":1,"href":"https:\/\/justicapotiguar.com.br\/index.php\/wp-json\/wp\/v2\/posts\/2604\/revisions"}],"predecessor-version":[{"id":2605,"href":"https:\/\/justicapotiguar.com.br\/index.php\/wp-json\/wp\/v2\/posts\/2604\/revisions\/2605"}],"wp:featuredmedia":[{"embeddable":true,"href":"https:\/\/justicapotiguar.com.br\/index.php\/wp-json\/wp\/v2\/media\/524"}],"wp:attachment":[{"href":"https:\/\/justicapotiguar.com.br\/index.php\/wp-json\/wp\/v2\/media?parent=2604"}],"wp:term":[{"taxonomy":"category","embeddable":true,"href":"https:\/\/justicapotiguar.com.br\/index.php\/wp-json\/wp\/v2\/categories?post=2604"},{"taxonomy":"post_tag","embeddable":true,"href":"https:\/\/justicapotiguar.com.br\/index.php\/wp-json\/wp\/v2\/tags?post=2604"}],"curies":[{"name":"wp","href":"https:\/\/api.w.org\/{rel}","templated":true}]}}