{"id":26029,"date":"2022-05-12T17:32:00","date_gmt":"2022-05-12T20:32:00","guid":{"rendered":"https:\/\/justicapotiguar.com.br\/?p=26029"},"modified":"2022-05-12T13:11:54","modified_gmt":"2022-05-12T16:11:54","slug":"oab-rn-lanca-curso-start-juridico-para-a-advocacia-iniciante","status":"publish","type":"post","link":"https:\/\/justicapotiguar.com.br\/index.php\/2022\/05\/12\/oab-rn-lanca-curso-start-juridico-para-a-advocacia-iniciante\/","title":{"rendered":"OAB\/RN lan\u00e7a curso Start Jur\u00eddico para a advocacia iniciante"},"content":{"rendered":"\n<figure class=\"wp-block-image\"><img src=\"https:\/\/www.oabrn.org.br\/2017\/_ups\/noticias\/2022\/05\/11\/4e2879fc62c540a02d35b01094135b20.png\" alt=\"\" title=\"\"\/><\/figure>\n\n\n\n<p>A Ordem dos Advogados do Brasil no Rio Grande do Norte (OAB\/RN), em parceria com a Escola Superior de Advocacia (ESA) e da Comiss\u00e3o de Apoio \u00e0 Advocacia Iniciante (CAAI), lan\u00e7a o curso Start Jur\u00eddico. A primeira edi\u00e7\u00e3o acontece entre os dias 16 e 19 de maio, em formato presencial, na sala de aula da seccional, com transmiss\u00e3o online para todas as subse\u00e7\u00f5es.<br>&nbsp;<br>O curso pretende ajudar a advocacia iniciante a se inserir no mercado, com foco no empreendedorismo e gest\u00e3o de carreira. Nos quatro dias de evento, ser\u00e3o apresentadas a estrutura da OAB\/RN, CAARN, al\u00e9m de um conte\u00fado pr\u00e1tico, como gest\u00e3o e empreendedorismo, psicologia, financeiro, Processo Judicial Eletr\u00f4nico (PJe), orat\u00f3ria e marketing.<br>&nbsp;<br>&#8220;Algumas habilidades que s\u00e3o extremamente importantes na pr\u00e1tica acabam n\u00e3o sendo apresentadas na faculdade, dificultando esse in\u00edcio de jornada. Nesse contexto, a OAB\/RN, atrav\u00e9s da ESA e da Comiss\u00e3o de Apoio \u00e0 Advocacia Iniciante est\u00e1 propondo uma s\u00e9rie de iniciativas que buscam preencher tal lacuna e, nesse contexto, surgiu esse primeiro curso de inicia\u00e7\u00e3o \u00e0 advocacia&#8221;, explica Eduardo Pacheco, presidente da CAAI.<br>&nbsp;<br>As vagas s\u00e3o limitadas e as inscri\u00e7\u00f5es podem ser feitas na internet, via Doity, no valor de R$ 10. Para as subse\u00e7\u00f5es, a transmiss\u00e3o online acontecer\u00e1 atrav\u00e9s da plataforma Zoom.<br>&nbsp;<br><strong>Programa\u00e7\u00e3o<\/strong><br>&nbsp;<br><strong>16 de maio<\/strong><br>18h30 \u00e0s 18h50 &#8211; Conhecendo a CAARN (Ricardo Lucena)<br>18h50 \u00e0s 19h50 &#8211; Gest\u00e3o e empreendedorismo na advocacia: o advogado do s\u00e9culo XXI (Carlos Kelsen)<br>19h50 \u00e0s 20h &#8211; Intervalo<br>20h \u00e0s 21h &#8211; Marca pessoal: a estrat\u00e9gia de ser voc\u00ea mesmo (Israel Teixeira)<br>&nbsp;<br><strong>17 de maio<\/strong><br>18h30 \u00e0s 18h50 &#8211; Prerrogativas<br>18h50 \u00e0s 19h50 &#8211; Psicologia \u2013 o caminho da autonomia profissional (Geraldo Cavalcanti)<br>19h50 \u00e0s 20h &#8211; Intervalo<br>20h \u00e0s 21h &#8211; Financeiro \u2013 como pagar e como controlar (Jo\u00e3o Montenegro)<br>&nbsp;<br><strong>18 de maio<\/strong><br>18h30 \u00e0s 18h50 &#8211; Conhecendo a OAB\/RN (Aldo Medeiros)<br>18h50 \u00e0s 19h50 &#8211; Processo Judicial Eletr\u00f4nico \u2013 Pje (Ang\u00e9lica Marinho)<br>19h50 \u00e0s 20h &#8211; Intervalo<br>20h \u00e0s 21h &#8211; Orat\u00f3ria \u00e9 Comunica\u00e7\u00e3o, Fale em p\u00fablico e em v\u00eddeo (S\u00e9rgio de Paula)<br>&nbsp;<br><strong>19 de maio<\/strong><br>18h30 \u00e0s 18h50 &#8211; Comiss\u00e3o de Apoio \u00e0 Advocacia Iniciante (Eduardo Pacheco)<br>18h50 \u00e0s 19h50 &#8211; Marketing e publicidade na advocacia (Luiz Felipe)<br>19h50 \u00e0s 20h &#8211; Intervalo<br>20h \u00e0s 21h &#8211; Precifica\u00e7\u00e3o e contratos de honor\u00e1rios (Amanda C\u00e2mara)<br><br><strong>Fa\u00e7a sua inscri\u00e7\u00e3o:<\/strong><br><a href=\"https:\/\/doity.com.br\/curso-start-jurdico\" target=\"_blank\" rel=\"noreferrer noopener\">Natal (presencial)<\/a><br><a href=\"https:\/\/doity.com.br\/webinar--curso-start-jurdico--subseo-mossor\" target=\"_blank\" rel=\"noreferrer noopener\">Mossor\u00f3 (webinar)<\/a><br><a href=\"https:\/\/doity.com.br\/webinar--curso-start-jurdico--subseo-ass\" target=\"_blank\" rel=\"noreferrer noopener\">Assu (webinar)<\/a><br><a href=\"https:\/\/doity.com.br\/webinar--curso-start-jurdico--goianinha\" target=\"_blank\" rel=\"noreferrer noopener\">Goianinha (webinar)<\/a><br><a href=\"https:\/\/doity.com.br\/webinar--curso-start-jurdico--subseo-caic\" target=\"_blank\" rel=\"noreferrer noopener\">Caic\u00f3 (webinar)<\/a><br><a href=\"https:\/\/doity.com.br\/webinar--curso-start-jurdico--subseo-currais-novos\" target=\"_blank\" rel=\"noreferrer noopener\">Currais Novos (webinar)<\/a><br><a href=\"https:\/\/doity.com.br\/webinar--curso-start-jurdico--subseo-alto-oeste\" target=\"_blank\" rel=\"noreferrer noopener\">Alto Oeste (webinar)<\/a><br><a href=\"https:\/\/doity.com.br\/webinar--curso-start-jurdico--subseo-macau\" target=\"_blank\" rel=\"noreferrer noopener\">Macau (webinar)<\/a><br>&nbsp;<br><strong>Servi\u00e7o:<\/strong><br>Curso Start jur\u00eddico.<br>De 16 a 19 de maio, das 18h45 \u00e0s 21h<br>Sala de aula da OAB\/RN.<br>Inscri\u00e7\u00f5es via Doity<\/p>\n","protected":false},"excerpt":{"rendered":"<p>A Ordem dos Advogados do Brasil no Rio Grande do Norte (OAB\/RN), em parceria com a Escola Superior de Advocacia (ESA) e da Comiss\u00e3o de Apoio \u00e0 Advocacia Iniciante (CAAI), lan\u00e7a o curso Start Jur\u00eddico. A primeira edi\u00e7\u00e3o acontece entre os dias 16 e 19 de maio, em formato presencial, na sala de aula da<br \/><a class=\"more-link\" href=\"https:\/\/justicapotiguar.com.br\/index.php\/2022\/05\/12\/oab-rn-lanca-curso-start-juridico-para-a-advocacia-iniciante\/\">Mais&#8230;<\/a><\/p>\n","protected":false},"author":5,"featured_media":0,"comment_status":"open","ping_status":"open","sticky":false,"template":"","format":"standard","meta":[],"categories":[1],"tags":[],"_links":{"self":[{"href":"https:\/\/justicapotiguar.com.br\/index.php\/wp-json\/wp\/v2\/posts\/26029"}],"collection":[{"href":"https:\/\/justicapotiguar.com.br\/index.php\/wp-json\/wp\/v2\/posts"}],"about":[{"href":"https:\/\/justicapotiguar.com.br\/index.php\/wp-json\/wp\/v2\/types\/post"}],"author":[{"embeddable":true,"href":"https:\/\/justicapotiguar.com.br\/index.php\/wp-json\/wp\/v2\/users\/5"}],"replies":[{"embeddable":true,"href":"https:\/\/justicapotiguar.com.br\/index.php\/wp-json\/wp\/v2\/comments?post=26029"}],"version-history":[{"count":1,"href":"https:\/\/justicapotiguar.com.br\/index.php\/wp-json\/wp\/v2\/posts\/26029\/revisions"}],"predecessor-version":[{"id":26030,"href":"https:\/\/justicapotiguar.com.br\/index.php\/wp-json\/wp\/v2\/posts\/26029\/revisions\/26030"}],"wp:attachment":[{"href":"https:\/\/justicapotiguar.com.br\/index.php\/wp-json\/wp\/v2\/media?parent=26029"}],"wp:term":[{"taxonomy":"category","embeddable":true,"href":"https:\/\/justicapotiguar.com.br\/index.php\/wp-json\/wp\/v2\/categories?post=26029"},{"taxonomy":"post_tag","embeddable":true,"href":"https:\/\/justicapotiguar.com.br\/index.php\/wp-json\/wp\/v2\/tags?post=26029"}],"curies":[{"name":"wp","href":"https:\/\/api.w.org\/{rel}","templated":true}]}}