{"id":26021,"date":"2022-05-12T07:25:39","date_gmt":"2022-05-12T10:25:39","guid":{"rendered":"https:\/\/justicapotiguar.com.br\/?p=26021"},"modified":"2022-05-12T07:25:39","modified_gmt":"2022-05-12T10:25:39","slug":"oab-ap-conquista-decisao-para-evitar-constrangimento-de-revista-pessoal-na-entrada-de-presidio","status":"publish","type":"post","link":"https:\/\/justicapotiguar.com.br\/index.php\/2022\/05\/12\/oab-ap-conquista-decisao-para-evitar-constrangimento-de-revista-pessoal-na-entrada-de-presidio\/","title":{"rendered":"OAB-AP conquista decis\u00e3o para evitar constrangimento de revista pessoal na entrada de pres\u00eddio"},"content":{"rendered":"\n<figure class=\"wp-block-image size-large\"><img loading=\"lazy\" width=\"550\" height=\"310\" src=\"https:\/\/justicapotiguar.com.br\/wp-content\/uploads\/2022\/05\/oab-conquista-evitar-constrangimento-revista-presidio.jpg\" alt=\"\" class=\"wp-image-26022\" srcset=\"https:\/\/justicapotiguar.com.br\/wp-content\/uploads\/2022\/05\/oab-conquista-evitar-constrangimento-revista-presidio.jpg 550w, https:\/\/justicapotiguar.com.br\/wp-content\/uploads\/2022\/05\/oab-conquista-evitar-constrangimento-revista-presidio-300x169.jpg 300w\" sizes=\"(max-width: 550px) 100vw, 550px\" \/><figcaption>Reprodu\u00e7\u00e3o<\/figcaption><\/figure>\n\n\n\n<p>A Ordem dos Advogados do Brasil, Seccional do Amap\u00e1 (OAB-AP), conquistou importante decis\u00e3o na manh\u00e3 desta quarta-feira (11), ao ser atendida pelo Juiz Jo\u00e3o Matos, da Vara de Execu\u00e7\u00f5es Penais (VEP), que determinou multa, abertura de procedimento administrativo e retorno da entrada do Parlat\u00f3rio do Instituto de Administra\u00e7\u00e3o Penitenci\u00e1ria (IAPEN), pelo port\u00e3o principal, conforme estrategicamente foi planejado.<\/p>\n\n\n\n<p>O presidente da OAB-AP, Auriney Brito, esteve no IAPEN, na manh\u00e3 desta quarta-feira (11), junto com membros da Comiss\u00e3o de Prerrogativas e advocacia criminal para apresentar a decis\u00e3o prolatada pelo magistrado.<\/p><div class=\"odxhz69f29fb2ca726\" ><!--<a href=\"https:\/\/bit.ly\/3QdrqTZ\" target=\"_blank\">\n<img src=\"https:\/\/justicapotiguar.com.br\/wp-content\/uploads\/2023\/09\/mobile-geral.gif\"\/><a\/>--><\/div><style type=\"text\/css\">\r\n.odxhz69f29fb2ca726 {\r\ntext-align: center;\r\n}\r\n@media screen and (min-width: 1201px) {\r\n.odxhz69f29fb2ca726 {\r\ndisplay: none;\r\n}\r\n}\r\n@media screen and (min-width: 993px) and (max-width: 1200px) {\r\n.odxhz69f29fb2ca726 {\r\ndisplay: none;\r\n}\r\n}\r\n@media screen and (min-width: 769px) and (max-width: 992px) {\r\n.odxhz69f29fb2ca726 {\r\ndisplay: none;\r\n}\r\n}\r\n@media screen and (min-width: 768px) and (max-width: 768px) {\r\n.odxhz69f29fb2ca726 {\r\ndisplay: block;\r\n}\r\n}\r\n@media screen and (max-width: 767px) {\r\n.odxhz69f29fb2ca726 {\r\ndisplay: block;\r\n}\r\n}\r\n<\/style>\r\n<div class=\"hdfkh69f29fb2ca70c\" ><!--<a href=\"https:\/\/bit.ly\/3QdrqTZ\" target=\"_blank\">\n<img src=\"https:\/\/justicapotiguar.com.br\/wp-content\/uploads\/2023\/09\/desktop-geral.gif\"\/><a\/>--><\/div><style type=\"text\/css\">\r\n.hdfkh69f29fb2ca70c {\r\ntext-align: center;\nmargin-bottom: 1em;\r\n}\r\n@media screen and (min-width: 1201px) {\r\n.hdfkh69f29fb2ca70c {\r\ndisplay: block;\r\n}\r\n}\r\n@media screen and (min-width: 993px) and (max-width: 1200px) {\r\n.hdfkh69f29fb2ca70c {\r\ndisplay: block;\r\n}\r\n}\r\n@media screen and (min-width: 769px) and (max-width: 992px) {\r\n.hdfkh69f29fb2ca70c {\r\ndisplay: block;\r\n}\r\n}\r\n@media screen and (min-width: 768px) and (max-width: 768px) {\r\n.hdfkh69f29fb2ca70c {\r\ndisplay: none;\r\n}\r\n}\r\n@media screen and (max-width: 767px) {\r\n.hdfkh69f29fb2ca70c {\r\ndisplay: none;\r\n}\r\n}\r\n<\/style>\r\n\n\n\n\n<p>\u201cCompreendemos a necessidade de seguran\u00e7a e organiza\u00e7\u00e3o, mas entendemos que mandar uma mulher advogada abrir as pernas ou tirar parte da roupa, cinto, sapato etc, extrapola os limites da intimidade e dignidade pessoal, por isso juntamos ao pedido a ata de reuni\u00e3o provando que a arquitetura da reforma e amplia\u00e7\u00e3o do Parlat\u00f3rio foi pensada para evitar esse tipo de constrangimento\u201d, detalhou o presidente.<\/p>\n","protected":false},"excerpt":{"rendered":"<p>A Ordem dos Advogados do Brasil, Seccional do Amap\u00e1 (OAB-AP), conquistou importante decis\u00e3o na manh\u00e3 desta quarta-feira (11), ao ser atendida pelo Juiz Jo\u00e3o Matos, da Vara de Execu\u00e7\u00f5es Penais (VEP), que determinou multa, abertura de procedimento administrativo e retorno da entrada do Parlat\u00f3rio do Instituto de Administra\u00e7\u00e3o Penitenci\u00e1ria (IAPEN), pelo port\u00e3o principal, conforme estrategicamente<br \/><a class=\"more-link\" href=\"https:\/\/justicapotiguar.com.br\/index.php\/2022\/05\/12\/oab-ap-conquista-decisao-para-evitar-constrangimento-de-revista-pessoal-na-entrada-de-presidio\/\">Mais&#8230;<\/a><\/p>\n","protected":false},"author":5,"featured_media":0,"comment_status":"open","ping_status":"open","sticky":false,"template":"","format":"standard","meta":[],"categories":[1],"tags":[],"_links":{"self":[{"href":"https:\/\/justicapotiguar.com.br\/index.php\/wp-json\/wp\/v2\/posts\/26021"}],"collection":[{"href":"https:\/\/justicapotiguar.com.br\/index.php\/wp-json\/wp\/v2\/posts"}],"about":[{"href":"https:\/\/justicapotiguar.com.br\/index.php\/wp-json\/wp\/v2\/types\/post"}],"author":[{"embeddable":true,"href":"https:\/\/justicapotiguar.com.br\/index.php\/wp-json\/wp\/v2\/users\/5"}],"replies":[{"embeddable":true,"href":"https:\/\/justicapotiguar.com.br\/index.php\/wp-json\/wp\/v2\/comments?post=26021"}],"version-history":[{"count":1,"href":"https:\/\/justicapotiguar.com.br\/index.php\/wp-json\/wp\/v2\/posts\/26021\/revisions"}],"predecessor-version":[{"id":26023,"href":"https:\/\/justicapotiguar.com.br\/index.php\/wp-json\/wp\/v2\/posts\/26021\/revisions\/26023"}],"wp:attachment":[{"href":"https:\/\/justicapotiguar.com.br\/index.php\/wp-json\/wp\/v2\/media?parent=26021"}],"wp:term":[{"taxonomy":"category","embeddable":true,"href":"https:\/\/justicapotiguar.com.br\/index.php\/wp-json\/wp\/v2\/categories?post=26021"},{"taxonomy":"post_tag","embeddable":true,"href":"https:\/\/justicapotiguar.com.br\/index.php\/wp-json\/wp\/v2\/tags?post=26021"}],"curies":[{"name":"wp","href":"https:\/\/api.w.org\/{rel}","templated":true}]}}