{"id":2599,"date":"2019-09-26T08:17:28","date_gmt":"2019-09-26T11:17:28","guid":{"rendered":"https:\/\/justicapotiguar.com.br\/?p=2599"},"modified":"2019-09-26T17:24:32","modified_gmt":"2019-09-26T20:24:32","slug":"ex-vereador-de-mossoro-tem-prisao-domiciliar-mantida-ate-julgamento-de-execucao-penal","status":"publish","type":"post","link":"https:\/\/justicapotiguar.com.br\/index.php\/2019\/09\/26\/ex-vereador-de-mossoro-tem-prisao-domiciliar-mantida-ate-julgamento-de-execucao-penal\/","title":{"rendered":"Ex-vereador de Mossor\u00f3 tem pris\u00e3o domiciliar mantida at\u00e9 julgamento de execu\u00e7\u00e3o penal"},"content":{"rendered":"\n<figure class=\"wp-block-image\"><img loading=\"lazy\" width=\"750\" height=\"500\" src=\"https:\/\/justicapotiguar.com.br\/wp-content\/uploads\/2019\/08\/TJRN-6.jpg\" alt=\"\" class=\"wp-image-615\" srcset=\"https:\/\/justicapotiguar.com.br\/wp-content\/uploads\/2019\/08\/TJRN-6.jpg 750w, https:\/\/justicapotiguar.com.br\/wp-content\/uploads\/2019\/08\/TJRN-6-300x200.jpg 300w\" sizes=\"(max-width: 750px) 100vw, 750px\" \/><\/figure>\n\n\n\n<p>Os desembargadores que comp\u00f5em a C\u00e2mara Criminal do Tribunal de Justi\u00e7a do RN acataram, parcialmente, pedido de Habeas Corpus feito pelo ex-vereador da C\u00e2mara de Mossor\u00f3, Jo\u00e3o Newton da Esc\u00f3ssia J\u00fanior, condenado a 5 anos e seis meses de reclus\u00e3o em regime semiaberto, pelo delito de peculato. O \u00f3rg\u00e3o julgador manteve a pris\u00e3o domiciliar que havia sido deferida liminarmente ao ex-parlamentar, at\u00e9 exame da mat\u00e9ria pelo Ju\u00edzo de Execu\u00e7\u00f5es Penais, e determinou a reativa\u00e7\u00e3o da Guia de Recolhimento para que seja deflagrado o procedimento de execu\u00e7\u00e3o da pena.<\/p>\n\n\n\n<p><strong>O caso<\/strong><\/p>\n\n\n\n<p>A defesa de J\u00fanior Esc\u00f3ssia, como \u00e9 conhecido, ingressou com pedido de Habeas Corpus contra decis\u00e3o da Vara de Execu\u00e7\u00f5es Penais de Mossor\u00f3 que, no processo de n\u00ba 0103780-33.2019.8.20.0106, determinou a devolu\u00e7\u00e3o do feito ao Ju\u00edzo da condena\u00e7\u00e3o para fins de cumprimento das formalidades legais (expedi\u00e7\u00e3o de mandado de pris\u00e3o e efetiva\u00e7\u00e3o da pris\u00e3o do condenado), com o objetivo de viabilizar a execu\u00e7\u00e3o da pena.<\/p>\n\n\n\n<p>O pedido de Habeas Corpus argumenta que j\u00e1 houve a expedi\u00e7\u00e3o da guia de execu\u00e7\u00e3o provis\u00f3ria pelo juiz da 3\u00aa Vara Criminal de Mossor\u00f3 e que havia sido imposto previamente o recolhimento domiciliar em decorr\u00eancia do prec\u00e1rio estado de sa\u00fade do apenado e da aus\u00eancia de tornozeleira eletr\u00f4nica. A defesa ressaltou ser impositivo reconhecer o in\u00edcio do cumprimento da pena na forma ali estabelecida.<\/p>\n\n\n\n<p><strong>Voto<\/strong><\/p>\n\n\n\n<p>O relator do Habeas Corpus, desembargador Saraiva Sobrinho, afirmou que \u00e9 indispens\u00e1vel para in\u00edcio do cumprimento da pena a expedi\u00e7\u00e3o da ordem prisional e guia de recolhimento, n\u00e3o havendo \u201cqualquer teratologia no procedimento adotado\u201d pelo ju\u00edzo de execu\u00e7\u00e3o.<\/p><div class=\"lqnuf69f41887f2417\" ><!--<a href=\"https:\/\/bit.ly\/3QdrqTZ\" target=\"_blank\">\n<img src=\"https:\/\/justicapotiguar.com.br\/wp-content\/uploads\/2023\/09\/mobile-geral.gif\"\/><a\/>--><\/div><style type=\"text\/css\">\r\n.lqnuf69f41887f2417 {\r\ntext-align: center;\r\n}\r\n@media screen and (min-width: 1201px) {\r\n.lqnuf69f41887f2417 {\r\ndisplay: none;\r\n}\r\n}\r\n@media screen and (min-width: 993px) and (max-width: 1200px) {\r\n.lqnuf69f41887f2417 {\r\ndisplay: none;\r\n}\r\n}\r\n@media screen and (min-width: 769px) and (max-width: 992px) {\r\n.lqnuf69f41887f2417 {\r\ndisplay: none;\r\n}\r\n}\r\n@media screen and (min-width: 768px) and (max-width: 768px) {\r\n.lqnuf69f41887f2417 {\r\ndisplay: block;\r\n}\r\n}\r\n@media screen and (max-width: 767px) {\r\n.lqnuf69f41887f2417 {\r\ndisplay: block;\r\n}\r\n}\r\n<\/style>\r\n<div class=\"wmplo69f41887f2402\" ><!--<a href=\"https:\/\/bit.ly\/3QdrqTZ\" target=\"_blank\">\n<img src=\"https:\/\/justicapotiguar.com.br\/wp-content\/uploads\/2023\/09\/desktop-geral.gif\"\/><a\/>--><\/div><style type=\"text\/css\">\r\n.wmplo69f41887f2402 {\r\ntext-align: center;\nmargin-bottom: 1em;\r\n}\r\n@media screen and (min-width: 1201px) {\r\n.wmplo69f41887f2402 {\r\ndisplay: block;\r\n}\r\n}\r\n@media screen and (min-width: 993px) and (max-width: 1200px) {\r\n.wmplo69f41887f2402 {\r\ndisplay: block;\r\n}\r\n}\r\n@media screen and (min-width: 769px) and (max-width: 992px) {\r\n.wmplo69f41887f2402 {\r\ndisplay: block;\r\n}\r\n}\r\n@media screen and (min-width: 768px) and (max-width: 768px) {\r\n.wmplo69f41887f2402 {\r\ndisplay: none;\r\n}\r\n}\r\n@media screen and (max-width: 767px) {\r\n.wmplo69f41887f2402 {\r\ndisplay: none;\r\n}\r\n}\r\n<\/style>\r\n\n\n\n\n<p>Por outro lado, o relator observa que no caso existe uma particularidade, qual seja \u201ca concess\u00e3o da pris\u00e3o domiciliar pelo ju\u00edzo da condena\u00e7\u00e3o (3\u00aa Vara Criminal de Mossor\u00f3) em face do estado de sa\u00fade do Paciente\u201d.<\/p>\n\n\n\n<p>Fazendo refer\u00eancia \u00e0s informa\u00e7\u00f5es prestadas pelo Ju\u00edzo da 3\u00aa Vara Criminal de Mossor\u00f3, o relator aponta que foi protocolado pedido de cust\u00f3dia domiciliar em favor de J\u00fanior Esc\u00f3ssia argumentando problemas de sa\u00fade e juntando farto material m\u00e9dico hospitalar para fins de comprova\u00e7\u00e3o.<\/p>\n\n\n\n<p>O Ju\u00edzo da 3\u00aa Vara Criminal de Mossor\u00f3 informou que \u201cdeferiu o pedido, substituindo a pris\u00e3o preventiva (cust\u00f3dia ambulatorial) em pris\u00e3o domiciliar com esteio no art.318, II e art.319, V do CPP, cujo fundamento foi exclusivamente o estado de sa\u00fade do acusado que requer tratamento especializado\u201d. O magistrado de 1\u00ba Grau informou ainda que \u201cfoi emitido mandado de pris\u00e3o domiciliar, tendo o acusado comparecido a este ju\u00edzo tomado ci\u00eancia da decis\u00e3o e efetivado o cumprimento do referido mandado domiciliar\u201d.<\/p>\n\n\n\n<p>Para o desembargador Saraiva Sobrinho, a peculiaridade do estado de sa\u00fade, por si s\u00f3, evidencia a discrep\u00e2ncia do confinamento do r\u00e9u junto ao sistema prisional para deflagrar a consuma\u00e7\u00e3o da pena.<\/p>\n\n\n\n<p>\u201cPor consect\u00e1rio l\u00f3gico, reputo prudente preservar a clausura deferida pelo Ju\u00edzo de Conhecimento at\u00e9 a an\u00e1lise pelo Ju\u00edzo de Execu\u00e7\u00e3o, parametrando a interpreta\u00e7\u00e3o do art. 105 da LEP com arrimo no preceito da dignidade da pessoa humana, como inclusive sinalizou o \u00faltimo ao prestar esclarecimento\u201d, defendeu o relator, sendo acompanhado \u00e0 unanimidade.<\/p>\n","protected":false},"excerpt":{"rendered":"<p>Jo\u00e3o Newton da Esc\u00f3ssia J\u00fanior, condenado a 5 anos e seis meses de reclus\u00e3o em regime semiaberto, pelo delito de peculato<br \/><a class=\"more-link\" href=\"https:\/\/justicapotiguar.com.br\/index.php\/2019\/09\/26\/ex-vereador-de-mossoro-tem-prisao-domiciliar-mantida-ate-julgamento-de-execucao-penal\/\">Mais&#8230;<\/a><\/p>\n","protected":false},"author":5,"featured_media":615,"comment_status":"open","ping_status":"open","sticky":false,"template":"","format":"standard","meta":[],"categories":[3],"tags":[],"_links":{"self":[{"href":"https:\/\/justicapotiguar.com.br\/index.php\/wp-json\/wp\/v2\/posts\/2599"}],"collection":[{"href":"https:\/\/justicapotiguar.com.br\/index.php\/wp-json\/wp\/v2\/posts"}],"about":[{"href":"https:\/\/justicapotiguar.com.br\/index.php\/wp-json\/wp\/v2\/types\/post"}],"author":[{"embeddable":true,"href":"https:\/\/justicapotiguar.com.br\/index.php\/wp-json\/wp\/v2\/users\/5"}],"replies":[{"embeddable":true,"href":"https:\/\/justicapotiguar.com.br\/index.php\/wp-json\/wp\/v2\/comments?post=2599"}],"version-history":[{"count":1,"href":"https:\/\/justicapotiguar.com.br\/index.php\/wp-json\/wp\/v2\/posts\/2599\/revisions"}],"predecessor-version":[{"id":2600,"href":"https:\/\/justicapotiguar.com.br\/index.php\/wp-json\/wp\/v2\/posts\/2599\/revisions\/2600"}],"wp:featuredmedia":[{"embeddable":true,"href":"https:\/\/justicapotiguar.com.br\/index.php\/wp-json\/wp\/v2\/media\/615"}],"wp:attachment":[{"href":"https:\/\/justicapotiguar.com.br\/index.php\/wp-json\/wp\/v2\/media?parent=2599"}],"wp:term":[{"taxonomy":"category","embeddable":true,"href":"https:\/\/justicapotiguar.com.br\/index.php\/wp-json\/wp\/v2\/categories?post=2599"},{"taxonomy":"post_tag","embeddable":true,"href":"https:\/\/justicapotiguar.com.br\/index.php\/wp-json\/wp\/v2\/tags?post=2599"}],"curies":[{"name":"wp","href":"https:\/\/api.w.org\/{rel}","templated":true}]}}