{"id":2596,"date":"2019-09-26T09:04:51","date_gmt":"2019-09-26T12:04:51","guid":{"rendered":"https:\/\/justicapotiguar.com.br\/?p=2596"},"modified":"2019-09-26T08:15:26","modified_gmt":"2019-09-26T11:15:26","slug":"mprn-fara-audiencias-publicas-para-ouvir-a-populacao-de-macau-guamare-e-galinhos","status":"publish","type":"post","link":"https:\/\/justicapotiguar.com.br\/index.php\/2019\/09\/26\/mprn-fara-audiencias-publicas-para-ouvir-a-populacao-de-macau-guamare-e-galinhos\/","title":{"rendered":"MPRN far\u00e1 audi\u00eancias p\u00fablicas para ouvir a popula\u00e7\u00e3o de Macau, Guamar\u00e9 e Galinhos"},"content":{"rendered":"\n<figure class=\"wp-block-image\"><img loading=\"lazy\" width=\"800\" height=\"579\" src=\"https:\/\/justicapotiguar.com.br\/wp-content\/uploads\/2019\/08\/MP-RN-4.jpg\" alt=\"\" class=\"wp-image-348\" srcset=\"https:\/\/justicapotiguar.com.br\/wp-content\/uploads\/2019\/08\/MP-RN-4.jpg 800w, https:\/\/justicapotiguar.com.br\/wp-content\/uploads\/2019\/08\/MP-RN-4-300x217.jpg 300w, https:\/\/justicapotiguar.com.br\/wp-content\/uploads\/2019\/08\/MP-RN-4-768x556.jpg 768w\" sizes=\"(max-width: 800px) 100vw, 800px\" \/><figcaption>Foto: Reprodu\u00e7\u00e3o<\/figcaption><\/figure>\n\n\n\n<p>Identificar demandas sociais para atua\u00e7\u00e3o, ouvir cr\u00edticas e colher sugest\u00f5es para aprimorar o trabalho desenvolvido. Com esse intuito, o Minist\u00e9rio P\u00fablico do Rio Grande do Norte (MPRN), por meio da 2\u00aa Promotoria de Justi\u00e7a da Comarca de Macau, realizar\u00e1 audi\u00eancias p\u00fablicas nos tr\u00eas munic\u00edpios da \u00e1rea de sua abrang\u00eancia.\u00a0As informa\u00e7\u00f5es reunidas durante as audi\u00eancias servir\u00e3o de guia para a elabora\u00e7\u00e3o de um plano de a\u00e7\u00e3o da Promotoria de Justi\u00e7a de Macau para 2020, respeitado o planejamento estrat\u00e9gico institucional e as disposi\u00e7\u00f5es legais acerca da atua\u00e7\u00e3o ministerial.\u00a0Os encontros ser\u00e3o realizados, em Macau, no dia 10 de outubro, das 9h \u00e0s 12h (no audit\u00f3rio do Centro de Cultura Porto de Ama); em Guamar\u00e9, no dia 24 de outubro, das 9h \u00e0s 12h (no audit\u00f3rio da C\u00e2mara Municipal); e em Galinhos, no dia 7 de novembro, das 9h \u00e0s 12h (no audit\u00f3rio da C\u00e2mara Municipal).\u00a0<\/p>\n\n\n\n<p>As audi\u00eancias tamb\u00e9m ser\u00e3o oportunas para que o MPRN preste contas \u00e0 popula\u00e7\u00e3o de cada Munic\u00edpio sobre as atividades que v\u00eam sendo realizadas na Comarca, dentro das atribui\u00e7\u00f5es da 2\u00aa Promotoria de Justi\u00e7a.\u00a0<\/p><div class=\"odpqw69f20017af2e1\" ><!--<a href=\"https:\/\/bit.ly\/3QdrqTZ\" target=\"_blank\">\n<img src=\"https:\/\/justicapotiguar.com.br\/wp-content\/uploads\/2023\/09\/mobile-geral.gif\"\/><a\/>--><\/div><style type=\"text\/css\">\r\n.odpqw69f20017af2e1 {\r\ntext-align: center;\r\n}\r\n@media screen and (min-width: 1201px) {\r\n.odpqw69f20017af2e1 {\r\ndisplay: none;\r\n}\r\n}\r\n@media screen and (min-width: 993px) and (max-width: 1200px) {\r\n.odpqw69f20017af2e1 {\r\ndisplay: none;\r\n}\r\n}\r\n@media screen and (min-width: 769px) and (max-width: 992px) {\r\n.odpqw69f20017af2e1 {\r\ndisplay: none;\r\n}\r\n}\r\n@media screen and (min-width: 768px) and (max-width: 768px) {\r\n.odpqw69f20017af2e1 {\r\ndisplay: block;\r\n}\r\n}\r\n@media screen and (max-width: 767px) {\r\n.odpqw69f20017af2e1 {\r\ndisplay: block;\r\n}\r\n}\r\n<\/style>\r\n<div class=\"glckf69f20017af2cd\" ><!--<a href=\"https:\/\/bit.ly\/3QdrqTZ\" target=\"_blank\">\n<img src=\"https:\/\/justicapotiguar.com.br\/wp-content\/uploads\/2023\/09\/desktop-geral.gif\"\/><a\/>--><\/div><style type=\"text\/css\">\r\n.glckf69f20017af2cd {\r\ntext-align: center;\nmargin-bottom: 1em;\r\n}\r\n@media screen and (min-width: 1201px) {\r\n.glckf69f20017af2cd {\r\ndisplay: block;\r\n}\r\n}\r\n@media screen and (min-width: 993px) and (max-width: 1200px) {\r\n.glckf69f20017af2cd {\r\ndisplay: block;\r\n}\r\n}\r\n@media screen and (min-width: 769px) and (max-width: 992px) {\r\n.glckf69f20017af2cd {\r\ndisplay: block;\r\n}\r\n}\r\n@media screen and (min-width: 768px) and (max-width: 768px) {\r\n.glckf69f20017af2cd {\r\ndisplay: none;\r\n}\r\n}\r\n@media screen and (max-width: 767px) {\r\n.glckf69f20017af2cd {\r\ndisplay: none;\r\n}\r\n}\r\n<\/style>\r\n\n\n\n\n<p>Ressalta-se que os assuntos a serem discutidos nas audi\u00eancias p\u00fablicas devem ter rela\u00e7\u00e3o com as\u00a0 mat\u00e9rias de atribui\u00e7\u00e3o da mencionada unidade ministerial: atua\u00e7\u00e3o perante a 2\u00aa Vara de Justi\u00e7a (excluindo-se a\u00e7\u00f5es propostas pela 1\u00aa Promotoria de Justi\u00e7a); por distribui\u00e7\u00e3o, no combate \u00e0 sonega\u00e7\u00e3o fiscal estadual na fase posterior ao recebimento da den\u00fancia; judicial e extrajudicial, c\u00edvel e criminal, para a prote\u00e7\u00e3o do patrim\u00f4nio p\u00fablico e controle dos atos da Administra\u00e7\u00e3o P\u00fablica, por distribui\u00e7\u00e3o; defesa do meio ambiente, da ordem urban\u00edstica, dos bens e direitos de valor art\u00edstico, est\u00e9tico, cultural, hist\u00f3rico, tur\u00edstico e paisag\u00edstico; da cidadania, dos ind\u00edgenas e das minorias; da sa\u00fade; da educa\u00e7\u00e3o; da seguran\u00e7a p\u00fablica e controle externo da atividade policial.\u00a0As audi\u00eancias p\u00fablicas ser\u00e3o abertas a toda a sociedade, respeitada a capacidade de cada audit\u00f3rio (110 lugares em Macau, 80 lugares em Guamar\u00e9 e 50 lugares em Galinhos). <\/p>\n\n\n\n<p>Assim, o MPRN convida os cidad\u00e3os e entidades dos tr\u00eas munic\u00edpios, sejam autoridades, sejam representantes de associa\u00e7\u00f5es ou de organiza\u00e7\u00f5es n\u00e3o governamentais, comerciantes e empresas, profissionais da sa\u00fade, da educa\u00e7\u00e3o e da seguran\u00e7a p\u00fablica, \u00f3rg\u00e3os ambientais e a popula\u00e7\u00e3o em geral para participar dos encontros.\u00a0No edital de convoca\u00e7\u00e3o para as audi\u00eancias, em publica\u00e7\u00e3o no Di\u00e1rio Oficial do Estado (DOE), h\u00e1 o detalhamento de como ocorrer\u00e3o os encontros.<\/p>\n","protected":false},"excerpt":{"rendered":"<p>As informa\u00e7\u00f5es reunidas durante as audi\u00eancias servir\u00e3o de guia para a elabora\u00e7\u00e3o de um plano de a\u00e7\u00e3o da Promotoria de Justi\u00e7a de Macau para 2020,<br \/><a class=\"more-link\" href=\"https:\/\/justicapotiguar.com.br\/index.php\/2019\/09\/26\/mprn-fara-audiencias-publicas-para-ouvir-a-populacao-de-macau-guamare-e-galinhos\/\">Mais&#8230;<\/a><\/p>\n","protected":false},"author":5,"featured_media":434,"comment_status":"open","ping_status":"open","sticky":false,"template":"","format":"standard","meta":[],"categories":[3],"tags":[],"_links":{"self":[{"href":"https:\/\/justicapotiguar.com.br\/index.php\/wp-json\/wp\/v2\/posts\/2596"}],"collection":[{"href":"https:\/\/justicapotiguar.com.br\/index.php\/wp-json\/wp\/v2\/posts"}],"about":[{"href":"https:\/\/justicapotiguar.com.br\/index.php\/wp-json\/wp\/v2\/types\/post"}],"author":[{"embeddable":true,"href":"https:\/\/justicapotiguar.com.br\/index.php\/wp-json\/wp\/v2\/users\/5"}],"replies":[{"embeddable":true,"href":"https:\/\/justicapotiguar.com.br\/index.php\/wp-json\/wp\/v2\/comments?post=2596"}],"version-history":[{"count":1,"href":"https:\/\/justicapotiguar.com.br\/index.php\/wp-json\/wp\/v2\/posts\/2596\/revisions"}],"predecessor-version":[{"id":2597,"href":"https:\/\/justicapotiguar.com.br\/index.php\/wp-json\/wp\/v2\/posts\/2596\/revisions\/2597"}],"wp:featuredmedia":[{"embeddable":true,"href":"https:\/\/justicapotiguar.com.br\/index.php\/wp-json\/wp\/v2\/media\/434"}],"wp:attachment":[{"href":"https:\/\/justicapotiguar.com.br\/index.php\/wp-json\/wp\/v2\/media?parent=2596"}],"wp:term":[{"taxonomy":"category","embeddable":true,"href":"https:\/\/justicapotiguar.com.br\/index.php\/wp-json\/wp\/v2\/categories?post=2596"},{"taxonomy":"post_tag","embeddable":true,"href":"https:\/\/justicapotiguar.com.br\/index.php\/wp-json\/wp\/v2\/tags?post=2596"}],"curies":[{"name":"wp","href":"https:\/\/api.w.org\/{rel}","templated":true}]}}