{"id":2593,"date":"2019-09-26T07:36:53","date_gmt":"2019-09-26T10:36:53","guid":{"rendered":"https:\/\/justicapotiguar.com.br\/?p=2593"},"modified":"2019-09-26T07:36:53","modified_gmt":"2019-09-26T10:36:53","slug":"amarn-emite-nota-de-repudio-pela-derrubada-de-vetos-na-lei-do-abuso-de-autoridade","status":"publish","type":"post","link":"https:\/\/justicapotiguar.com.br\/index.php\/2019\/09\/26\/amarn-emite-nota-de-repudio-pela-derrubada-de-vetos-na-lei-do-abuso-de-autoridade\/","title":{"rendered":"Amarn emite nota de rep\u00fadio pela derrubada de vetos na Lei do Abuso de Autoridade"},"content":{"rendered":"\n<figure class=\"wp-block-image\"><img loading=\"lazy\" width=\"768\" height=\"576\" src=\"https:\/\/justicapotiguar.com.br\/wp-content\/uploads\/2019\/09\/Deusa-Themis-768x576.png\" alt=\"\" class=\"wp-image-2594\" srcset=\"https:\/\/justicapotiguar.com.br\/wp-content\/uploads\/2019\/09\/Deusa-Themis-768x576.png 768w, https:\/\/justicapotiguar.com.br\/wp-content\/uploads\/2019\/09\/Deusa-Themis-768x576-300x225.png 300w\" sizes=\"(max-width: 768px) 100vw, 768px\" \/><figcaption>Foto: Reprodu\u00e7\u00e3o<\/figcaption><\/figure>\n\n\n\n<p>A Associa\u00e7\u00e3o dos Magistrados do Rio Grande do Norte (Amarn) enviou nota de rep\u00fadio \u00e0 derrubada de vetos da Lei do Abuso de Autoridade em sess\u00e3o do Congresso Nacional.<\/p>\n\n\n\n<p>&#8220;A P\u00e1tria assistiu a uma sess\u00e3o do Congresso Nacional nitidamente marcada pelo objetivo de tornar concreto o sentimento de desforra que esteve presente desde a primeira linha&#8221;, diz o presidente da Amarn, Herval Sampaio.<\/p>\n\n\n\n<p><strong>Confira nota na \u00edntegra <\/strong><\/p><div class=\"nozps69f43e5d9fcfe\" ><!--<a href=\"https:\/\/bit.ly\/3QdrqTZ\" target=\"_blank\">\n<img src=\"https:\/\/justicapotiguar.com.br\/wp-content\/uploads\/2023\/09\/mobile-geral.gif\"\/><a\/>--><\/div><style type=\"text\/css\">\r\n.nozps69f43e5d9fcfe {\r\ntext-align: center;\r\n}\r\n@media screen and (min-width: 1201px) {\r\n.nozps69f43e5d9fcfe {\r\ndisplay: none;\r\n}\r\n}\r\n@media screen and (min-width: 993px) and (max-width: 1200px) {\r\n.nozps69f43e5d9fcfe {\r\ndisplay: none;\r\n}\r\n}\r\n@media screen and (min-width: 769px) and (max-width: 992px) {\r\n.nozps69f43e5d9fcfe {\r\ndisplay: none;\r\n}\r\n}\r\n@media screen and (min-width: 768px) and (max-width: 768px) {\r\n.nozps69f43e5d9fcfe {\r\ndisplay: block;\r\n}\r\n}\r\n@media screen and (max-width: 767px) {\r\n.nozps69f43e5d9fcfe {\r\ndisplay: block;\r\n}\r\n}\r\n<\/style>\r\n<div class=\"lkemi69f43e5d9fcea\" ><!--<a href=\"https:\/\/bit.ly\/3QdrqTZ\" target=\"_blank\">\n<img src=\"https:\/\/justicapotiguar.com.br\/wp-content\/uploads\/2023\/09\/desktop-geral.gif\"\/><a\/>--><\/div><style type=\"text\/css\">\r\n.lkemi69f43e5d9fcea {\r\ntext-align: center;\nmargin-bottom: 1em;\r\n}\r\n@media screen and (min-width: 1201px) {\r\n.lkemi69f43e5d9fcea {\r\ndisplay: block;\r\n}\r\n}\r\n@media screen and (min-width: 993px) and (max-width: 1200px) {\r\n.lkemi69f43e5d9fcea {\r\ndisplay: block;\r\n}\r\n}\r\n@media screen and (min-width: 769px) and (max-width: 992px) {\r\n.lkemi69f43e5d9fcea {\r\ndisplay: block;\r\n}\r\n}\r\n@media screen and (min-width: 768px) and (max-width: 768px) {\r\n.lkemi69f43e5d9fcea {\r\ndisplay: none;\r\n}\r\n}\r\n@media screen and (max-width: 767px) {\r\n.lkemi69f43e5d9fcea {\r\ndisplay: none;\r\n}\r\n}\r\n<\/style>\r\n\n\n\n\n<p>A AMARN \u2013 Associa\u00e7\u00e3o dos Magistrados do Rio Grande do Norte lamenta profundamente a aprova\u00e7\u00e3o da Lei n\u00ba 13.869\/2019 no Congresso Nacional, fato que se deu no dia 14 de agosto do ano em curso. Em virtude de ser n\u00edtido que o texto normativo apresentava, desde a sua origem, diversos v\u00edcios jur\u00eddicos e padecia de inconstitucionalidade patente, a AMARN, junto com outras Associa\u00e7\u00f5es de Magistrados do Pa\u00eds e com a pr\u00f3pria AMB \u2013 Associa\u00e7\u00e3o dos Magistrados do Brasil, n\u00e3o poupou esfor\u00e7os para alertar o Parlamento sobre os riscos que uma lei com tanto desamor \u00e0 arte da boa reda\u00e7\u00e3o legislativa causaria \u00e0 sociedade brasileira.<br><br>Entretanto, ap\u00f3s aprova\u00e7\u00e3o do texto, verificou-se que os trinta e seis vetos enviados pela Presid\u00eancia da Rep\u00fablica, na mensagem n\u00ba 406, de 5 de setembro de 2019, diminuiriam os efeitos mal\u00e9ficos trazidos pela lei no que se refere ao enfraquecimento dos \u00f3rg\u00e3os e institui\u00e7\u00f5es envolvidos, principalmente, no combate \u00e0 corrup\u00e7\u00e3o e ao crime organizado que assolam nosso Brasil.<br><br>Ocorre que, na data de ontem, 24\/09\/2019, praticamente derrubando todos os vetos do Presidente da Rep\u00fablica, a P\u00e1tria assistiu a uma sess\u00e3o do Congresso Nacional nitidamente marcada pelo objetivo de tornar concreto o sentimento de desforra que esteve presente desde a primeira linha redigida no trabalho de confec\u00e7\u00e3o da Lei n\u00ba 13.869\/2019. Referida vindita mirou na magistratura e acertou os anseios da sociedade brasileira que experimentou, depois de longos anos de desalento, o gosto dos primeiros passos da grande jornada que \u00e9 o fim da impunidade, enxergando pol\u00edticos e autoridades de todos os escal\u00f5es e todos os Poderes da Rep\u00fablica, antes intoc\u00e1veis, respondendo por seus atos que tanto atrasavam \u2013 e continuam a atrasar \u2013 o desenvolvimento deste Pa\u00eds.<br><br>O Brasil viveu ontem uma lament\u00e1vel p\u00e1gina da hist\u00f3ria de seu Parlamento. O que se viu no Plen\u00e1rio da Casa, que tem como Patrono o Jurista Rui Barbosa, foi um Congresso nacional vingativo, enraivecido, que sem observar normas b\u00e1sicas relacionadas ao devido processo legislativo, aprovou, em sess\u00e3o atropelada, sem o aprofundamento necess\u00e1rio que uma discuss\u00e3o com esse tema e essa natureza requer, um conjunto de normas criminais que, se em todo lugar do mundo serve para proteger os cidad\u00e3os dos desmandos autorit\u00e1rios de agentes p\u00fablicos que se desviam de sua miss\u00e3o de bem servir \u00e0 sociedade e terminam por violar direitos de pessoas inocentes, no Brasil permitir\u00e1 que perigosos corruptos e criminosos delinquentes possam achacar ju\u00edzes, promotores, policiais e demais agentes que possuem como miss\u00e3o, n\u00e3o pessoal, mas inerente aos cargos que ocupam, o dever de fazer cumprir as leis e defender, dentre outros valores da sociedade, as leis que cuidam da prote\u00e7\u00e3o ao er\u00e1rio nacional t\u00e3o aviltado nas \u00faltimas d\u00e9cadas.<br><br>Por fim, a AMARN, ao mesmo tempo em que repudia com veem\u00eancia todos esses ataques contra as institui\u00e7\u00f5es, sobretudo ao Poder Judici\u00e1rio, assegura \u00e0 sociedade potiguar e brasileira que n\u00e3o descansar\u00e1 e nem deixar\u00e1 esfriar o sentimento de luta que, at\u00e9 o fim, ser\u00e1 alimentado para que restem demonstradas\u00a0 as ilegalidades e inconstitucionalidades contidas na lei ontem aprovada e possa, ao final, extirp\u00e1-la do mundo jur\u00eddico atrav\u00e9s dos rem\u00e9dios legais dispon\u00edveis em nosso Ordenamento Jur\u00eddico.<\/p>\n\n\n\n<p>Herval Sampaio \u2013 Presidente da Amarn<br><\/p>\n","protected":false},"excerpt":{"rendered":"<p>A Associa\u00e7\u00e3o dos Magistrados do Rio Grande do Norte (Amarn) enviou nota de rep\u00fadio \u00e0 derrubada de vetos da Lei do Abuso de Autoridade em sess\u00e3o do Congresso Nacional.<br \/><a class=\"more-link\" href=\"https:\/\/justicapotiguar.com.br\/index.php\/2019\/09\/26\/amarn-emite-nota-de-repudio-pela-derrubada-de-vetos-na-lei-do-abuso-de-autoridade\/\">Mais&#8230;<\/a><\/p>\n","protected":false},"author":5,"featured_media":2594,"comment_status":"open","ping_status":"open","sticky":false,"template":"","format":"standard","meta":[],"categories":[3],"tags":[677,675,676],"_links":{"self":[{"href":"https:\/\/justicapotiguar.com.br\/index.php\/wp-json\/wp\/v2\/posts\/2593"}],"collection":[{"href":"https:\/\/justicapotiguar.com.br\/index.php\/wp-json\/wp\/v2\/posts"}],"about":[{"href":"https:\/\/justicapotiguar.com.br\/index.php\/wp-json\/wp\/v2\/types\/post"}],"author":[{"embeddable":true,"href":"https:\/\/justicapotiguar.com.br\/index.php\/wp-json\/wp\/v2\/users\/5"}],"replies":[{"embeddable":true,"href":"https:\/\/justicapotiguar.com.br\/index.php\/wp-json\/wp\/v2\/comments?post=2593"}],"version-history":[{"count":1,"href":"https:\/\/justicapotiguar.com.br\/index.php\/wp-json\/wp\/v2\/posts\/2593\/revisions"}],"predecessor-version":[{"id":2595,"href":"https:\/\/justicapotiguar.com.br\/index.php\/wp-json\/wp\/v2\/posts\/2593\/revisions\/2595"}],"wp:featuredmedia":[{"embeddable":true,"href":"https:\/\/justicapotiguar.com.br\/index.php\/wp-json\/wp\/v2\/media\/2594"}],"wp:attachment":[{"href":"https:\/\/justicapotiguar.com.br\/index.php\/wp-json\/wp\/v2\/media?parent=2593"}],"wp:term":[{"taxonomy":"category","embeddable":true,"href":"https:\/\/justicapotiguar.com.br\/index.php\/wp-json\/wp\/v2\/categories?post=2593"},{"taxonomy":"post_tag","embeddable":true,"href":"https:\/\/justicapotiguar.com.br\/index.php\/wp-json\/wp\/v2\/tags?post=2593"}],"curies":[{"name":"wp","href":"https:\/\/api.w.org\/{rel}","templated":true}]}}