{"id":25928,"date":"2022-05-06T09:09:00","date_gmt":"2022-05-06T12:09:00","guid":{"rendered":"https:\/\/justicapotiguar.com.br\/?p=25928"},"modified":"2022-05-06T08:00:13","modified_gmt":"2022-05-06T11:00:13","slug":"acusado-de-armazenar-conteudo-pornografico-envolvendo-adolescentes-tem-condenacao-mantida","status":"publish","type":"post","link":"https:\/\/justicapotiguar.com.br\/index.php\/2022\/05\/06\/acusado-de-armazenar-conteudo-pornografico-envolvendo-adolescentes-tem-condenacao-mantida\/","title":{"rendered":"Acusado de armazenar conte\u00fado pornogr\u00e1fico envolvendo adolescentes tem condena\u00e7\u00e3o mantida"},"content":{"rendered":"\n<figure class=\"wp-block-image size-large\"><img loading=\"lazy\" width=\"640\" height=\"413\" src=\"https:\/\/justicapotiguar.com.br\/wp-content\/uploads\/2019\/08\/Martelo-da-justi\u00e7a.jpg\" alt=\"\" class=\"wp-image-77\" srcset=\"https:\/\/justicapotiguar.com.br\/wp-content\/uploads\/2019\/08\/Martelo-da-justi\u00e7a.jpg 640w, https:\/\/justicapotiguar.com.br\/wp-content\/uploads\/2019\/08\/Martelo-da-justi\u00e7a-300x194.jpg 300w\" sizes=\"(max-width: 640px) 100vw, 640px\" \/><figcaption>Reprodu\u00e7\u00e3o<\/figcaption><\/figure>\n\n\n\n<p>O Pleno do Tribunal de Justi\u00e7a do RN manteve a senten\u00e7a aplicada a um homem, em primeiro grau, que o condenou \u00e0 pena de mais de sete anos de reclus\u00e3o, sob a acusa\u00e7\u00e3o da pr\u00e1tica dos crimes previstos nos artigos 240 e 241 do Estatuto da Crian\u00e7a e do Adolescente (ECA), os quais consistem em filmar ou registrar, por qualquer meio, cena de sexo expl\u00edcito ou pornogr\u00e1fica, envolvendo crian\u00e7a ou adolescente ou simular tal fato.<\/p>\n\n\n\n<p><br>No recurso, o denunciado alega que \u00e9 professor, artista pl\u00e1stico e oficial da reserva da Pol\u00edcia Militar e que foi v\u00edtima, nas pr\u00f3prias palavras, de uma \u201ctrama maquiav\u00e9lica\u201d da ex-esposa, sobre as fotos da enteada armazenadas no computador pessoal.<\/p>\n\n\n\n<p><br>Segundo a defesa do r\u00e9u, n\u00e3o h\u00e1 nenhuma prova que incrimine o requerente, no que diz respeito \u00e0 divulga\u00e7\u00e3o das fotos ou \u00e0 utiliza\u00e7\u00e3o das imagens com objetivo \u201clibidinoso ou sexual\u201d, o que, somente assim, basearia a configura\u00e7\u00e3o dos tipos penais pelos quais foi responsabilizado.<\/p><div class=\"kebme69efc78db3d80\" ><!--<a href=\"https:\/\/bit.ly\/3QdrqTZ\" target=\"_blank\">\n<img src=\"https:\/\/justicapotiguar.com.br\/wp-content\/uploads\/2023\/09\/mobile-geral.gif\"\/><a\/>--><\/div><style type=\"text\/css\">\r\n.kebme69efc78db3d80 {\r\ntext-align: center;\r\n}\r\n@media screen and (min-width: 1201px) {\r\n.kebme69efc78db3d80 {\r\ndisplay: none;\r\n}\r\n}\r\n@media screen and (min-width: 993px) and (max-width: 1200px) {\r\n.kebme69efc78db3d80 {\r\ndisplay: none;\r\n}\r\n}\r\n@media screen and (min-width: 769px) and (max-width: 992px) {\r\n.kebme69efc78db3d80 {\r\ndisplay: none;\r\n}\r\n}\r\n@media screen and (min-width: 768px) and (max-width: 768px) {\r\n.kebme69efc78db3d80 {\r\ndisplay: block;\r\n}\r\n}\r\n@media screen and (max-width: 767px) {\r\n.kebme69efc78db3d80 {\r\ndisplay: block;\r\n}\r\n}\r\n<\/style>\r\n<div class=\"oydvt69efc78db3d64\" ><!--<a href=\"https:\/\/bit.ly\/3QdrqTZ\" target=\"_blank\">\n<img src=\"https:\/\/justicapotiguar.com.br\/wp-content\/uploads\/2023\/09\/desktop-geral.gif\"\/><a\/>--><\/div><style type=\"text\/css\">\r\n.oydvt69efc78db3d64 {\r\ntext-align: center;\nmargin-bottom: 1em;\r\n}\r\n@media screen and (min-width: 1201px) {\r\n.oydvt69efc78db3d64 {\r\ndisplay: block;\r\n}\r\n}\r\n@media screen and (min-width: 993px) and (max-width: 1200px) {\r\n.oydvt69efc78db3d64 {\r\ndisplay: block;\r\n}\r\n}\r\n@media screen and (min-width: 769px) and (max-width: 992px) {\r\n.oydvt69efc78db3d64 {\r\ndisplay: block;\r\n}\r\n}\r\n@media screen and (min-width: 768px) and (max-width: 768px) {\r\n.oydvt69efc78db3d64 {\r\ndisplay: none;\r\n}\r\n}\r\n@media screen and (max-width: 767px) {\r\n.oydvt69efc78db3d64 {\r\ndisplay: none;\r\n}\r\n}\r\n<\/style>\r\n\n\n\n\n<p><br>Contudo, segundo a decis\u00e3o do TJRN, n\u00e3o h\u00e1 como reconhecer que a senten\u00e7a condenat\u00f3ria seja contr\u00e1ria \u00e0 evid\u00eancia dos autos, pois o julgador apreciou livremente as provas produzidas no decorrer da instru\u00e7\u00e3o, convencendo-se da configura\u00e7\u00e3o dos delitos.<\/p>\n\n\n\n<p><br>Os fatos, conforme os autos, teriam ocorrido entre os anos de 2015 e 2016, na resid\u00eancia do acusado, localizada na zona sul de Natal, onde o denunciado armazenou fotografia pornogr\u00e1fica de crian\u00e7as e adolescentes em aparelho eletr\u00f4nico, bem como fotografou a v\u00edtima, com ent\u00e3o 17 anos, despida enquanto tomava banho, armazenando tais fotografias em seu notebook.<\/p>\n\n\n\n<p><br>\u201cSobre a tese de ofensa \u00e0 evid\u00eancia dos autos, tenho que n\u00e3o merece prosperar, pois a materialidade e autoria dos delitos narrados na den\u00fancia foram suficientemente demonstradas, especialmente pela palavra da v\u00edtima e do irm\u00e3o, bem como pelo conte\u00fado da prova pericial, que comprovou, com robustez, o armazenamento digital de diversas imagens pornogr\u00e1ficas envolvendo crian\u00e7as e adolescentes, inclusive imagens extra\u00eddas de c\u00e2meras instaladas em alguns pontos do banheiro da resid\u00eancia do requerente\u201d, destaca a relatoria do voto.<\/p>\n","protected":false},"excerpt":{"rendered":"<p>O Pleno do Tribunal de Justi\u00e7a do RN manteve a senten\u00e7a aplicada a um homem, em primeiro grau, que o condenou \u00e0 pena de mais de sete anos de reclus\u00e3o, sob a acusa\u00e7\u00e3o da pr\u00e1tica dos crimes previstos nos artigos 240 e 241 do Estatuto da Crian\u00e7a e do Adolescente (ECA), os quais consistem em<br \/><a class=\"more-link\" href=\"https:\/\/justicapotiguar.com.br\/index.php\/2022\/05\/06\/acusado-de-armazenar-conteudo-pornografico-envolvendo-adolescentes-tem-condenacao-mantida\/\">Mais&#8230;<\/a><\/p>\n","protected":false},"author":5,"featured_media":0,"comment_status":"open","ping_status":"open","sticky":false,"template":"","format":"standard","meta":[],"categories":[1],"tags":[],"_links":{"self":[{"href":"https:\/\/justicapotiguar.com.br\/index.php\/wp-json\/wp\/v2\/posts\/25928"}],"collection":[{"href":"https:\/\/justicapotiguar.com.br\/index.php\/wp-json\/wp\/v2\/posts"}],"about":[{"href":"https:\/\/justicapotiguar.com.br\/index.php\/wp-json\/wp\/v2\/types\/post"}],"author":[{"embeddable":true,"href":"https:\/\/justicapotiguar.com.br\/index.php\/wp-json\/wp\/v2\/users\/5"}],"replies":[{"embeddable":true,"href":"https:\/\/justicapotiguar.com.br\/index.php\/wp-json\/wp\/v2\/comments?post=25928"}],"version-history":[{"count":1,"href":"https:\/\/justicapotiguar.com.br\/index.php\/wp-json\/wp\/v2\/posts\/25928\/revisions"}],"predecessor-version":[{"id":25929,"href":"https:\/\/justicapotiguar.com.br\/index.php\/wp-json\/wp\/v2\/posts\/25928\/revisions\/25929"}],"wp:attachment":[{"href":"https:\/\/justicapotiguar.com.br\/index.php\/wp-json\/wp\/v2\/media?parent=25928"}],"wp:term":[{"taxonomy":"category","embeddable":true,"href":"https:\/\/justicapotiguar.com.br\/index.php\/wp-json\/wp\/v2\/categories?post=25928"},{"taxonomy":"post_tag","embeddable":true,"href":"https:\/\/justicapotiguar.com.br\/index.php\/wp-json\/wp\/v2\/tags?post=25928"}],"curies":[{"name":"wp","href":"https:\/\/api.w.org\/{rel}","templated":true}]}}