{"id":25910,"date":"2022-05-05T09:22:00","date_gmt":"2022-05-05T12:22:00","guid":{"rendered":"https:\/\/justicapotiguar.com.br\/?p=25910"},"modified":"2022-05-05T09:07:45","modified_gmt":"2022-05-05T12:07:45","slug":"mp-eleitoral-obtem-liminar-contra-propaganda-antecipada-de-ubaldo-fernandes","status":"publish","type":"post","link":"https:\/\/justicapotiguar.com.br\/index.php\/2022\/05\/05\/mp-eleitoral-obtem-liminar-contra-propaganda-antecipada-de-ubaldo-fernandes\/","title":{"rendered":"MP Eleitoral obt\u00e9m liminar contra propaganda antecipada de Ubaldo Fernandes"},"content":{"rendered":"\n<figure class=\"wp-block-image size-large\"><img loading=\"lazy\" width=\"678\" height=\"452\" src=\"https:\/\/justicapotiguar.com.br\/wp-content\/uploads\/2022\/05\/images-56.jpeg\" alt=\"\" class=\"wp-image-25911\" srcset=\"https:\/\/justicapotiguar.com.br\/wp-content\/uploads\/2022\/05\/images-56.jpeg 678w, https:\/\/justicapotiguar.com.br\/wp-content\/uploads\/2022\/05\/images-56-300x200.jpeg 300w\" sizes=\"(max-width: 678px) 100vw, 678px\" \/><figcaption>Reprodu\u00e7\u00e3o<\/figcaption><\/figure>\n\n\n\n<p>O Minist\u00e9rio P\u00fablico Eleitoral obteve, no Tribunal Regional Eleitoral (TRE\/RN), uma liminar contra o deputado estadual Ubaldo Fernandes da Silva, por propaganda antecipada. Os outdoors com sua imagem, espalhados em diversas avenidas da capital potiguar, dever\u00e3o ser retirados. Ao final do processo, ele ainda poder\u00e1 ter de pagar uma multa de pelo menos R$ 5 mil.<\/p>\n\n\n\n<p>A representa\u00e7\u00e3o do MP, de autoria do procurador regional Eleitoral Rodrigo Telles, apontou que a propaganda \u201cexcedeu os limites permitidos no per\u00edodo da pr\u00e9-campanha eleitoral, sob o pretexto de prestar contas de seu mandato, pois, como se depreende da leitura das frases neles expostas, o seu conte\u00fado possui evidente cunho eleitoral, especialmente em raz\u00e3o de frase com n\u00edtido cunho de promo\u00e7\u00e3o pol\u00edtico-pessoal perante o eleitor (\u2018O Deputado Estadual que mais trabalha pelo RN\u2019), o que \u00e9 vedado pela legisla\u00e7\u00e3o eleitoral, com amparo na jurisprud\u00eancia do Tribunal Superior Eleitoral\u201d.<\/p>\n\n\n\n<p>Embora a minirreforma eleitoral (Lei 13.165\/2015) tenha flexibilizado parcialmente o conceito de propaganda antecipada (permitindo, por exemplo, a promo\u00e7\u00e3o de ideias, posicionamentos, projetos e plataformas pol\u00edticas por parte de pr\u00e9-candidatos), ainda assim os atos de pr\u00e9-campanha possuem limites, como a proibi\u00e7\u00e3o de pedido expl\u00edcito de voto e a utiliza\u00e7\u00e3o de meios que sejam proibidos inclusive no per\u00edodo oficial de campanha, como \u00e9 o caso dos outdoors.<\/p><div class=\"ckbvw69f35b3a5387a\" ><!--<a href=\"https:\/\/bit.ly\/3QdrqTZ\" target=\"_blank\">\n<img src=\"https:\/\/justicapotiguar.com.br\/wp-content\/uploads\/2023\/09\/mobile-geral.gif\"\/><a\/>--><\/div><style type=\"text\/css\">\r\n.ckbvw69f35b3a5387a {\r\ntext-align: center;\r\n}\r\n@media screen and (min-width: 1201px) {\r\n.ckbvw69f35b3a5387a {\r\ndisplay: none;\r\n}\r\n}\r\n@media screen and (min-width: 993px) and (max-width: 1200px) {\r\n.ckbvw69f35b3a5387a {\r\ndisplay: none;\r\n}\r\n}\r\n@media screen and (min-width: 769px) and (max-width: 992px) {\r\n.ckbvw69f35b3a5387a {\r\ndisplay: none;\r\n}\r\n}\r\n@media screen and (min-width: 768px) and (max-width: 768px) {\r\n.ckbvw69f35b3a5387a {\r\ndisplay: block;\r\n}\r\n}\r\n@media screen and (max-width: 767px) {\r\n.ckbvw69f35b3a5387a {\r\ndisplay: block;\r\n}\r\n}\r\n<\/style>\r\n<div class=\"atwyf69f35b3a53862\" ><!--<a href=\"https:\/\/bit.ly\/3QdrqTZ\" target=\"_blank\">\n<img src=\"https:\/\/justicapotiguar.com.br\/wp-content\/uploads\/2023\/09\/desktop-geral.gif\"\/><a\/>--><\/div><style type=\"text\/css\">\r\n.atwyf69f35b3a53862 {\r\ntext-align: center;\nmargin-bottom: 1em;\r\n}\r\n@media screen and (min-width: 1201px) {\r\n.atwyf69f35b3a53862 {\r\ndisplay: block;\r\n}\r\n}\r\n@media screen and (min-width: 993px) and (max-width: 1200px) {\r\n.atwyf69f35b3a53862 {\r\ndisplay: block;\r\n}\r\n}\r\n@media screen and (min-width: 769px) and (max-width: 992px) {\r\n.atwyf69f35b3a53862 {\r\ndisplay: block;\r\n}\r\n}\r\n@media screen and (min-width: 768px) and (max-width: 768px) {\r\n.atwyf69f35b3a53862 {\r\ndisplay: none;\r\n}\r\n}\r\n@media screen and (max-width: 767px) {\r\n.atwyf69f35b3a53862 {\r\ndisplay: none;\r\n}\r\n}\r\n<\/style>\r\n\n\n\n\n<p>A relatora do caso, ju\u00edza Adriana Cavalcanti, acatou o pedido de liminar destacando o fato de as pe\u00e7as de publicidade terem, inclusive, sido instaladas com pr\u00e9vio conhecimento do deputado, conforme comprova o contrato firmado entre a empresa de comunica\u00e7\u00e3o e o pr\u00f3prio Ubaldo Fernandes, que previa a instala\u00e7\u00e3o de dez outdoors em avenidas de grande circula\u00e7\u00e3o de Natal.<\/p>\n\n\n\n<p>\u201cNesta situa\u00e7\u00e3o concreta, \u00e9 inequ\u00edvoco o car\u00e1ter eleitoral da publicidade realizada pelo recorrido na pr\u00e9-campanha, circunst\u00e2ncia que associada \u00e0 utiliza\u00e7\u00e3o de meio proscrito pela legisla\u00e7\u00e3o (outdoor), faz incidir a penalidade\u201d, conclui a magistrada. O processo tramita na Justi\u00e7a Eleitoral sob o n\u00famero 0600142-22.2022.6.20.0000.<\/p>\n","protected":false},"excerpt":{"rendered":"<p>O Minist\u00e9rio P\u00fablico Eleitoral obteve, no Tribunal Regional Eleitoral (TRE\/RN), uma liminar contra o deputado estadual Ubaldo Fernandes da Silva, por propaganda antecipada. Os outdoors com sua imagem, espalhados em diversas avenidas da capital potiguar, dever\u00e3o ser retirados. Ao final do processo, ele ainda poder\u00e1 ter de pagar uma multa de pelo menos R$ 5<br \/><a class=\"more-link\" href=\"https:\/\/justicapotiguar.com.br\/index.php\/2022\/05\/05\/mp-eleitoral-obtem-liminar-contra-propaganda-antecipada-de-ubaldo-fernandes\/\">Mais&#8230;<\/a><\/p>\n","protected":false},"author":5,"featured_media":0,"comment_status":"open","ping_status":"open","sticky":false,"template":"","format":"standard","meta":[],"categories":[1],"tags":[],"_links":{"self":[{"href":"https:\/\/justicapotiguar.com.br\/index.php\/wp-json\/wp\/v2\/posts\/25910"}],"collection":[{"href":"https:\/\/justicapotiguar.com.br\/index.php\/wp-json\/wp\/v2\/posts"}],"about":[{"href":"https:\/\/justicapotiguar.com.br\/index.php\/wp-json\/wp\/v2\/types\/post"}],"author":[{"embeddable":true,"href":"https:\/\/justicapotiguar.com.br\/index.php\/wp-json\/wp\/v2\/users\/5"}],"replies":[{"embeddable":true,"href":"https:\/\/justicapotiguar.com.br\/index.php\/wp-json\/wp\/v2\/comments?post=25910"}],"version-history":[{"count":1,"href":"https:\/\/justicapotiguar.com.br\/index.php\/wp-json\/wp\/v2\/posts\/25910\/revisions"}],"predecessor-version":[{"id":25912,"href":"https:\/\/justicapotiguar.com.br\/index.php\/wp-json\/wp\/v2\/posts\/25910\/revisions\/25912"}],"wp:attachment":[{"href":"https:\/\/justicapotiguar.com.br\/index.php\/wp-json\/wp\/v2\/media?parent=25910"}],"wp:term":[{"taxonomy":"category","embeddable":true,"href":"https:\/\/justicapotiguar.com.br\/index.php\/wp-json\/wp\/v2\/categories?post=25910"},{"taxonomy":"post_tag","embeddable":true,"href":"https:\/\/justicapotiguar.com.br\/index.php\/wp-json\/wp\/v2\/tags?post=25910"}],"curies":[{"name":"wp","href":"https:\/\/api.w.org\/{rel}","templated":true}]}}