{"id":25904,"date":"2022-05-04T17:05:39","date_gmt":"2022-05-04T20:05:39","guid":{"rendered":"https:\/\/justicapotiguar.com.br\/?p=25904"},"modified":"2022-05-04T17:05:39","modified_gmt":"2022-05-04T20:05:39","slug":"stf-forma-lista-triplice-para-vaga-de-ministro-do-tse","status":"publish","type":"post","link":"https:\/\/justicapotiguar.com.br\/index.php\/2022\/05\/04\/stf-forma-lista-triplice-para-vaga-de-ministro-do-tse\/","title":{"rendered":"STF forma lista tr\u00edplice para vaga de ministro do TSE"},"content":{"rendered":"\n<figure class=\"wp-block-image size-large\"><img loading=\"lazy\" width=\"880\" height=\"470\" src=\"https:\/\/justicapotiguar.com.br\/wp-content\/uploads\/2022\/05\/https__img.migalhas.com_.br__SL__gf_base__SL__empresas__SL__MIGA__SL__imagens__SL__2022__SL__05__SL__04__SL__ab3b8635-03b6-4b63-9e62-9f391388f2a8.jpg._PROC_CP65.jpg\" alt=\"\" class=\"wp-image-25905\" srcset=\"https:\/\/justicapotiguar.com.br\/wp-content\/uploads\/2022\/05\/https__img.migalhas.com_.br__SL__gf_base__SL__empresas__SL__MIGA__SL__imagens__SL__2022__SL__05__SL__04__SL__ab3b8635-03b6-4b63-9e62-9f391388f2a8.jpg._PROC_CP65.jpg 880w, https:\/\/justicapotiguar.com.br\/wp-content\/uploads\/2022\/05\/https__img.migalhas.com_.br__SL__gf_base__SL__empresas__SL__MIGA__SL__imagens__SL__2022__SL__05__SL__04__SL__ab3b8635-03b6-4b63-9e62-9f391388f2a8.jpg._PROC_CP65-300x160.jpg 300w, https:\/\/justicapotiguar.com.br\/wp-content\/uploads\/2022\/05\/https__img.migalhas.com_.br__SL__gf_base__SL__empresas__SL__MIGA__SL__imagens__SL__2022__SL__05__SL__04__SL__ab3b8635-03b6-4b63-9e62-9f391388f2a8.jpg._PROC_CP65-768x410.jpg 768w\" sizes=\"(max-width: 880px) 100vw, 880px\" \/><figcaption>Reprodu\u00e7\u00e3o<\/figcaption><\/figure>\n\n\n\n<p>O Supremo Tribunal Federal (STF) definiu hoje (4) uma lista tr\u00edplice que ser\u00e1 enviada ao presidente da Rep\u00fablica, Jair Bolsonaro, para a escolha de uma vaga de ministro substituto do Tribunal Superior Eleitoral (TSE), \u00f3rg\u00e3o do Judici\u00e1rio respons\u00e1vel pela organiza\u00e7\u00e3o das elei\u00e7\u00f5es.<img src=\"https:\/\/agenciabrasil.ebc.com.br\/ebc.png?id=1457969&amp;o=node\"><img src=\"https:\/\/agenciabrasil.ebc.com.br\/ebc.gif?id=1457969&amp;o=node\"><\/p>\n\n\n\n<p>A vaga surgiu ap\u00f3s o ministro Carlos M\u00e1rio Velloso Filho, indicado em 2019, ter renunciado ao cargo por motivos de sa\u00fade.<\/p>\n\n\n\n<p>Os advogados Andr\u00e9 Ramos Tavares, Fabr\u00edcio Juliano Mendes Medeiros e Vera L\u00facia Santana Ara\u00fajo comp\u00f5em a lista que ser\u00e1 enviada para escolha do presidente.<\/p><div class=\"hspfs69eef31147e0f\" ><!--<a href=\"https:\/\/bit.ly\/3QdrqTZ\" target=\"_blank\">\n<img src=\"https:\/\/justicapotiguar.com.br\/wp-content\/uploads\/2023\/09\/mobile-geral.gif\"\/><a\/>--><\/div><style type=\"text\/css\">\r\n.hspfs69eef31147e0f {\r\ntext-align: center;\r\n}\r\n@media screen and (min-width: 1201px) {\r\n.hspfs69eef31147e0f {\r\ndisplay: none;\r\n}\r\n}\r\n@media screen and (min-width: 993px) and (max-width: 1200px) {\r\n.hspfs69eef31147e0f {\r\ndisplay: none;\r\n}\r\n}\r\n@media screen and (min-width: 769px) and (max-width: 992px) {\r\n.hspfs69eef31147e0f {\r\ndisplay: none;\r\n}\r\n}\r\n@media screen and (min-width: 768px) and (max-width: 768px) {\r\n.hspfs69eef31147e0f {\r\ndisplay: block;\r\n}\r\n}\r\n@media screen and (max-width: 767px) {\r\n.hspfs69eef31147e0f {\r\ndisplay: block;\r\n}\r\n}\r\n<\/style>\r\n<div class=\"eqnyi69eef31147dfb\" ><!--<a href=\"https:\/\/bit.ly\/3QdrqTZ\" target=\"_blank\">\n<img src=\"https:\/\/justicapotiguar.com.br\/wp-content\/uploads\/2023\/09\/desktop-geral.gif\"\/><a\/>--><\/div><style type=\"text\/css\">\r\n.eqnyi69eef31147dfb {\r\ntext-align: center;\nmargin-bottom: 1em;\r\n}\r\n@media screen and (min-width: 1201px) {\r\n.eqnyi69eef31147dfb {\r\ndisplay: block;\r\n}\r\n}\r\n@media screen and (min-width: 993px) and (max-width: 1200px) {\r\n.eqnyi69eef31147dfb {\r\ndisplay: block;\r\n}\r\n}\r\n@media screen and (min-width: 769px) and (max-width: 992px) {\r\n.eqnyi69eef31147dfb {\r\ndisplay: block;\r\n}\r\n}\r\n@media screen and (min-width: 768px) and (max-width: 768px) {\r\n.eqnyi69eef31147dfb {\r\ndisplay: none;\r\n}\r\n}\r\n@media screen and (max-width: 767px) {\r\n.eqnyi69eef31147dfb {\r\ndisplay: none;\r\n}\r\n}\r\n<\/style>\r\n\n\n\n\n<p>O TSE \u00e9 composto por sete ministros, sendo tr\u00eas do STF, dois do Superior Tribunal de Justi\u00e7a (STJ), e dois advogados com not\u00f3rio saber jur\u00eddico, al\u00e9m de seus substitutos.<\/p>\n\n\n\n<p>De acordo com a Constitui\u00e7\u00e3o, cabe ao presidente da Rep\u00fablica nomear os dois advogados que comp\u00f5em o tribunal.<\/p>\n\n\n\n<p>Ag\u00eancia Brasil<\/p>\n","protected":false},"excerpt":{"rendered":"<p>O Supremo Tribunal Federal (STF) definiu hoje (4) uma lista tr\u00edplice que ser\u00e1 enviada ao presidente da Rep\u00fablica, Jair Bolsonaro, para a escolha de uma vaga de ministro substituto do Tribunal Superior Eleitoral (TSE), \u00f3rg\u00e3o do Judici\u00e1rio respons\u00e1vel pela organiza\u00e7\u00e3o das elei\u00e7\u00f5es. A vaga surgiu ap\u00f3s o ministro Carlos M\u00e1rio Velloso Filho, indicado em 2019,<br \/><a class=\"more-link\" href=\"https:\/\/justicapotiguar.com.br\/index.php\/2022\/05\/04\/stf-forma-lista-triplice-para-vaga-de-ministro-do-tse\/\">Mais&#8230;<\/a><\/p>\n","protected":false},"author":5,"featured_media":0,"comment_status":"open","ping_status":"open","sticky":false,"template":"","format":"standard","meta":[],"categories":[1],"tags":[],"_links":{"self":[{"href":"https:\/\/justicapotiguar.com.br\/index.php\/wp-json\/wp\/v2\/posts\/25904"}],"collection":[{"href":"https:\/\/justicapotiguar.com.br\/index.php\/wp-json\/wp\/v2\/posts"}],"about":[{"href":"https:\/\/justicapotiguar.com.br\/index.php\/wp-json\/wp\/v2\/types\/post"}],"author":[{"embeddable":true,"href":"https:\/\/justicapotiguar.com.br\/index.php\/wp-json\/wp\/v2\/users\/5"}],"replies":[{"embeddable":true,"href":"https:\/\/justicapotiguar.com.br\/index.php\/wp-json\/wp\/v2\/comments?post=25904"}],"version-history":[{"count":1,"href":"https:\/\/justicapotiguar.com.br\/index.php\/wp-json\/wp\/v2\/posts\/25904\/revisions"}],"predecessor-version":[{"id":25906,"href":"https:\/\/justicapotiguar.com.br\/index.php\/wp-json\/wp\/v2\/posts\/25904\/revisions\/25906"}],"wp:attachment":[{"href":"https:\/\/justicapotiguar.com.br\/index.php\/wp-json\/wp\/v2\/media?parent=25904"}],"wp:term":[{"taxonomy":"category","embeddable":true,"href":"https:\/\/justicapotiguar.com.br\/index.php\/wp-json\/wp\/v2\/categories?post=25904"},{"taxonomy":"post_tag","embeddable":true,"href":"https:\/\/justicapotiguar.com.br\/index.php\/wp-json\/wp\/v2\/tags?post=25904"}],"curies":[{"name":"wp","href":"https:\/\/api.w.org\/{rel}","templated":true}]}}