{"id":2589,"date":"2019-09-25T18:12:20","date_gmt":"2019-09-25T21:12:20","guid":{"rendered":"https:\/\/justicapotiguar.com.br\/?p=2589"},"modified":"2019-09-25T18:12:20","modified_gmt":"2019-09-25T21:12:20","slug":"participacao-efetiva-das-mulheres-na-politica-e-tema-de-seminario-na-ufrn","status":"publish","type":"post","link":"https:\/\/justicapotiguar.com.br\/index.php\/2019\/09\/25\/participacao-efetiva-das-mulheres-na-politica-e-tema-de-seminario-na-ufrn\/","title":{"rendered":"Participa\u00e7\u00e3o efetiva das mulheres na pol\u00edtica \u00e9 tema de semin\u00e1rio na UFRN"},"content":{"rendered":"\n<figure class=\"wp-block-image\"><img loading=\"lazy\" width=\"1024\" height=\"1024\" src=\"https:\/\/justicapotiguar.com.br\/wp-content\/uploads\/2019\/09\/IMG-20190925-WA0053-1024x1024.jpg\" alt=\"\" class=\"wp-image-2590\" srcset=\"https:\/\/justicapotiguar.com.br\/wp-content\/uploads\/2019\/09\/IMG-20190925-WA0053-1024x1024.jpg 1024w, https:\/\/justicapotiguar.com.br\/wp-content\/uploads\/2019\/09\/IMG-20190925-WA0053-150x150.jpg 150w, https:\/\/justicapotiguar.com.br\/wp-content\/uploads\/2019\/09\/IMG-20190925-WA0053-300x300.jpg 300w, https:\/\/justicapotiguar.com.br\/wp-content\/uploads\/2019\/09\/IMG-20190925-WA0053-768x768.jpg 768w, https:\/\/justicapotiguar.com.br\/wp-content\/uploads\/2019\/09\/IMG-20190925-WA0053.jpg 1280w\" sizes=\"(max-width: 1024px) 100vw, 1024px\" \/><\/figure>\n\n\n\n<p>Semin\u00e1rio promovido pelo Grupo de Pesquisa em Direito Eleitoral (GPDE) da Universidade Federal do Rio Grande do Norte (UFRN), por ocasi\u00e3o do Setembro Cidad\u00e3o, traz como tema central \u201cElei\u00e7\u00f5es 2020 &#8211; participa\u00e7\u00e3o efetiva das mulheres na pol\u00edtica\u201d. O evento gratuito acontece nesta quinta-feira (26), a partir das 18h30, no audit\u00f3rio da reitoria da UFRN, com as participa\u00e7\u00f5es de  palestrantes da casa e convidados.<\/p>\n\n\n\n<p>\u201cA participa\u00e7\u00e3o das mulheres na pol\u00edtica, as estrat\u00e9gias que visem ao aumento da representatividade feminina nos mandatos eletivos s\u00e3o temas debatidos em todo o mundo. O Brasil, infelizmente, ocupa um dos \u00faltimos  lugares no ranking mundial de efetiva presen\u00e7a feminina no parlamento. O debate em torno da igualdade de g\u00eanero passa inquestionavelmente pela participa\u00e7\u00e3o efetiva das mulheres na vida pol\u00edtica do pa\u00eds\u201d, afirmou o coordenador do GPDE\/UFRN, professor Daniel Monteiro.<\/p>\n\n\n\n<p>Al\u00e9m do professor Daniel Monteiro que vai falar sobre \u201cCompliance eleitoral e candidatura laranjas\u201d, participam do semin\u00e1rio a professora do curso de Direito da UFRN, Mariana de Siqueira, que falar\u00e1 acerca da \u201cPresen\u00e7a de mulheres negras no parlamento\u201d, os coidealizadores do Setembro Cidad\u00e3o L\u00edgia Limeira e Jarbas Bezerra que discorrer\u00e3o, respectivamente, sobre \u201cFundos p\u00fablicos e financiamento de campanhas femininas\u201d e \u201cElei\u00e7\u00f5es e cidadania democr\u00e1tica\u201d e, para fechar o evento, a professora doutora da Universidade Federal do Paran\u00e1, Eneida Desir\u00e9e Salgado que falar\u00e1 sobre \u201cTempo, teto e t\u00e1tica: para uma pol\u00edtica por\/de\/para mulheres\u201d.<\/p>\n\n\n\n<p>Palestrantes:<br>\nEneida Desir\u00e9e Salgado &#8211; mestre e doutora em Direito do Estado pela UFPR, professora de Direito Constitucional e Direito Eleitoral na UFPR, pesquisadora l\u00edder no N\u00facleo de Investiga\u00e7\u00f5es Constitucionais e coordenadora do Projeto Pol\u00edtica por\/de\/para mulheres.<\/p><div class=\"yqfib69f45143118f0\" ><!--<a href=\"https:\/\/bit.ly\/3QdrqTZ\" target=\"_blank\">\n<img src=\"https:\/\/justicapotiguar.com.br\/wp-content\/uploads\/2023\/09\/mobile-geral.gif\"\/><a\/>--><\/div><style type=\"text\/css\">\r\n.yqfib69f45143118f0 {\r\ntext-align: center;\r\n}\r\n@media screen and (min-width: 1201px) {\r\n.yqfib69f45143118f0 {\r\ndisplay: none;\r\n}\r\n}\r\n@media screen and (min-width: 993px) and (max-width: 1200px) {\r\n.yqfib69f45143118f0 {\r\ndisplay: none;\r\n}\r\n}\r\n@media screen and (min-width: 769px) and (max-width: 992px) {\r\n.yqfib69f45143118f0 {\r\ndisplay: none;\r\n}\r\n}\r\n@media screen and (min-width: 768px) and (max-width: 768px) {\r\n.yqfib69f45143118f0 {\r\ndisplay: block;\r\n}\r\n}\r\n@media screen and (max-width: 767px) {\r\n.yqfib69f45143118f0 {\r\ndisplay: block;\r\n}\r\n}\r\n<\/style>\r\n<div class=\"frxhc69f45143118dc\" ><!--<a href=\"https:\/\/bit.ly\/3QdrqTZ\" target=\"_blank\">\n<img src=\"https:\/\/justicapotiguar.com.br\/wp-content\/uploads\/2023\/09\/desktop-geral.gif\"\/><a\/>--><\/div><style type=\"text\/css\">\r\n.frxhc69f45143118dc {\r\ntext-align: center;\nmargin-bottom: 1em;\r\n}\r\n@media screen and (min-width: 1201px) {\r\n.frxhc69f45143118dc {\r\ndisplay: block;\r\n}\r\n}\r\n@media screen and (min-width: 993px) and (max-width: 1200px) {\r\n.frxhc69f45143118dc {\r\ndisplay: block;\r\n}\r\n}\r\n@media screen and (min-width: 769px) and (max-width: 992px) {\r\n.frxhc69f45143118dc {\r\ndisplay: block;\r\n}\r\n}\r\n@media screen and (min-width: 768px) and (max-width: 768px) {\r\n.frxhc69f45143118dc {\r\ndisplay: none;\r\n}\r\n}\r\n@media screen and (max-width: 767px) {\r\n.frxhc69f45143118dc {\r\ndisplay: none;\r\n}\r\n}\r\n<\/style>\r\n\n\n\n\n<p>Mariana de Siqueira &#8211; professora Adjunta do curso de Direito da UFRN, doutora em Direito P\u00fablico, advogada, coordenadora do grupo de pesquisa Direito, Estado e Feminismos (Defem) do curso de Direito da UFRN.<\/p>\n\n\n\n<p>L\u00edgia Limeira &#8211; graduada em Direito e Ci\u00eancias Cont\u00e1beis, p\u00f3s-graduada em Direito Administrativo e Gest\u00e3o P\u00fablica, servidora da Justi\u00e7a Eleitoral, professora de Direito Eleitoral, cofundadora do Programa Brasileiro de Educa\u00e7\u00e3o Cidad\u00e3 &#8211; Probec, coidealizadora do Setembro Cidad\u00e3o e coautora do  Manual Pr\u00e1tico das Elei\u00e7\u00f5es, Cidadania A-Z, A Fam\u00edlia Cidad\u00e3 e as Elei\u00e7\u00f5es, Processo Eleitoral,  Lei de Tr\u00e2nsito e Lei Maria da Penha<br>\nJarbas Bezerra &#8211;  juiz de direito, doutorando pela UFRN, cofundador do Programa Brasileiro de Educa\u00e7\u00e3o Cidad\u00e3 &#8211; Probec, coidealizador do Setembro Cidad\u00e3o e coautor do  Manual Pr\u00e1tico das Elei\u00e7\u00f5es, Cidadania A-Z, A Fam\u00edlia Cidad\u00e3 e as Elei\u00e7\u00f5es, Processo Eleitoral,  Lei de Tr\u00e2nsito e Lei Maria da Penha<br>\nDaniel Monteiro &#8211; professor adjunto III da UFRN, doutorando pela UFPR, advogado eleitoralista e professor do Instituto Novo Eleitoral<\/p>\n\n\n\n<p>Semin\u00e1rio \u201cElei\u00e7\u00f5es 2020 &#8211; participa\u00e7\u00e3o efetiva das mulheres na pol\u00edtica\u201d<br> Dia: 26\/09<br> Hora: 18h30 \u00e0s 22h<br> Local: Audit\u00f3rio da Reitoria da UFRN (campus central)<br> Inscri\u00e7\u00f5es: gratuitas na hora do evento<\/p>\n","protected":false},"excerpt":{"rendered":"<p>O evento gratuito acontece nesta quinta-feira (26), a partir das 18h30, no audit\u00f3rio da reitoria da UFRN, com as participa\u00e7\u00f5es de  palestrantes da casa e convidados.<br \/><a class=\"more-link\" href=\"https:\/\/justicapotiguar.com.br\/index.php\/2019\/09\/25\/participacao-efetiva-das-mulheres-na-politica-e-tema-de-seminario-na-ufrn\/\">Mais&#8230;<\/a><\/p>\n","protected":false},"author":5,"featured_media":2591,"comment_status":"open","ping_status":"open","sticky":false,"template":"","format":"standard","meta":[],"categories":[3],"tags":[],"_links":{"self":[{"href":"https:\/\/justicapotiguar.com.br\/index.php\/wp-json\/wp\/v2\/posts\/2589"}],"collection":[{"href":"https:\/\/justicapotiguar.com.br\/index.php\/wp-json\/wp\/v2\/posts"}],"about":[{"href":"https:\/\/justicapotiguar.com.br\/index.php\/wp-json\/wp\/v2\/types\/post"}],"author":[{"embeddable":true,"href":"https:\/\/justicapotiguar.com.br\/index.php\/wp-json\/wp\/v2\/users\/5"}],"replies":[{"embeddable":true,"href":"https:\/\/justicapotiguar.com.br\/index.php\/wp-json\/wp\/v2\/comments?post=2589"}],"version-history":[{"count":1,"href":"https:\/\/justicapotiguar.com.br\/index.php\/wp-json\/wp\/v2\/posts\/2589\/revisions"}],"predecessor-version":[{"id":2592,"href":"https:\/\/justicapotiguar.com.br\/index.php\/wp-json\/wp\/v2\/posts\/2589\/revisions\/2592"}],"wp:featuredmedia":[{"embeddable":true,"href":"https:\/\/justicapotiguar.com.br\/index.php\/wp-json\/wp\/v2\/media\/2591"}],"wp:attachment":[{"href":"https:\/\/justicapotiguar.com.br\/index.php\/wp-json\/wp\/v2\/media?parent=2589"}],"wp:term":[{"taxonomy":"category","embeddable":true,"href":"https:\/\/justicapotiguar.com.br\/index.php\/wp-json\/wp\/v2\/categories?post=2589"},{"taxonomy":"post_tag","embeddable":true,"href":"https:\/\/justicapotiguar.com.br\/index.php\/wp-json\/wp\/v2\/tags?post=2589"}],"curies":[{"name":"wp","href":"https:\/\/api.w.org\/{rel}","templated":true}]}}