{"id":2586,"date":"2019-09-25T15:59:06","date_gmt":"2019-09-25T18:59:06","guid":{"rendered":"https:\/\/justicapotiguar.com.br\/?p=2586"},"modified":"2019-09-26T09:12:47","modified_gmt":"2019-09-26T12:12:47","slug":"oab-rn-parabeniza-deputados-e-senadores-que-votaram-pela-derrubada-de-vetos-da-lei-de-abuso-de-autoridade","status":"publish","type":"post","link":"https:\/\/justicapotiguar.com.br\/index.php\/2019\/09\/25\/oab-rn-parabeniza-deputados-e-senadores-que-votaram-pela-derrubada-de-vetos-da-lei-de-abuso-de-autoridade\/","title":{"rendered":"OAB-RN parabeniza deputados e senadores que votaram pela derrubada de vetos da Lei de Abuso de Autoridade"},"content":{"rendered":"\n<figure class=\"wp-block-image\"><img loading=\"lazy\" width=\"1024\" height=\"768\" src=\"https:\/\/justicapotiguar.com.br\/wp-content\/uploads\/2019\/09\/oab-1024x768.jpg\" alt=\"\" class=\"wp-image-2587\" srcset=\"https:\/\/justicapotiguar.com.br\/wp-content\/uploads\/2019\/09\/oab-1024x768.jpg 1024w, https:\/\/justicapotiguar.com.br\/wp-content\/uploads\/2019\/09\/oab-300x225.jpg 300w, https:\/\/justicapotiguar.com.br\/wp-content\/uploads\/2019\/09\/oab-768x576.jpg 768w\" sizes=\"(max-width: 1024px) 100vw, 1024px\" \/><figcaption>Foto: Divulga\u00e7\u00e3o<\/figcaption><\/figure>\n\n\n\n<p>A sec\u00e7\u00e3o potiguar da Ordem dos Advogados Brasil (OAB\/RN) emitiu nota de congratula\u00e7\u00f5es aos parlamentares potiguares que votaram pela derrubada dos vetos do presidente Jair Bolsonaro na Lei de Abuso de Autoridade. <\/p>\n\n\n\n<p>Foram parabenizados o senador Jean Paul Prates e os deputados federais Benes Leoc\u00e1dio, Beto Rosado, F\u00e1bio Faria, Jo\u00e3o Maia, Nat\u00e1lia Bonavides e Walter Alves.<\/p>\n\n\n\n<p>Confira nota abaixo:<\/p>\n\n\n\n<p><strong>Nota de Congratula\u00e7\u00f5es a Parlamentares Federais do RN<\/strong><\/p><div class=\"cmhzp69f47861b9753\" ><!--<a href=\"https:\/\/bit.ly\/3QdrqTZ\" target=\"_blank\">\n<img src=\"https:\/\/justicapotiguar.com.br\/wp-content\/uploads\/2023\/09\/mobile-geral.gif\"\/><a\/>--><\/div><style type=\"text\/css\">\r\n.cmhzp69f47861b9753 {\r\ntext-align: center;\r\n}\r\n@media screen and (min-width: 1201px) {\r\n.cmhzp69f47861b9753 {\r\ndisplay: none;\r\n}\r\n}\r\n@media screen and (min-width: 993px) and (max-width: 1200px) {\r\n.cmhzp69f47861b9753 {\r\ndisplay: none;\r\n}\r\n}\r\n@media screen and (min-width: 769px) and (max-width: 992px) {\r\n.cmhzp69f47861b9753 {\r\ndisplay: none;\r\n}\r\n}\r\n@media screen and (min-width: 768px) and (max-width: 768px) {\r\n.cmhzp69f47861b9753 {\r\ndisplay: block;\r\n}\r\n}\r\n@media screen and (max-width: 767px) {\r\n.cmhzp69f47861b9753 {\r\ndisplay: block;\r\n}\r\n}\r\n<\/style>\r\n<div class=\"yowrx69f47861b973c\" ><!--<a href=\"https:\/\/bit.ly\/3QdrqTZ\" target=\"_blank\">\n<img src=\"https:\/\/justicapotiguar.com.br\/wp-content\/uploads\/2023\/09\/desktop-geral.gif\"\/><a\/>--><\/div><style type=\"text\/css\">\r\n.yowrx69f47861b973c {\r\ntext-align: center;\nmargin-bottom: 1em;\r\n}\r\n@media screen and (min-width: 1201px) {\r\n.yowrx69f47861b973c {\r\ndisplay: block;\r\n}\r\n}\r\n@media screen and (min-width: 993px) and (max-width: 1200px) {\r\n.yowrx69f47861b973c {\r\ndisplay: block;\r\n}\r\n}\r\n@media screen and (min-width: 769px) and (max-width: 992px) {\r\n.yowrx69f47861b973c {\r\ndisplay: block;\r\n}\r\n}\r\n@media screen and (min-width: 768px) and (max-width: 768px) {\r\n.yowrx69f47861b973c {\r\ndisplay: none;\r\n}\r\n}\r\n@media screen and (max-width: 767px) {\r\n.yowrx69f47861b973c {\r\ndisplay: none;\r\n}\r\n}\r\n<\/style>\r\n\n\n\n\n<p><em>A Ordem dos Advogados do Brasil, pela sua Seccional no Rio Grande do Norte, manifesta de p\u00fablico seu agradecimento e congratula\u00e7\u00f5es pelos votos dados pelo Senador Jean Paul Prates e pelos Deputados Federais Benes Leoc\u00e1dio, Betinho Rosado, F\u00e1bio Faria, Jo\u00e3o Maia, Nat\u00e1lia Bonavides e Walter Alves, em favor da derrubada dos vetos que prejudicavam a atividade advocat\u00edcia em todo o pa\u00eds.<\/em><\/p>\n\n\n\n<p><em>A decis\u00e3o tomada pelo Congresso Nacional, com a valiosa contribui\u00e7\u00e3o dos citados parlamentares do Rio Grande do Norte, garante as necess\u00e1rias liberdade e plenitude ao exerc\u00edcio dos advogados, atua\u00e7\u00e3o que seria ferida caso fossem mantidos os vetos inseridos pelo Poder Executivo. Por essa raz\u00e3o, a OAB\/RN se sente no dever de externar suas felicita\u00e7\u00f5es ao posicionamento adotado pelos sete congressistas potiguares em rejei\u00e7\u00e3o aos vetos.<\/em><\/p>\n\n\n\n<p><em>Ordem dos Advogados do Brasil \u2013 Seccional RN<\/em><\/p>\n","protected":false},"excerpt":{"rendered":"<p>Foram parabenizados o senador Jean Paul Prates e os deputados federais Benes Leoc\u00e1dio, Beto Rosado, F\u00e1bio Faria, Jo\u00e3o Maia, Nat\u00e1lia Bonavides e Walter Alves.<br \/><a class=\"more-link\" href=\"https:\/\/justicapotiguar.com.br\/index.php\/2019\/09\/25\/oab-rn-parabeniza-deputados-e-senadores-que-votaram-pela-derrubada-de-vetos-da-lei-de-abuso-de-autoridade\/\">Mais&#8230;<\/a><\/p>\n","protected":false},"author":5,"featured_media":2587,"comment_status":"open","ping_status":"open","sticky":false,"template":"","format":"standard","meta":[],"categories":[3],"tags":[],"_links":{"self":[{"href":"https:\/\/justicapotiguar.com.br\/index.php\/wp-json\/wp\/v2\/posts\/2586"}],"collection":[{"href":"https:\/\/justicapotiguar.com.br\/index.php\/wp-json\/wp\/v2\/posts"}],"about":[{"href":"https:\/\/justicapotiguar.com.br\/index.php\/wp-json\/wp\/v2\/types\/post"}],"author":[{"embeddable":true,"href":"https:\/\/justicapotiguar.com.br\/index.php\/wp-json\/wp\/v2\/users\/5"}],"replies":[{"embeddable":true,"href":"https:\/\/justicapotiguar.com.br\/index.php\/wp-json\/wp\/v2\/comments?post=2586"}],"version-history":[{"count":1,"href":"https:\/\/justicapotiguar.com.br\/index.php\/wp-json\/wp\/v2\/posts\/2586\/revisions"}],"predecessor-version":[{"id":2588,"href":"https:\/\/justicapotiguar.com.br\/index.php\/wp-json\/wp\/v2\/posts\/2586\/revisions\/2588"}],"wp:featuredmedia":[{"embeddable":true,"href":"https:\/\/justicapotiguar.com.br\/index.php\/wp-json\/wp\/v2\/media\/2587"}],"wp:attachment":[{"href":"https:\/\/justicapotiguar.com.br\/index.php\/wp-json\/wp\/v2\/media?parent=2586"}],"wp:term":[{"taxonomy":"category","embeddable":true,"href":"https:\/\/justicapotiguar.com.br\/index.php\/wp-json\/wp\/v2\/categories?post=2586"},{"taxonomy":"post_tag","embeddable":true,"href":"https:\/\/justicapotiguar.com.br\/index.php\/wp-json\/wp\/v2\/tags?post=2586"}],"curies":[{"name":"wp","href":"https:\/\/api.w.org\/{rel}","templated":true}]}}