{"id":25859,"date":"2022-05-03T08:26:00","date_gmt":"2022-05-03T11:26:00","guid":{"rendered":"https:\/\/justicapotiguar.com.br\/?p=25859"},"modified":"2022-05-02T22:49:14","modified_gmt":"2022-05-03T01:49:14","slug":"tre-rn-amplia-horario-de-atendimento-ao-eleitor","status":"publish","type":"post","link":"https:\/\/justicapotiguar.com.br\/index.php\/2022\/05\/03\/tre-rn-amplia-horario-de-atendimento-ao-eleitor\/","title":{"rendered":"TRE-RN amplia hor\u00e1rio de atendimento ao eleitor"},"content":{"rendered":"\n<figure class=\"wp-block-image size-large\"><img loading=\"lazy\" width=\"1024\" height=\"615\" src=\"https:\/\/justicapotiguar.com.br\/wp-content\/uploads\/2020\/03\/xTitulo-de-Eleitor.jpg.pagespeed.ic_.aP6WXsNHVt-1024x615.jpg\" alt=\"\" class=\"wp-image-6813\" srcset=\"https:\/\/justicapotiguar.com.br\/wp-content\/uploads\/2020\/03\/xTitulo-de-Eleitor.jpg.pagespeed.ic_.aP6WXsNHVt-1024x615.jpg 1024w, https:\/\/justicapotiguar.com.br\/wp-content\/uploads\/2020\/03\/xTitulo-de-Eleitor.jpg.pagespeed.ic_.aP6WXsNHVt-300x180.jpg 300w, https:\/\/justicapotiguar.com.br\/wp-content\/uploads\/2020\/03\/xTitulo-de-Eleitor.jpg.pagespeed.ic_.aP6WXsNHVt-768x461.jpg 768w, https:\/\/justicapotiguar.com.br\/wp-content\/uploads\/2020\/03\/xTitulo-de-Eleitor.jpg.pagespeed.ic_.aP6WXsNHVt.jpg 1086w\" sizes=\"(max-width: 1024px) 100vw, 1024px\" \/><figcaption>Reprodu\u00e7\u00e3o<\/figcaption><\/figure>\n\n\n\n<p>O Tribunal Regional Eleitoral do Rio Grande do Norte (TRE-RN) vai ampliar o hor\u00e1rio de atendimento dos Cart\u00f3rios Eleitorais, boxes de atendimento ao eleitor e eleitora&nbsp; e Postos de Atendimento de todo Estado nesta reta final do fechamento do cadastro eleitoral.<\/p>\n\n\n\n<p>Na ter\u00e7a-feira, 3 de maio, o atendimento presencial em todo o Estado ser\u00e1 das 8h \u00e0s 17h. E no dia 4 de maio, o hor\u00e1rio de atendimento ao eleitor ser\u00e1 das 8h \u00e0s 18h, com distribui\u00e7\u00e3o de fichas, a partir do in\u00edcio do expediente.<\/p><div class=\"hxayd69f2658246ab0\" ><!--<a href=\"https:\/\/bit.ly\/3QdrqTZ\" target=\"_blank\">\n<img src=\"https:\/\/justicapotiguar.com.br\/wp-content\/uploads\/2023\/09\/mobile-geral.gif\"\/><a\/>--><\/div><style type=\"text\/css\">\r\n.hxayd69f2658246ab0 {\r\ntext-align: center;\r\n}\r\n@media screen and (min-width: 1201px) {\r\n.hxayd69f2658246ab0 {\r\ndisplay: none;\r\n}\r\n}\r\n@media screen and (min-width: 993px) and (max-width: 1200px) {\r\n.hxayd69f2658246ab0 {\r\ndisplay: none;\r\n}\r\n}\r\n@media screen and (min-width: 769px) and (max-width: 992px) {\r\n.hxayd69f2658246ab0 {\r\ndisplay: none;\r\n}\r\n}\r\n@media screen and (min-width: 768px) and (max-width: 768px) {\r\n.hxayd69f2658246ab0 {\r\ndisplay: block;\r\n}\r\n}\r\n@media screen and (max-width: 767px) {\r\n.hxayd69f2658246ab0 {\r\ndisplay: block;\r\n}\r\n}\r\n<\/style>\r\n<div class=\"iehxg69f2658246a90\" ><!--<a href=\"https:\/\/bit.ly\/3QdrqTZ\" target=\"_blank\">\n<img src=\"https:\/\/justicapotiguar.com.br\/wp-content\/uploads\/2023\/09\/desktop-geral.gif\"\/><a\/>--><\/div><style type=\"text\/css\">\r\n.iehxg69f2658246a90 {\r\ntext-align: center;\nmargin-bottom: 1em;\r\n}\r\n@media screen and (min-width: 1201px) {\r\n.iehxg69f2658246a90 {\r\ndisplay: block;\r\n}\r\n}\r\n@media screen and (min-width: 993px) and (max-width: 1200px) {\r\n.iehxg69f2658246a90 {\r\ndisplay: block;\r\n}\r\n}\r\n@media screen and (min-width: 769px) and (max-width: 992px) {\r\n.iehxg69f2658246a90 {\r\ndisplay: block;\r\n}\r\n}\r\n@media screen and (min-width: 768px) and (max-width: 768px) {\r\n.iehxg69f2658246a90 {\r\ndisplay: none;\r\n}\r\n}\r\n@media screen and (max-width: 767px) {\r\n.iehxg69f2658246a90 {\r\ndisplay: none;\r\n}\r\n}\r\n<\/style>\r\n\n\n\n\n<p>A amplia\u00e7\u00e3o do hor\u00e1rio de atendimento acontece em raz\u00e3o &nbsp;da instabilidade&nbsp;no sistema ELO, verificada nesta segunda, 02 de maio de 2022, e da elevada demanda de atendimento presencial nos Cart\u00f3rios Eleitorais.<\/p>\n","protected":false},"excerpt":{"rendered":"<p>O Tribunal Regional Eleitoral do Rio Grande do Norte (TRE-RN) vai ampliar o hor\u00e1rio de atendimento dos Cart\u00f3rios Eleitorais, boxes de atendimento ao eleitor e eleitora&nbsp; e Postos de Atendimento de todo Estado nesta reta final do fechamento do cadastro eleitoral. Na ter\u00e7a-feira, 3 de maio, o atendimento presencial em todo o Estado ser\u00e1 das<br \/><a class=\"more-link\" href=\"https:\/\/justicapotiguar.com.br\/index.php\/2022\/05\/03\/tre-rn-amplia-horario-de-atendimento-ao-eleitor\/\">Mais&#8230;<\/a><\/p>\n","protected":false},"author":5,"featured_media":0,"comment_status":"open","ping_status":"open","sticky":false,"template":"","format":"standard","meta":[],"categories":[1],"tags":[],"_links":{"self":[{"href":"https:\/\/justicapotiguar.com.br\/index.php\/wp-json\/wp\/v2\/posts\/25859"}],"collection":[{"href":"https:\/\/justicapotiguar.com.br\/index.php\/wp-json\/wp\/v2\/posts"}],"about":[{"href":"https:\/\/justicapotiguar.com.br\/index.php\/wp-json\/wp\/v2\/types\/post"}],"author":[{"embeddable":true,"href":"https:\/\/justicapotiguar.com.br\/index.php\/wp-json\/wp\/v2\/users\/5"}],"replies":[{"embeddable":true,"href":"https:\/\/justicapotiguar.com.br\/index.php\/wp-json\/wp\/v2\/comments?post=25859"}],"version-history":[{"count":1,"href":"https:\/\/justicapotiguar.com.br\/index.php\/wp-json\/wp\/v2\/posts\/25859\/revisions"}],"predecessor-version":[{"id":25860,"href":"https:\/\/justicapotiguar.com.br\/index.php\/wp-json\/wp\/v2\/posts\/25859\/revisions\/25860"}],"wp:attachment":[{"href":"https:\/\/justicapotiguar.com.br\/index.php\/wp-json\/wp\/v2\/media?parent=25859"}],"wp:term":[{"taxonomy":"category","embeddable":true,"href":"https:\/\/justicapotiguar.com.br\/index.php\/wp-json\/wp\/v2\/categories?post=25859"},{"taxonomy":"post_tag","embeddable":true,"href":"https:\/\/justicapotiguar.com.br\/index.php\/wp-json\/wp\/v2\/tags?post=25859"}],"curies":[{"name":"wp","href":"https:\/\/api.w.org\/{rel}","templated":true}]}}