{"id":25829,"date":"2022-04-30T13:44:12","date_gmt":"2022-04-30T16:44:12","guid":{"rendered":"https:\/\/justicapotiguar.com.br\/?p=25829"},"modified":"2022-04-30T13:44:12","modified_gmt":"2022-04-30T16:44:12","slug":"projeto-de-lei-impoe-sancoes-a-advogado-que-perder-prazos-processuais","status":"publish","type":"post","link":"https:\/\/justicapotiguar.com.br\/index.php\/2022\/04\/30\/projeto-de-lei-impoe-sancoes-a-advogado-que-perder-prazos-processuais\/","title":{"rendered":"Projeto de lei imp\u00f5e san\u00e7\u00f5es a advogado que perder prazos processuais"},"content":{"rendered":"\n<p>Em an\u00e1lise na C\u00e2mara dos Deputados, o projeto de lei 646\/22 define san\u00e7\u00f5es para a perda de prazos processuais por advogados. O texto insere as medidas no CPC, que hoje j\u00e1 prev\u00ea que o juiz comunique \u00e0 OAB a perda de prazo pelo advogado para procedimento disciplinar e imposi\u00e7\u00e3o de multa.<\/p>\n\n\n\n<p><br>As san\u00e7\u00f5es v\u00e3o desde a advert\u00eancia, censura e multa at\u00e9 a suspens\u00e3o e interdi\u00e7\u00e3o do exerc\u00edcio profissional. Pela proposta, a perda de prazo poder\u00e1 levar inclusive \u00e0 exclus\u00e3o do advogado da OAB, no caso de reincid\u00eancia de suspens\u00e3o. Nesse caso, ser\u00e1 necess\u00e1ria a manifesta\u00e7\u00e3o favor\u00e1vel de 2\/3 dos membros do conselho seccional competente. No caso de multa, ela ser\u00e1 aplic\u00e1vel cumulativamente com a censura ou suspens\u00e3o, havendo circunst\u00e2ncias agravantes.<\/p>\n\n\n\n<figure class=\"wp-block-image size-large\"><img loading=\"lazy\" width=\"680\" height=\"355\" src=\"https:\/\/justicapotiguar.com.br\/wp-content\/uploads\/2019\/11\/1B2D27F08B97455F95F04A1726AF4B98EF82_adv.jpg\" alt=\"\" class=\"wp-image-4004\" srcset=\"https:\/\/justicapotiguar.com.br\/wp-content\/uploads\/2019\/11\/1B2D27F08B97455F95F04A1726AF4B98EF82_adv.jpg 680w, https:\/\/justicapotiguar.com.br\/wp-content\/uploads\/2019\/11\/1B2D27F08B97455F95F04A1726AF4B98EF82_adv-300x157.jpg 300w\" sizes=\"(max-width: 680px) 100vw, 680px\" \/><figcaption>Ilustrativa<\/figcaption><\/figure>\n\n\n\n<p>&#8220;N\u00e3o s\u00e3o raras as vezes em que o advogado perde um prazo importante e o cliente por ele representado \u00e9 surpreendido por atos judiciais, por omiss\u00e3o de comunica\u00e7\u00e3o ou por aus\u00eancia de ci\u00eancia dos riscos&#8221;, afirma o deputado Nereu Crispim, autor da proposta.<\/p>\n\n\n\n<p>Para ele, atualmente &#8220;o que se v\u00ea \u00e9 aus\u00eancia de crit\u00e9rio objetivo que discipline a prote\u00e7\u00e3o coletiva e o interesse p\u00fablico diante de neglig\u00eancia \u00e9tica do advogado ou, pior, de um advogado habitualmente negligente&#8221;.<\/p>\n\n\n\n<p>O texto deixa claro em que circunst\u00e2ncias cada uma das san\u00e7\u00f5es ser\u00e1 aplicada, prevendo por exemplo san\u00e7\u00f5es mais graves para erros reiterados que evidenciem in\u00e9pcia profissional.<\/p><div class=\"lwhwc69f2658295edb\" ><!--<a href=\"https:\/\/bit.ly\/3QdrqTZ\" target=\"_blank\">\n<img src=\"https:\/\/justicapotiguar.com.br\/wp-content\/uploads\/2023\/09\/mobile-geral.gif\"\/><a\/>--><\/div><style type=\"text\/css\">\r\n.lwhwc69f2658295edb {\r\ntext-align: center;\r\n}\r\n@media screen and (min-width: 1201px) {\r\n.lwhwc69f2658295edb {\r\ndisplay: none;\r\n}\r\n}\r\n@media screen and (min-width: 993px) and (max-width: 1200px) {\r\n.lwhwc69f2658295edb {\r\ndisplay: none;\r\n}\r\n}\r\n@media screen and (min-width: 769px) and (max-width: 992px) {\r\n.lwhwc69f2658295edb {\r\ndisplay: none;\r\n}\r\n}\r\n@media screen and (min-width: 768px) and (max-width: 768px) {\r\n.lwhwc69f2658295edb {\r\ndisplay: block;\r\n}\r\n}\r\n@media screen and (max-width: 767px) {\r\n.lwhwc69f2658295edb {\r\ndisplay: block;\r\n}\r\n}\r\n<\/style>\r\n<div class=\"dtmtu69f2658295ebb\" ><!--<a href=\"https:\/\/bit.ly\/3QdrqTZ\" target=\"_blank\">\n<img src=\"https:\/\/justicapotiguar.com.br\/wp-content\/uploads\/2023\/09\/desktop-geral.gif\"\/><a\/>--><\/div><style type=\"text\/css\">\r\n.dtmtu69f2658295ebb {\r\ntext-align: center;\nmargin-bottom: 1em;\r\n}\r\n@media screen and (min-width: 1201px) {\r\n.dtmtu69f2658295ebb {\r\ndisplay: block;\r\n}\r\n}\r\n@media screen and (min-width: 993px) and (max-width: 1200px) {\r\n.dtmtu69f2658295ebb {\r\ndisplay: block;\r\n}\r\n}\r\n@media screen and (min-width: 769px) and (max-width: 992px) {\r\n.dtmtu69f2658295ebb {\r\ndisplay: block;\r\n}\r\n}\r\n@media screen and (min-width: 768px) and (max-width: 768px) {\r\n.dtmtu69f2658295ebb {\r\ndisplay: none;\r\n}\r\n}\r\n@media screen and (max-width: 767px) {\r\n.dtmtu69f2658295ebb {\r\ndisplay: none;\r\n}\r\n}\r\n<\/style>\r\n\n\n\n\n<p>O projeto mant\u00e9m a previs\u00e3o de que o juiz, de of\u00edcio ou a requerimento da parte prejudicada, represente contra o advogado que negligenciar o cumprimento de ato sujeito a prazo e estabelece que, ap\u00f3s a comunica\u00e7\u00e3o \u00e0 OAB, a entidade dever\u00e1 concluir o procedimento de san\u00e7\u00e3o em prazo m\u00e1ximo de 30 dias, garantido o contradit\u00f3rio e a ampla defesa.<\/p>\n\n\n\n<p>A proposi\u00e7\u00e3o ser\u00e1 analisada em car\u00e1ter conclusivo pela Comiss\u00e3o de Constitui\u00e7\u00e3o e Justi\u00e7a e de Cidadania.<\/p>\n\n\n\n<p>Informa\u00e7\u00f5es: C\u00e2mara dos Deputados.<\/p>\n\n\n\n<p><\/p>\n","protected":false},"excerpt":{"rendered":"<p>Em an\u00e1lise na C\u00e2mara dos Deputados, o projeto de lei 646\/22 define san\u00e7\u00f5es para a perda de prazos processuais por advogados. O texto insere as medidas no CPC, que hoje j\u00e1 prev\u00ea que o juiz comunique \u00e0 OAB a perda de prazo pelo advogado para procedimento disciplinar e imposi\u00e7\u00e3o de multa. As san\u00e7\u00f5es v\u00e3o desde<br \/><a class=\"more-link\" href=\"https:\/\/justicapotiguar.com.br\/index.php\/2022\/04\/30\/projeto-de-lei-impoe-sancoes-a-advogado-que-perder-prazos-processuais\/\">Mais&#8230;<\/a><\/p>\n","protected":false},"author":5,"featured_media":0,"comment_status":"open","ping_status":"open","sticky":false,"template":"","format":"standard","meta":[],"categories":[1],"tags":[],"_links":{"self":[{"href":"https:\/\/justicapotiguar.com.br\/index.php\/wp-json\/wp\/v2\/posts\/25829"}],"collection":[{"href":"https:\/\/justicapotiguar.com.br\/index.php\/wp-json\/wp\/v2\/posts"}],"about":[{"href":"https:\/\/justicapotiguar.com.br\/index.php\/wp-json\/wp\/v2\/types\/post"}],"author":[{"embeddable":true,"href":"https:\/\/justicapotiguar.com.br\/index.php\/wp-json\/wp\/v2\/users\/5"}],"replies":[{"embeddable":true,"href":"https:\/\/justicapotiguar.com.br\/index.php\/wp-json\/wp\/v2\/comments?post=25829"}],"version-history":[{"count":1,"href":"https:\/\/justicapotiguar.com.br\/index.php\/wp-json\/wp\/v2\/posts\/25829\/revisions"}],"predecessor-version":[{"id":25830,"href":"https:\/\/justicapotiguar.com.br\/index.php\/wp-json\/wp\/v2\/posts\/25829\/revisions\/25830"}],"wp:attachment":[{"href":"https:\/\/justicapotiguar.com.br\/index.php\/wp-json\/wp\/v2\/media?parent=25829"}],"wp:term":[{"taxonomy":"category","embeddable":true,"href":"https:\/\/justicapotiguar.com.br\/index.php\/wp-json\/wp\/v2\/categories?post=25829"},{"taxonomy":"post_tag","embeddable":true,"href":"https:\/\/justicapotiguar.com.br\/index.php\/wp-json\/wp\/v2\/tags?post=25829"}],"curies":[{"name":"wp","href":"https:\/\/api.w.org\/{rel}","templated":true}]}}